{"id":24348,"date":"2023-06-30T11:15:06","date_gmt":"2023-06-30T09:15:06","guid":{"rendered":"https:\/\/comt.cat\/?p=24348"},"modified":"2023-07-03T11:52:49","modified_gmt":"2023-07-03T09:52:49","slug":"patlegs-vstra-gtaland-sucia","status":"publish","type":"post","link":"https:\/\/comt.cat\/es\/patlegs-vstra-gtaland-sucia\/","title":{"rendered":"Pat&ograve;legs (V&auml;stra G&ouml;taland, Su&egrave;cia)"},"content":{"rendered":"\n    \n\t<section class=\"section\" id=\"section_861409705\">\n\t\t<div class=\"section-bg fill\" >\n\t\t\t\t\t\t\t\t\t\n\t\t\t\n\n\t\t<\/div>\n\n\t\t\n\n\t\t<div class=\"section-content relative\">\n\t\t\t\n\n    <div class=\"row\"  id=\"row-1843510897\">\n\n    \n\t<div id=\"col-346631507\" class=\"col small-12 large-12\"  >\n\t\t\t\t<div class=\"col-inner\"  >\n\t\t\t\n\t\t\t\n\n    <div class=\"row align-center\"  id=\"row-1869670712\">\n\n    \n\t<div id=\"col-873135304\" class=\"col medium-9 small-12 large-9\"  >\n\t\t\t\t<div class=\"col-inner\"  >\n\t\t\t\n\t\t\t\n\n    <div class=\"container section-title-container\" style=\"margin-bottom:2px;\"><h4 class=\"section-title section-title-normal\"><b aria-hidden=\"true\"><\/b><span class=\"section-title-main\" style=\"font-size:82%;color:rgb(80, 180, 239);\">Entitat \/ Prove\u00efdor \/ Empresa - Entidad \/ Proveedor \/ Empresa<\/span><b aria-hidden=\"true\"><\/b><\/h4><\/div>\n\n            <p>MediCarrera<\/p>\n            <div class=\"container section-title-container\" style=\"margin-bottom:2px;\"><h4 class=\"section-title section-title-normal\"><b aria-hidden=\"true\"><\/b><span class=\"section-title-main\" style=\"font-size:82%;color:rgb(80, 180, 239);\">CIF<\/span><b aria-hidden=\"true\"><\/b><\/h4><\/div>\n\n            <p>B63117659<\/p>\n            <div class=\"container section-title-container\" style=\"margin-bottom:2px;\"><h4 class=\"section-title section-title-normal\"><b aria-hidden=\"true\"><\/b><span class=\"section-title-main\" style=\"font-size:82%;color:rgb(80, 180, 239);\">Persona responsable de l'oferta - Persona responsable de la oferta<\/span><b aria-hidden=\"true\"><\/b><\/h4><\/div>\n\n            <p>Maria Paula Buireo<\/p>\n            <div class=\"container section-title-container\" style=\"margin-bottom:2px;\"><h4 class=\"section-title section-title-normal\"><b aria-hidden=\"true\"><\/b><span class=\"section-title-main\" style=\"font-size:82%;color:rgb(80, 180, 239);\">Email<\/span><b aria-hidden=\"true\"><\/b><\/h4><\/div>\n\n            <p>info@medicarrera.com <\/p>\n            <div class=\"container section-title-container\" style=\"margin-bottom:2px;\"><h4 class=\"section-title section-title-normal\"><b aria-hidden=\"true\"><\/b><span class=\"section-title-main\" style=\"font-size:82%;color:rgb(80, 180, 239);\">Tel\u00e8fon de contacte - Tel\u00e9fono de contacto<\/span><b aria-hidden=\"true\"><\/b><\/h4><\/div>\n\n            <p>+34933173715<\/p>\n            <div class=\"container section-title-container\" style=\"margin-bottom:2px;\"><h4 class=\"section-title section-title-normal\"><b aria-hidden=\"true\"><\/b><span class=\"section-title-main\" style=\"font-size:82%;color:rgb(80, 180, 239);\">Especialitat - Especialidad<\/span><b aria-hidden=\"true\"><\/b><\/h4><\/div>\n\n            <p>Pat&ograve;legs<\/p>\n            <div class=\"container section-title-container\" style=\"margin-bottom:2px;\"><h4 class=\"section-title section-title-normal\"><b aria-hidden=\"true\"><\/b><span class=\"section-title-main\" style=\"font-size:82%;color:rgb(80, 180, 239);\">\u00c0mbit geogr\u00e0fic - \u00c1mbito geogr\u00e1fico<\/span><b aria-hidden=\"true\"><\/b><\/h4><\/div>\n\n            <p>V&auml;stra G&ouml;taland, Su&egrave;cia<\/p>\n            <div class=\"container section-title-container\" style=\"margin-bottom:2px;\"><h4 class=\"section-title section-title-normal\"><b aria-hidden=\"true\"><\/b><span class=\"section-title-main\" style=\"font-size:82%;color:rgb(80, 180, 239);\">Funcions - Funciones<\/span><b aria-hidden=\"true\"><\/b><\/h4><\/div>\n\n            <p>La regi&oacute;\r<br>La regi&oacute; es troba ubicada al sud-oest de Su&egrave;cia, caracteritzada pels seus bells paisatges.\r<br>Treballar&agrave;s en un reconegut hospital universitari\r<br>\r<br>Principals responsabilitats\r<br>L&acute;equip est&agrave; format per 5 especialistes m&egrave;dics, 2 residents i un cap de secci&oacute;.\r<br>Oportunitat de combinar els coneixements amb un enfocament especialitzat, amb grans oportunitats de desenvolupament.\r<br>Lobjectiu de la cl&iacute;nica &eacute;s millorar el nivell dels diagn&ograve;stics.\r<br><\/p>\n            <div class=\"container section-title-container\" style=\"margin-bottom:2px;\"><h4 class=\"section-title section-title-normal\"><b aria-hidden=\"true\"><\/b><span class=\"section-title-main\" style=\"font-size:82%;color:rgb(80, 180, 239);\">Requisits - Requisitos<\/span><b aria-hidden=\"true\"><\/b><\/h4><\/div>\n\n            <p>Tenir t&iacute;tol de metge i especialista en patologia expedits o reconeguts per la Uni&oacute; Europea.\r<br>Ser capa&ccedil; de completar el curs intensiu d&acute;idioma suec que forma part del programa MediCarrera.<\/p>\n            <div class=\"container section-title-container\" style=\"margin-bottom:2px;\"><h4 class=\"section-title section-title-normal\"><b aria-hidden=\"true\"><\/b><span class=\"section-title-main\" style=\"font-size:82%;color:rgb(80, 180, 239);\">Condicions - Condiciones<\/span><b aria-hidden=\"true\"><\/b><\/h4><\/div>\n\n            <p>Salari i condicions\r<br>Finalitzar&agrave;s el curs d&#039;idioma a Su&egrave;cia, combinant-ho amb la feina, amb un salari de 3900 EUR mensuals.\r<br>Un cop obtingut el C1, el salari ser&agrave; de 6200 EUR mensuals.\r<br>Despr&eacute;s, el salari es negocia individualment segons lexperi&egrave;ncia.\r<br>Formaci&oacute; continuada dins lhorari laboral.\r<br>\r<br>S&#039;ofereix\r<br>-Visita a Su&egrave;cia&nbsp;despr&eacute;s de la primera entrevista, per con&egrave;ixer la ciutat i el lloc de treball.\r<br>-Contracte indefinit.\r<br>-Curs gratu&iuml;t intensiu d&#039;idioma suec per a tota la fam&iacute;lia, on-line i al nostre centre de formaci&oacute; a Calafell, Tarragona.\r<br>-Beca de 1000 euros mensuals durant el curs intensiu d&#039;idioma per cobrir les despeses del dia a dia i l&#039;apartament gratu&iuml;t durant el curs.\r<br>-Assist&egrave;ncia per trobar departament, escola i guarderia.\r<br>-Organitzaci&oacute; de la mudan&ccedil;a a Su&egrave;cia.\r<br>\r<br>V&iacute;deo sobre tot el proc&eacute;s:&nbsp;https:\/\/medicarrera.com\/process\/\r<br>Dades de contacte:\r<br>Enviar CV a:\r<br> info@medicarrera.com\r<br>www.medicarrera.com\r<br>+34933173715<\/p>\n            \t\t<\/div>\n\t\t\t\t\t<\/div>\n\n\t\n\n    \n<style>\n#row-1869670712 > .col > .col-inner {\n  padding: 38px 38px 19px 38px;\n  background-color: rgb(247, 247, 247);\n}\n<\/style>\n<\/div>\n\n    \t\t<\/div>\n\t\t\t\t\t<\/div>\n\n\t\n\n    <\/div>\n\n    \t\t<\/div>\n\n\t\t\n<style>\n#section_861409705 {\n  padding-top: 30px;\n  padding-bottom: 30px;\n}\n<\/style>\n\t<\/section>\n\t\n    ","protected":false},"excerpt":{"rendered":"<p>La regi&oacute;<br \/>\nLa regi&oacute; es troba ubicada al sud-oest de Su&egrave;cia, caracteritzada pels seus bells paisatges.<br \/>\nTreballar&agrave;s en un reconegut hospital universitari<\/p>\n<p>Principals responsabilitats<br \/>\nL&acute;equip est&agrave; format per 5 especialistes m&egrave;dics, 2 residents i un cap de secci&oacute;.<br \/>\nOportunitat de combinar els coneixements amb un enfocament especialitzat, amb grans oportunitats de desenvolupament.<br \/>\nLobjectiu de la cl&iacute;nica &eacute;s millorar el nivell dels diagn&ograve;stics.<\/p>\n","protected":false},"author":1,"featured_media":0,"comment_status":"closed","ping_status":"closed","sticky":false,"template":"","format":"standard","meta":{"footnotes":""},"categories":[10,571],"tags":[],"class_list":["post-24348","post","type-post","status-publish","format-standard","hentry","category-borsa-de-treball","category-internacional"],"yoast_head":"<!-- This site is optimized with the Yoast SEO plugin v27.4 - https:\/\/yoast.com\/product\/yoast-seo-wordpress\/ -->\n<title>Pat&ograve;legs (V&auml;stra G&ouml;taland, Su&egrave;cia) - COMT<\/title>\n<meta name=\"robots\" content=\"index, follow, max-snippet:-1, max-image-preview:large, max-video-preview:-1\" \/>\n<link rel=\"canonical\" href=\"https:\/\/comt.cat\/patlegs-vstra-gtaland-sucia\/\" \/>\n<meta property=\"og:locale\" content=\"es_ES\" \/>\n<meta property=\"og:type\" content=\"article\" \/>\n<meta property=\"og:title\" content=\"Pat&ograve;legs (V&auml;stra G&ouml;taland, Su&egrave;cia) - COMT\" \/>\n<meta property=\"og:description\" content=\"La regi&oacute; La regi&oacute; es troba ubicada al sud-oest de Su&egrave;cia, caracteritzada pels seus bells paisatges. Treballar&agrave;s en un reconegut hospital universitari  Principals responsabilitats L&acute;equip est&agrave; format per 5 especialistes m&egrave;dics, 2 residents i un cap de secci&oacute;. Oportunitat de combinar els coneixements amb un enfocament especialitzat, amb grans oportunitats de desenvolupament. Lobjectiu de la cl&iacute;nica &eacute;s millorar el nivell dels diagn&ograve;stics.\" \/>\n<meta property=\"og:url\" content=\"https:\/\/comt.cat\/patlegs-vstra-gtaland-sucia\/\" \/>\n<meta property=\"og:site_name\" content=\"COMT\" \/>\n<meta property=\"article:published_time\" content=\"2023-06-30T09:15:06+00:00\" \/>\n<meta property=\"article:modified_time\" content=\"2023-07-03T09:52:49+00:00\" \/>\n<meta name=\"author\" content=\"comt\" \/>\n<meta name=\"twitter:card\" content=\"summary_large_image\" \/>\n<meta name=\"twitter:label1\" content=\"Escrito por\" \/>\n\t<meta name=\"twitter:data1\" content=\"comt\" \/>\n\t<meta name=\"twitter:label2\" content=\"Tiempo de lectura\" \/>\n\t<meta name=\"twitter:data2\" content=\"3 minutos\" \/>\n<script type=\"application\/ld+json\" class=\"yoast-schema-graph\">{\"@context\":\"https:\\\/\\\/schema.org\",\"@graph\":[{\"@type\":\"Article\",\"@id\":\"https:\\\/\\\/comt.cat\\\/patlegs-vstra-gtaland-sucia\\\/#article\",\"isPartOf\":{\"@id\":\"https:\\\/\\\/comt.cat\\\/patlegs-vstra-gtaland-sucia\\\/\"},\"author\":{\"name\":\"comt\",\"@id\":\"https:\\\/\\\/comt.cat\\\/#\\\/schema\\\/person\\\/e9c884d9eb13a1fd7c15c3899c93dbee\"},\"headline\":\"Pat&ograve;legs (V&auml;stra G&ouml;taland, Su&egrave;cia)\",\"datePublished\":\"2023-06-30T09:15:06+00:00\",\"dateModified\":\"2023-07-03T09:52:49+00:00\",\"mainEntityOfPage\":{\"@id\":\"https:\\\/\\\/comt.cat\\\/patlegs-vstra-gtaland-sucia\\\/\"},\"wordCount\":515,\"articleSection\":[\"Borsa de treball\",\"Internacional\"],\"inLanguage\":\"es\"},{\"@type\":\"WebPage\",\"@id\":\"https:\\\/\\\/comt.cat\\\/patlegs-vstra-gtaland-sucia\\\/\",\"url\":\"https:\\\/\\\/comt.cat\\\/patlegs-vstra-gtaland-sucia\\\/\",\"name\":\"Pat&ograve;legs (V&auml;stra G&ouml;taland, Su&egrave;cia) - COMT\",\"isPartOf\":{\"@id\":\"https:\\\/\\\/comt.cat\\\/#website\"},\"datePublished\":\"2023-06-30T09:15:06+00:00\",\"dateModified\":\"2023-07-03T09:52:49+00:00\",\"author\":{\"@id\":\"https:\\\/\\\/comt.cat\\\/#\\\/schema\\\/person\\\/e9c884d9eb13a1fd7c15c3899c93dbee\"},\"breadcrumb\":{\"@id\":\"https:\\\/\\\/comt.cat\\\/patlegs-vstra-gtaland-sucia\\\/#breadcrumb\"},\"inLanguage\":\"es\",\"potentialAction\":[{\"@type\":\"ReadAction\",\"target\":[\"https:\\\/\\\/comt.cat\\\/patlegs-vstra-gtaland-sucia\\\/\"]}]},{\"@type\":\"BreadcrumbList\",\"@id\":\"https:\\\/\\\/comt.cat\\\/patlegs-vstra-gtaland-sucia\\\/#breadcrumb\",\"itemListElement\":[{\"@type\":\"ListItem\",\"position\":1,\"name\":\"Home\",\"item\":\"https:\\\/\\\/comt.cat\\\/es\\\/\"},{\"@type\":\"ListItem\",\"position\":2,\"name\":\"Pat&ograve;legs (V&auml;stra G&ouml;taland, Su&egrave;cia)\"}]},{\"@type\":\"WebSite\",\"@id\":\"https:\\\/\\\/comt.cat\\\/#website\",\"url\":\"https:\\\/\\\/comt.cat\\\/\",\"name\":\"COMT\",\"description\":\"Col\u00b7legi de Metges de Tarragona\",\"potentialAction\":[{\"@type\":\"SearchAction\",\"target\":{\"@type\":\"EntryPoint\",\"urlTemplate\":\"https:\\\/\\\/comt.cat\\\/?s={search_term_string}\"},\"query-input\":{\"@type\":\"PropertyValueSpecification\",\"valueRequired\":true,\"valueName\":\"search_term_string\"}}],\"inLanguage\":\"es\"},{\"@type\":\"Person\",\"@id\":\"https:\\\/\\\/comt.cat\\\/#\\\/schema\\\/person\\\/e9c884d9eb13a1fd7c15c3899c93dbee\",\"name\":\"comt\",\"image\":{\"@type\":\"ImageObject\",\"inLanguage\":\"es\",\"@id\":\"https:\\\/\\\/secure.gravatar.com\\\/avatar\\\/4973b6e675aecb45ab4d3cc8daea28d3f2f37d475c99290bc0b7e7fcc73af7be?s=96&d=mm&r=g\",\"url\":\"https:\\\/\\\/secure.gravatar.com\\\/avatar\\\/4973b6e675aecb45ab4d3cc8daea28d3f2f37d475c99290bc0b7e7fcc73af7be?s=96&d=mm&r=g\",\"contentUrl\":\"https:\\\/\\\/secure.gravatar.com\\\/avatar\\\/4973b6e675aecb45ab4d3cc8daea28d3f2f37d475c99290bc0b7e7fcc73af7be?s=96&d=mm&r=g\",\"caption\":\"comt\"},\"url\":\"https:\\\/\\\/comt.cat\\\/es\\\/author\\\/comt\\\/\"}]}<\/script>\n<!-- \/ Yoast SEO plugin. -->","yoast_head_json":{"title":"Pat&ograve;legs (V&auml;stra G&ouml;taland, Su&egrave;cia) - COMT","robots":{"index":"index","follow":"follow","max-snippet":"max-snippet:-1","max-image-preview":"max-image-preview:large","max-video-preview":"max-video-preview:-1"},"canonical":"https:\/\/comt.cat\/patlegs-vstra-gtaland-sucia\/","og_locale":"es_ES","og_type":"article","og_title":"Pat&ograve;legs (V&auml;stra G&ouml;taland, Su&egrave;cia) - COMT","og_description":"La regi&oacute; La regi&oacute; es troba ubicada al sud-oest de Su&egrave;cia, caracteritzada pels seus bells paisatges. Treballar&agrave;s en un reconegut hospital universitari  Principals responsabilitats L&acute;equip est&agrave; format per 5 especialistes m&egrave;dics, 2 residents i un cap de secci&oacute;. Oportunitat de combinar els coneixements amb un enfocament especialitzat, amb grans oportunitats de desenvolupament. Lobjectiu de la cl&iacute;nica &eacute;s millorar el nivell dels diagn&ograve;stics.","og_url":"https:\/\/comt.cat\/patlegs-vstra-gtaland-sucia\/","og_site_name":"COMT","article_published_time":"2023-06-30T09:15:06+00:00","article_modified_time":"2023-07-03T09:52:49+00:00","author":"comt","twitter_card":"summary_large_image","twitter_misc":{"Escrito por":"comt","Tiempo de lectura":"3 minutos"},"schema":{"@context":"https:\/\/schema.org","@graph":[{"@type":"Article","@id":"https:\/\/comt.cat\/patlegs-vstra-gtaland-sucia\/#article","isPartOf":{"@id":"https:\/\/comt.cat\/patlegs-vstra-gtaland-sucia\/"},"author":{"name":"comt","@id":"https:\/\/comt.cat\/#\/schema\/person\/e9c884d9eb13a1fd7c15c3899c93dbee"},"headline":"Pat&ograve;legs (V&auml;stra G&ouml;taland, Su&egrave;cia)","datePublished":"2023-06-30T09:15:06+00:00","dateModified":"2023-07-03T09:52:49+00:00","mainEntityOfPage":{"@id":"https:\/\/comt.cat\/patlegs-vstra-gtaland-sucia\/"},"wordCount":515,"articleSection":["Borsa de treball","Internacional"],"inLanguage":"es"},{"@type":"WebPage","@id":"https:\/\/comt.cat\/patlegs-vstra-gtaland-sucia\/","url":"https:\/\/comt.cat\/patlegs-vstra-gtaland-sucia\/","name":"Pat&ograve;legs (V&auml;stra G&ouml;taland, Su&egrave;cia) - COMT","isPartOf":{"@id":"https:\/\/comt.cat\/#website"},"datePublished":"2023-06-30T09:15:06+00:00","dateModified":"2023-07-03T09:52:49+00:00","author":{"@id":"https:\/\/comt.cat\/#\/schema\/person\/e9c884d9eb13a1fd7c15c3899c93dbee"},"breadcrumb":{"@id":"https:\/\/comt.cat\/patlegs-vstra-gtaland-sucia\/#breadcrumb"},"inLanguage":"es","potentialAction":[{"@type":"ReadAction","target":["https:\/\/comt.cat\/patlegs-vstra-gtaland-sucia\/"]}]},{"@type":"BreadcrumbList","@id":"https:\/\/comt.cat\/patlegs-vstra-gtaland-sucia\/#breadcrumb","itemListElement":[{"@type":"ListItem","position":1,"name":"Home","item":"https:\/\/comt.cat\/es\/"},{"@type":"ListItem","position":2,"name":"Pat&ograve;legs (V&auml;stra G&ouml;taland, Su&egrave;cia)"}]},{"@type":"WebSite","@id":"https:\/\/comt.cat\/#website","url":"https:\/\/comt.cat\/","name":"COMT","description":"Col\u00b7legi de Metges de Tarragona","potentialAction":[{"@type":"SearchAction","target":{"@type":"EntryPoint","urlTemplate":"https:\/\/comt.cat\/?s={search_term_string}"},"query-input":{"@type":"PropertyValueSpecification","valueRequired":true,"valueName":"search_term_string"}}],"inLanguage":"es"},{"@type":"Person","@id":"https:\/\/comt.cat\/#\/schema\/person\/e9c884d9eb13a1fd7c15c3899c93dbee","name":"comt","image":{"@type":"ImageObject","inLanguage":"es","@id":"https:\/\/secure.gravatar.com\/avatar\/4973b6e675aecb45ab4d3cc8daea28d3f2f37d475c99290bc0b7e7fcc73af7be?s=96&d=mm&r=g","url":"https:\/\/secure.gravatar.com\/avatar\/4973b6e675aecb45ab4d3cc8daea28d3f2f37d475c99290bc0b7e7fcc73af7be?s=96&d=mm&r=g","contentUrl":"https:\/\/secure.gravatar.com\/avatar\/4973b6e675aecb45ab4d3cc8daea28d3f2f37d475c99290bc0b7e7fcc73af7be?s=96&d=mm&r=g","caption":"comt"},"url":"https:\/\/comt.cat\/es\/author\/comt\/"}]}},"_links":{"self":[{"href":"https:\/\/comt.cat\/es\/wp-json\/wp\/v2\/posts\/24348","targetHints":{"allow":["GET"]}}],"collection":[{"href":"https:\/\/comt.cat\/es\/wp-json\/wp\/v2\/posts"}],"about":[{"href":"https:\/\/comt.cat\/es\/wp-json\/wp\/v2\/types\/post"}],"author":[{"embeddable":true,"href":"https:\/\/comt.cat\/es\/wp-json\/wp\/v2\/users\/1"}],"replies":[{"embeddable":true,"href":"https:\/\/comt.cat\/es\/wp-json\/wp\/v2\/comments?post=24348"}],"version-history":[{"count":1,"href":"https:\/\/comt.cat\/es\/wp-json\/wp\/v2\/posts\/24348\/revisions"}],"predecessor-version":[{"id":24362,"href":"https:\/\/comt.cat\/es\/wp-json\/wp\/v2\/posts\/24348\/revisions\/24362"}],"wp:attachment":[{"href":"https:\/\/comt.cat\/es\/wp-json\/wp\/v2\/media?parent=24348"}],"wp:term":[{"taxonomy":"category","embeddable":true,"href":"https:\/\/comt.cat\/es\/wp-json\/wp\/v2\/categories?post=24348"},{"taxonomy":"post_tag","embeddable":true,"href":"https:\/\/comt.cat\/es\/wp-json\/wp\/v2\/tags?post=24348"}],"curies":[{"name":"wp","href":"https:\/\/api.w.org\/{rel}","templated":true}]}}