{"id":419,"date":"2011-02-09T17:43:14","date_gmt":"2011-02-09T17:43:14","guid":{"rendered":"http:\/\/comt.local\/sense-categoria\/bajas-de-colegiacion\/"},"modified":"2011-02-09T17:43:14","modified_gmt":"2011-02-09T17:43:14","slug":"bajas-de-colegiacion","status":"publish","type":"post","link":"https:\/\/comt.cat\/es\/bajas-de-colegiacion\/","title":{"rendered":"Bajas de colegiaci\u00f3n"},"content":{"rendered":"<h5><i class=\"fa fa-arrow-right\"><\/i> Si quiere realizar el tr\u00e1mite de baja online <a href=\"http:\/\/ecomt.ccmc.cat\/baixa\/home.htm\">clique aqu\u00ed <i class=\"fa fa-external-link\"><\/i><\/a>.<\/h5>\n<p>La baja se podr\u00e1 solicitar voluntariamente a la Junta de Gobierno por el cese de la actividad m\u00e9dica. Para darse de baja, ser\u00e1 requerimiento necesario el retorno (personalmente o por correo postal) de los documentos siguientes: <\/p>\n<ol>\n<li>Talonario de estupefacientes que el m\u00e9dico pudiera tener en ese momento. <\/li>\n<li>Carnet colegial. <\/li>\n<\/ol>\n<p>Este tr\u00e1mite tambi\u00e9n se puede hacer directamente en las delegaciones del COMT.<\/p>\n<\/p>\n<p><\/p>\n<h4>Documento para la Solicitud de Baja de Colegiaci\u00f3n <\/h4>\n<p>Recuerde que debe llenar debidamente todos los datos. <\/p>\n<p><a href=\"\/wp-content\/uploads\/joomla_images\/stories\/Doc_Baixa_Col.doc\">Formato DOC<\/a> \/ <a href=\"\/wp-content\/uploads\/joomla_images\/stories\/Doc_Baixa_Col.pdf\">formato PDF<\/a><\/p>\n<p>\u00a0<\/p>\n","protected":false},"excerpt":{"rendered":"<h5><i class=\"fa fa-arrow-right\"><\/i> Si quiere realizar el tr\u00e1mite de baja online <a href=\"http:\/\/ecomt.ccmc.cat\/baixa\/home.htm\">clique aqu\u00ed <i class=\"fa fa-external-link\"><\/i><\/a>.<\/h5>\n<p>La baja se podr\u00e1 solicitar voluntariamente a la Junta de Gobierno por el cese de la actividad m\u00e9dica. Para darse de baja, ser\u00e1 requerimiento necesario el retorno (personalmente o por correo postal) de los documentos siguientes: <\/p>\n<ol>\n<li>Talonario de estupefacientes que el m\u00e9dico pudiera tener en ese momento. <\/li>\n<li>Carnet colegial. <\/li>\n<\/ol>\n<p>Este tr\u00e1mite tambi\u00e9n se puede hacer directamente en las delegaciones del COMT.<\/p>\n<\/p>\n<p><\/p>\n<h4>Documento para la Solicitud de Baja de Colegiaci\u00f3n <\/h4>\n<p>Recuerde que debe llenar debidamente todos los datos. <\/p>\n<p><a href=\"\/wp-content\/uploads\/joomla_images\/stories\/Doc_Baixa_Col.doc\">Formato DOC<\/a> \/ <a href=\"\/wp-content\/uploads\/joomla_images\/stories\/Doc_Baixa_Col.pdf\">formato PDF<\/a><\/p>\n<p>\u00a0<\/p>\n","protected":false},"author":1,"featured_media":0,"comment_status":"open","ping_status":"open","sticky":false,"template":"","format":"standard","meta":{"footnotes":""},"categories":[222],"tags":[],"class_list":["post-419","post","type-post","status-publish","format-standard","hentry","category-bajas-de-colegiacion"],"yoast_head":"<!-- This site is optimized with the Yoast SEO plugin v27.5 - https:\/\/yoast.com\/product\/yoast-seo-wordpress\/ -->\n<title>Bajas de colegiaci\u00f3n - COMT<\/title>\n<meta name=\"robots\" content=\"index, follow, max-snippet:-1, max-image-preview:large, max-video-preview:-1\" \/>\n<link rel=\"canonical\" href=\"https:\/\/comt.cat\/es\/bajas-de-colegiacion\/\" \/>\n<meta property=\"og:locale\" content=\"es_ES\" \/>\n<meta property=\"og:type\" content=\"article\" \/>\n<meta property=\"og:title\" content=\"Bajas de colegiaci\u00f3n - COMT\" \/>\n<meta property=\"og:description\" content=\"Si quiere realizar el tr\u00e1mite de baja online clique aqu\u00ed . La baja se podr\u00e1 solicitar voluntariamente a la Junta de Gobierno por el cese de la actividad m\u00e9dica. Para darse de baja, ser\u00e1 requerimiento necesario el retorno (personalmente o por correo postal) de los documentos siguientes:   Talonario de estupefacientes que el m\u00e9dico pudiera tener en ese momento.  Carnet colegial.   Este tr\u00e1mite tambi\u00e9n se puede hacer directamente en las delegaciones del COMT.   Documento para la Solicitud de Baja de Colegiaci\u00f3n  Recuerde que debe llenar debidamente todos los datos.  Formato DOC \/ formato PDF \u00a0\" \/>\n<meta property=\"og:url\" content=\"https:\/\/comt.cat\/es\/bajas-de-colegiacion\/\" \/>\n<meta property=\"og:site_name\" content=\"COMT\" \/>\n<meta property=\"article:published_time\" content=\"2011-02-09T17:43:14+00:00\" \/>\n<meta name=\"author\" content=\"comt\" \/>\n<meta name=\"twitter:card\" content=\"summary_large_image\" \/>\n<meta name=\"twitter:label1\" content=\"Escrito por\" \/>\n\t<meta name=\"twitter:data1\" content=\"comt\" \/>\n<script type=\"application\/ld+json\" class=\"yoast-schema-graph\">{\"@context\":\"https:\\\/\\\/schema.org\",\"@graph\":[{\"@type\":\"Article\",\"@id\":\"https:\\\/\\\/comt.cat\\\/es\\\/bajas-de-colegiacion\\\/#article\",\"isPartOf\":{\"@id\":\"https:\\\/\\\/comt.cat\\\/es\\\/bajas-de-colegiacion\\\/\"},\"author\":{\"name\":\"comt\",\"@id\":\"https:\\\/\\\/comt.cat\\\/#\\\/schema\\\/person\\\/e9c884d9eb13a1fd7c15c3899c93dbee\"},\"headline\":\"Bajas de colegiaci\u00f3n\",\"datePublished\":\"2011-02-09T17:43:14+00:00\",\"mainEntityOfPage\":{\"@id\":\"https:\\\/\\\/comt.cat\\\/es\\\/bajas-de-colegiacion\\\/\"},\"wordCount\":101,\"commentCount\":0,\"articleSection\":[\"Bajas de colegiaci\u00f3n\"],\"inLanguage\":\"es\",\"potentialAction\":[{\"@type\":\"CommentAction\",\"name\":\"Comment\",\"target\":[\"https:\\\/\\\/comt.cat\\\/es\\\/bajas-de-colegiacion\\\/#respond\"]}]},{\"@type\":\"WebPage\",\"@id\":\"https:\\\/\\\/comt.cat\\\/es\\\/bajas-de-colegiacion\\\/\",\"url\":\"https:\\\/\\\/comt.cat\\\/es\\\/bajas-de-colegiacion\\\/\",\"name\":\"Bajas de colegiaci\u00f3n - COMT\",\"isPartOf\":{\"@id\":\"https:\\\/\\\/comt.cat\\\/#website\"},\"datePublished\":\"2011-02-09T17:43:14+00:00\",\"author\":{\"@id\":\"https:\\\/\\\/comt.cat\\\/#\\\/schema\\\/person\\\/e9c884d9eb13a1fd7c15c3899c93dbee\"},\"breadcrumb\":{\"@id\":\"https:\\\/\\\/comt.cat\\\/es\\\/bajas-de-colegiacion\\\/#breadcrumb\"},\"inLanguage\":\"es\",\"potentialAction\":[{\"@type\":\"ReadAction\",\"target\":[\"https:\\\/\\\/comt.cat\\\/es\\\/bajas-de-colegiacion\\\/\"]}]},{\"@type\":\"BreadcrumbList\",\"@id\":\"https:\\\/\\\/comt.cat\\\/es\\\/bajas-de-colegiacion\\\/#breadcrumb\",\"itemListElement\":[{\"@type\":\"ListItem\",\"position\":1,\"name\":\"Home\",\"item\":\"https:\\\/\\\/comt.cat\\\/es\\\/\"},{\"@type\":\"ListItem\",\"position\":2,\"name\":\"Bajas de colegiaci\u00f3n\"}]},{\"@type\":\"WebSite\",\"@id\":\"https:\\\/\\\/comt.cat\\\/#website\",\"url\":\"https:\\\/\\\/comt.cat\\\/\",\"name\":\"COMT\",\"description\":\"Col\u00b7legi de Metges de Tarragona\",\"potentialAction\":[{\"@type\":\"SearchAction\",\"target\":{\"@type\":\"EntryPoint\",\"urlTemplate\":\"https:\\\/\\\/comt.cat\\\/?s={search_term_string}\"},\"query-input\":{\"@type\":\"PropertyValueSpecification\",\"valueRequired\":true,\"valueName\":\"search_term_string\"}}],\"inLanguage\":\"es\"},{\"@type\":\"Person\",\"@id\":\"https:\\\/\\\/comt.cat\\\/#\\\/schema\\\/person\\\/e9c884d9eb13a1fd7c15c3899c93dbee\",\"name\":\"comt\",\"image\":{\"@type\":\"ImageObject\",\"inLanguage\":\"es\",\"@id\":\"https:\\\/\\\/secure.gravatar.com\\\/avatar\\\/4973b6e675aecb45ab4d3cc8daea28d3f2f37d475c99290bc0b7e7fcc73af7be?s=96&d=mm&r=g\",\"url\":\"https:\\\/\\\/secure.gravatar.com\\\/avatar\\\/4973b6e675aecb45ab4d3cc8daea28d3f2f37d475c99290bc0b7e7fcc73af7be?s=96&d=mm&r=g\",\"contentUrl\":\"https:\\\/\\\/secure.gravatar.com\\\/avatar\\\/4973b6e675aecb45ab4d3cc8daea28d3f2f37d475c99290bc0b7e7fcc73af7be?s=96&d=mm&r=g\",\"caption\":\"comt\"},\"url\":\"https:\\\/\\\/comt.cat\\\/es\\\/author\\\/comt\\\/\"}]}<\/script>\n<!-- \/ Yoast SEO plugin. -->","yoast_head_json":{"title":"Bajas de colegiaci\u00f3n - COMT","robots":{"index":"index","follow":"follow","max-snippet":"max-snippet:-1","max-image-preview":"max-image-preview:large","max-video-preview":"max-video-preview:-1"},"canonical":"https:\/\/comt.cat\/es\/bajas-de-colegiacion\/","og_locale":"es_ES","og_type":"article","og_title":"Bajas de colegiaci\u00f3n - COMT","og_description":"Si quiere realizar el tr\u00e1mite de baja online clique aqu\u00ed . La baja se podr\u00e1 solicitar voluntariamente a la Junta de Gobierno por el cese de la actividad m\u00e9dica. Para darse de baja, ser\u00e1 requerimiento necesario el retorno (personalmente o por correo postal) de los documentos siguientes:   Talonario de estupefacientes que el m\u00e9dico pudiera tener en ese momento.  Carnet colegial.   Este tr\u00e1mite tambi\u00e9n se puede hacer directamente en las delegaciones del COMT.   Documento para la Solicitud de Baja de Colegiaci\u00f3n  Recuerde que debe llenar debidamente todos los datos.  Formato DOC \/ formato PDF \u00a0","og_url":"https:\/\/comt.cat\/es\/bajas-de-colegiacion\/","og_site_name":"COMT","article_published_time":"2011-02-09T17:43:14+00:00","author":"comt","twitter_card":"summary_large_image","twitter_misc":{"Escrito por":"comt"},"schema":{"@context":"https:\/\/schema.org","@graph":[{"@type":"Article","@id":"https:\/\/comt.cat\/es\/bajas-de-colegiacion\/#article","isPartOf":{"@id":"https:\/\/comt.cat\/es\/bajas-de-colegiacion\/"},"author":{"name":"comt","@id":"https:\/\/comt.cat\/#\/schema\/person\/e9c884d9eb13a1fd7c15c3899c93dbee"},"headline":"Bajas de colegiaci\u00f3n","datePublished":"2011-02-09T17:43:14+00:00","mainEntityOfPage":{"@id":"https:\/\/comt.cat\/es\/bajas-de-colegiacion\/"},"wordCount":101,"commentCount":0,"articleSection":["Bajas de colegiaci\u00f3n"],"inLanguage":"es","potentialAction":[{"@type":"CommentAction","name":"Comment","target":["https:\/\/comt.cat\/es\/bajas-de-colegiacion\/#respond"]}]},{"@type":"WebPage","@id":"https:\/\/comt.cat\/es\/bajas-de-colegiacion\/","url":"https:\/\/comt.cat\/es\/bajas-de-colegiacion\/","name":"Bajas de colegiaci\u00f3n - COMT","isPartOf":{"@id":"https:\/\/comt.cat\/#website"},"datePublished":"2011-02-09T17:43:14+00:00","author":{"@id":"https:\/\/comt.cat\/#\/schema\/person\/e9c884d9eb13a1fd7c15c3899c93dbee"},"breadcrumb":{"@id":"https:\/\/comt.cat\/es\/bajas-de-colegiacion\/#breadcrumb"},"inLanguage":"es","potentialAction":[{"@type":"ReadAction","target":["https:\/\/comt.cat\/es\/bajas-de-colegiacion\/"]}]},{"@type":"BreadcrumbList","@id":"https:\/\/comt.cat\/es\/bajas-de-colegiacion\/#breadcrumb","itemListElement":[{"@type":"ListItem","position":1,"name":"Home","item":"https:\/\/comt.cat\/es\/"},{"@type":"ListItem","position":2,"name":"Bajas de colegiaci\u00f3n"}]},{"@type":"WebSite","@id":"https:\/\/comt.cat\/#website","url":"https:\/\/comt.cat\/","name":"COMT","description":"Col\u00b7legi de Metges de Tarragona","potentialAction":[{"@type":"SearchAction","target":{"@type":"EntryPoint","urlTemplate":"https:\/\/comt.cat\/?s={search_term_string}"},"query-input":{"@type":"PropertyValueSpecification","valueRequired":true,"valueName":"search_term_string"}}],"inLanguage":"es"},{"@type":"Person","@id":"https:\/\/comt.cat\/#\/schema\/person\/e9c884d9eb13a1fd7c15c3899c93dbee","name":"comt","image":{"@type":"ImageObject","inLanguage":"es","@id":"https:\/\/secure.gravatar.com\/avatar\/4973b6e675aecb45ab4d3cc8daea28d3f2f37d475c99290bc0b7e7fcc73af7be?s=96&d=mm&r=g","url":"https:\/\/secure.gravatar.com\/avatar\/4973b6e675aecb45ab4d3cc8daea28d3f2f37d475c99290bc0b7e7fcc73af7be?s=96&d=mm&r=g","contentUrl":"https:\/\/secure.gravatar.com\/avatar\/4973b6e675aecb45ab4d3cc8daea28d3f2f37d475c99290bc0b7e7fcc73af7be?s=96&d=mm&r=g","caption":"comt"},"url":"https:\/\/comt.cat\/es\/author\/comt\/"}]}},"_links":{"self":[{"href":"https:\/\/comt.cat\/es\/wp-json\/wp\/v2\/posts\/419","targetHints":{"allow":["GET"]}}],"collection":[{"href":"https:\/\/comt.cat\/es\/wp-json\/wp\/v2\/posts"}],"about":[{"href":"https:\/\/comt.cat\/es\/wp-json\/wp\/v2\/types\/post"}],"author":[{"embeddable":true,"href":"https:\/\/comt.cat\/es\/wp-json\/wp\/v2\/users\/1"}],"replies":[{"embeddable":true,"href":"https:\/\/comt.cat\/es\/wp-json\/wp\/v2\/comments?post=419"}],"version-history":[{"count":0,"href":"https:\/\/comt.cat\/es\/wp-json\/wp\/v2\/posts\/419\/revisions"}],"wp:attachment":[{"href":"https:\/\/comt.cat\/es\/wp-json\/wp\/v2\/media?parent=419"}],"wp:term":[{"taxonomy":"category","embeddable":true,"href":"https:\/\/comt.cat\/es\/wp-json\/wp\/v2\/categories?post=419"},{"taxonomy":"post_tag","embeddable":true,"href":"https:\/\/comt.cat\/es\/wp-json\/wp\/v2\/tags?post=419"}],"curies":[{"name":"wp","href":"https:\/\/api.w.org\/{rel}","templated":true}]}}