{"id":44680,"date":"2025-11-12T08:43:49","date_gmt":"2025-11-12T07:43:49","guid":{"rendered":"https:\/\/comt.cat\/?p=44680"},"modified":"2025-11-12T08:43:52","modified_gmt":"2025-11-12T07:43:52","slug":"especialista-en-psiquiatria-unitat-dhospitalitzaci-daguts-consorci-sanitari-de-terrassa-ref-512-terrassa","status":"publish","type":"post","link":"https:\/\/comt.cat\/es\/especialista-en-psiquiatria-unitat-dhospitalitzaci-daguts-consorci-sanitari-de-terrassa-ref-512-terrassa\/","title":{"rendered":"Especialista en Psiquiatria &ndash; Unitat d&rsquo;Hospitalitzaci&oacute; d&rsquo;Aguts Consorci Sanitari de Terrassa (Ref: 512) (Terrassa)"},"content":{"rendered":"\n\n\t<section class=\"section\" id=\"section_2005429970\">\n\t\t<div class=\"section-bg fill\" >\n\t\t\t\t\t\t\t\t\t\n\t\t\t\n\n\t\t<\/div>\n\n\t\t\n\n\t\t<div class=\"section-content relative\">\n\t\t\t\n\n<div class=\"row\"  id=\"row-641186838\">\n\n\n\t<div id=\"col-1908494615\" class=\"col small-12 large-12\"  >\n\t\t\t\t<div class=\"col-inner\"  >\n\t\t\t\n\t\t\t\n\n<div class=\"row align-center\"  id=\"row-1561471668\">\n\n\n\t<div id=\"col-1735445773\" class=\"col medium-9 small-12 large-9\"  >\n\t\t\t\t<div class=\"col-inner\"  >\n\t\t\t\n\t\t\t\n\n<div class=\"container section-title-container\" style=\"margin-bottom:2px;\"><h4 class=\"section-title section-title-normal\"><b aria-hidden=\"true\"><\/b><span class=\"section-title-main\" style=\"font-size:82%;color:rgb(80, 180, 239);\">Entitat \/ Prove\u00efdor \/ Empresa - Entidad \/ Proveedor \/ Empresa<\/span><b aria-hidden=\"true\"><\/b><\/h4><\/div>\n\n<p>CONSORCI SANITARI DE TERRASSA<\/p>\n<div class=\"container section-title-container\" style=\"margin-bottom:2px;\"><h4 class=\"section-title section-title-normal\"><b aria-hidden=\"true\"><\/b><span class=\"section-title-main\" style=\"font-size:82%;color:rgb(80, 180, 239);\">CIF<\/span><b aria-hidden=\"true\"><\/b><\/h4><\/div>\n\n<p>Q5856145G<\/p>\n<div class=\"container section-title-container\" style=\"margin-bottom:2px;\"><h4 class=\"section-title section-title-normal\"><b aria-hidden=\"true\"><\/b><span class=\"section-title-main\" style=\"font-size:82%;color:rgb(80, 180, 239);\">Persona responsable de l'oferta - Persona responsable de la oferta<\/span><b aria-hidden=\"true\"><\/b><\/h4><\/div>\n\n<p>Eva Tenorio<\/p>\n<div class=\"container section-title-container\" style=\"margin-bottom:2px;\"><h4 class=\"section-title section-title-normal\"><b aria-hidden=\"true\"><\/b><span class=\"section-title-main\" style=\"font-size:82%;color:rgb(80, 180, 239);\">Email<\/span><b aria-hidden=\"true\"><\/b><\/h4><\/div>\n\n<p>talent@cst.cat<\/p>\n<div class=\"container section-title-container\" style=\"margin-bottom:2px;\"><h4 class=\"section-title section-title-normal\"><b aria-hidden=\"true\"><\/b><span class=\"section-title-main\" style=\"font-size:82%;color:rgb(80, 180, 239);\">Tel\u00e8fon de contacte - Tel\u00e9fono de contacto<\/span><b aria-hidden=\"true\"><\/b><\/h4><\/div>\n\n<p>937310007 &#8211; 2115<\/p>\n<div class=\"container section-title-container\" style=\"margin-bottom:2px;\"><h4 class=\"section-title section-title-normal\"><b aria-hidden=\"true\"><\/b><span class=\"section-title-main\" style=\"font-size:82%;color:rgb(80, 180, 239);\">Especialitat - Especialidad<\/span><b aria-hidden=\"true\"><\/b><\/h4><\/div>\n\n<p>Especialista en Psiquiatria &ndash; Unitat d&rsquo;Hospitalitzaci&oacute; d&rsquo;Aguts Consorci Sanitari de Terrassa (Ref: 512)<\/p>\n<div class=\"container section-title-container\" style=\"margin-bottom:2px;\"><h4 class=\"section-title section-title-normal\"><b aria-hidden=\"true\"><\/b><span class=\"section-title-main\" style=\"font-size:82%;color:rgb(80, 180, 239);\">\u00c0mbit geogr\u00e0fic - \u00c1mbito geogr\u00e1fico<\/span><b aria-hidden=\"true\"><\/b><\/h4><\/div>\n\n<p>Terrassa<\/p>\n<div class=\"container section-title-container\" style=\"margin-bottom:2px;\"><h4 class=\"section-title section-title-normal\"><b aria-hidden=\"true\"><\/b><span class=\"section-title-main\" style=\"font-size:82%;color:rgb(80, 180, 239);\">Funcions - Funciones<\/span><b aria-hidden=\"true\"><\/b><\/h4><\/div>\n\n<p>El Consorci Sanitari de Terrassa busca un\/a metge\/essa especialista en Psiquiatria per incorporar-se a la Unitat d&rsquo;Hospitalitzaci&oacute; d&rsquo;Aguts de l&rsquo;&Agrave;mbit de Salut Mental. El\/la professional s&rsquo;integrar&agrave; en un equip multidisciplinari i participar&agrave; en l&rsquo;atenci&oacute; de pacients amb trastorns mentals greus.<\/p>\n<div class=\"container section-title-container\" style=\"margin-bottom:2px;\"><h4 class=\"section-title section-title-normal\"><b aria-hidden=\"true\"><\/b><span class=\"section-title-main\" style=\"font-size:82%;color:rgb(80, 180, 239);\">Requisits - Requisitos<\/span><b aria-hidden=\"true\"><\/b><\/h4><\/div>\n\n<p>Requisits imprescindibles:<br \/>\n<br \/>&bull;\tGrau o llicenciatura en Medicina i Cirurgia.<br \/>\n<br \/>&bull;\tT&iacute;tol d&rsquo;especialista en Psiquiatria (amb convalidaci&oacute; si &eacute;s estranger).<br \/>\n<br \/>&bull;\tCol&middot;legiaci&oacute; al Col&middot;legi Oficial de Metges de Barcelona.<br \/>\n<br \/>&bull;\tConeixement de catal&agrave; i castell&agrave;.<\/p>\n<p>Es valorar&agrave;:<br \/>\n<br \/>&bull;\tExperi&egrave;ncia en hospitalitzaci&oacute; psiqui&agrave;trica i trastorns mentals greus.<br \/>\n<br \/>&bull;\tCapacitat de treball en equip, planificaci&oacute; i orientaci&oacute; a la qualitat.<br \/>\n<br \/>&bull;\tInter&egrave;s per la formaci&oacute; continuada, doc&egrave;ncia i recerca.<br \/><\/p>\n<div class=\"container section-title-container\" style=\"margin-bottom:2px;\"><h4 class=\"section-title section-title-normal\"><b aria-hidden=\"true\"><\/b><span class=\"section-title-main\" style=\"font-size:82%;color:rgb(80, 180, 239);\">Condicions - Condiciones<\/span><b aria-hidden=\"true\"><\/b><\/h4><\/div>\n\n<p>\n<br \/>&bull;\tJornada completa segons conveni SISCAT.<br \/>\n<br \/>&bull;\tFormaci&oacute; continuada i desenvolupament professional.<br \/>\n<br \/>&bull;\tPossibilitat de gu&agrave;rdies, participaci&oacute; en grups de recerca i tasques docents.<br \/>\n<br \/>&bull;\tContracte per cobrir pla&ccedil;a vacant fins a convocat&ograve;ria p&uacute;blica.<br \/><\/p>\n\n\t\t<\/div>\n\t\t\t\t\t<\/div>\n\n\t\n\n\n<style>\n#row-1561471668 > .col > .col-inner {\n  padding: 38px 38px 19px 38px;\n  background-color: rgb(247, 247, 247);\n}\n<\/style>\n<\/div>\n\n\t\t<\/div>\n\t\t\t\t\t<\/div>\n\n\t\n\n<\/div>\n\n\t\t<\/div>\n\n\t\t\n<style>\n#section_2005429970 {\n  padding-top: 30px;\n  padding-bottom: 30px;\n}\n<\/style>\n\t<\/section>\n\t\n\n","protected":false},"excerpt":{"rendered":"<p>El Consorci Sanitari de Terrassa busca un\/a metge\/essa especialista en Psiquiatria per incorporar-se a la Unitat d&rsquo;Hospitalitzaci&oacute; d&rsquo;Aguts de l&rsquo;&Agrave;mbit de Salut Mental. El\/la professional s&rsquo;integrar&agrave; en un equip multidisciplinari i participar&agrave; en l&rsquo;atenci&oacute; de pacients amb trastorns mentals greus.<\/p>\n","protected":false},"author":1,"featured_media":0,"comment_status":"closed","ping_status":"closed","sticky":false,"template":"","format":"standard","meta":{"footnotes":""},"categories":[10,569],"tags":[],"class_list":["post-44680","post","type-post","status-publish","format-standard","hentry","category-borsa-de-treball","category-catalunya"],"yoast_head":"<!-- This site is optimized with the Yoast SEO plugin v27.4 - https:\/\/yoast.com\/product\/yoast-seo-wordpress\/ -->\n<title>Especialista en Psiquiatria &ndash; Unitat d&rsquo;Hospitalitzaci&oacute; d&rsquo;Aguts Consorci Sanitari de Terrassa (Ref: 512) (Terrassa) - COMT<\/title>\n<meta name=\"robots\" content=\"index, follow, max-snippet:-1, max-image-preview:large, max-video-preview:-1\" \/>\n<link rel=\"canonical\" href=\"https:\/\/comt.cat\/especialista-en-psiquiatria-unitat-dhospitalitzaci-daguts-consorci-sanitari-de-terrassa-ref-512-terrassa\/\" \/>\n<meta property=\"og:locale\" content=\"es_ES\" \/>\n<meta property=\"og:type\" content=\"article\" \/>\n<meta property=\"og:title\" content=\"Especialista en Psiquiatria &ndash; Unitat d&rsquo;Hospitalitzaci&oacute; d&rsquo;Aguts Consorci Sanitari de Terrassa (Ref: 512) (Terrassa) - COMT\" \/>\n<meta property=\"og:description\" content=\"El Consorci Sanitari de Terrassa busca un\/a metge\/essa especialista en Psiquiatria per incorporar-se a la Unitat d&rsquo;Hospitalitzaci&oacute; d&rsquo;Aguts de l&rsquo;&Agrave;mbit de Salut Mental. El\/la professional s&rsquo;integrar&agrave; en un equip multidisciplinari i participar&agrave; en l&rsquo;atenci&oacute; de pacients amb trastorns mentals greus.\" \/>\n<meta property=\"og:url\" content=\"https:\/\/comt.cat\/especialista-en-psiquiatria-unitat-dhospitalitzaci-daguts-consorci-sanitari-de-terrassa-ref-512-terrassa\/\" \/>\n<meta property=\"og:site_name\" content=\"COMT\" \/>\n<meta property=\"article:published_time\" content=\"2025-11-12T07:43:49+00:00\" \/>\n<meta property=\"article:modified_time\" content=\"2025-11-12T07:43:52+00:00\" \/>\n<meta name=\"author\" content=\"comt\" \/>\n<meta name=\"twitter:card\" content=\"summary_large_image\" \/>\n<meta name=\"twitter:label1\" content=\"Escrito por\" \/>\n\t<meta name=\"twitter:data1\" content=\"comt\" \/>\n\t<meta name=\"twitter:label2\" content=\"Tiempo de lectura\" \/>\n\t<meta name=\"twitter:data2\" content=\"2 minutos\" \/>\n<script type=\"application\/ld+json\" class=\"yoast-schema-graph\">{\"@context\":\"https:\\\/\\\/schema.org\",\"@graph\":[{\"@type\":\"Article\",\"@id\":\"https:\\\/\\\/comt.cat\\\/especialista-en-psiquiatria-unitat-dhospitalitzaci-daguts-consorci-sanitari-de-terrassa-ref-512-terrassa\\\/#article\",\"isPartOf\":{\"@id\":\"https:\\\/\\\/comt.cat\\\/especialista-en-psiquiatria-unitat-dhospitalitzaci-daguts-consorci-sanitari-de-terrassa-ref-512-terrassa\\\/\"},\"author\":{\"name\":\"comt\",\"@id\":\"https:\\\/\\\/comt.cat\\\/#\\\/schema\\\/person\\\/e9c884d9eb13a1fd7c15c3899c93dbee\"},\"headline\":\"Especialista en Psiquiatria &ndash; Unitat d&rsquo;Hospitalitzaci&oacute; d&rsquo;Aguts Consorci Sanitari de Terrassa (Ref: 512) (Terrassa)\",\"datePublished\":\"2025-11-12T07:43:49+00:00\",\"dateModified\":\"2025-11-12T07:43:52+00:00\",\"mainEntityOfPage\":{\"@id\":\"https:\\\/\\\/comt.cat\\\/especialista-en-psiquiatria-unitat-dhospitalitzaci-daguts-consorci-sanitari-de-terrassa-ref-512-terrassa\\\/\"},\"wordCount\":432,\"articleSection\":[\"Borsa de treball\",\"Catalunya\"],\"inLanguage\":\"es\"},{\"@type\":\"WebPage\",\"@id\":\"https:\\\/\\\/comt.cat\\\/especialista-en-psiquiatria-unitat-dhospitalitzaci-daguts-consorci-sanitari-de-terrassa-ref-512-terrassa\\\/\",\"url\":\"https:\\\/\\\/comt.cat\\\/especialista-en-psiquiatria-unitat-dhospitalitzaci-daguts-consorci-sanitari-de-terrassa-ref-512-terrassa\\\/\",\"name\":\"Especialista en Psiquiatria &ndash; Unitat d&rsquo;Hospitalitzaci&oacute; d&rsquo;Aguts Consorci Sanitari de Terrassa (Ref: 512) (Terrassa) - COMT\",\"isPartOf\":{\"@id\":\"https:\\\/\\\/comt.cat\\\/#website\"},\"datePublished\":\"2025-11-12T07:43:49+00:00\",\"dateModified\":\"2025-11-12T07:43:52+00:00\",\"author\":{\"@id\":\"https:\\\/\\\/comt.cat\\\/#\\\/schema\\\/person\\\/e9c884d9eb13a1fd7c15c3899c93dbee\"},\"breadcrumb\":{\"@id\":\"https:\\\/\\\/comt.cat\\\/especialista-en-psiquiatria-unitat-dhospitalitzaci-daguts-consorci-sanitari-de-terrassa-ref-512-terrassa\\\/#breadcrumb\"},\"inLanguage\":\"es\",\"potentialAction\":[{\"@type\":\"ReadAction\",\"target\":[\"https:\\\/\\\/comt.cat\\\/especialista-en-psiquiatria-unitat-dhospitalitzaci-daguts-consorci-sanitari-de-terrassa-ref-512-terrassa\\\/\"]}]},{\"@type\":\"BreadcrumbList\",\"@id\":\"https:\\\/\\\/comt.cat\\\/especialista-en-psiquiatria-unitat-dhospitalitzaci-daguts-consorci-sanitari-de-terrassa-ref-512-terrassa\\\/#breadcrumb\",\"itemListElement\":[{\"@type\":\"ListItem\",\"position\":1,\"name\":\"Home\",\"item\":\"https:\\\/\\\/comt.cat\\\/es\\\/\"},{\"@type\":\"ListItem\",\"position\":2,\"name\":\"Especialista en Psiquiatria &ndash; Unitat d&rsquo;Hospitalitzaci&oacute; d&rsquo;Aguts Consorci Sanitari de Terrassa (Ref: 512) (Terrassa)\"}]},{\"@type\":\"WebSite\",\"@id\":\"https:\\\/\\\/comt.cat\\\/#website\",\"url\":\"https:\\\/\\\/comt.cat\\\/\",\"name\":\"COMT\",\"description\":\"Col\u00b7legi de Metges de Tarragona\",\"potentialAction\":[{\"@type\":\"SearchAction\",\"target\":{\"@type\":\"EntryPoint\",\"urlTemplate\":\"https:\\\/\\\/comt.cat\\\/?s={search_term_string}\"},\"query-input\":{\"@type\":\"PropertyValueSpecification\",\"valueRequired\":true,\"valueName\":\"search_term_string\"}}],\"inLanguage\":\"es\"},{\"@type\":\"Person\",\"@id\":\"https:\\\/\\\/comt.cat\\\/#\\\/schema\\\/person\\\/e9c884d9eb13a1fd7c15c3899c93dbee\",\"name\":\"comt\",\"image\":{\"@type\":\"ImageObject\",\"inLanguage\":\"es\",\"@id\":\"https:\\\/\\\/secure.gravatar.com\\\/avatar\\\/4973b6e675aecb45ab4d3cc8daea28d3f2f37d475c99290bc0b7e7fcc73af7be?s=96&d=mm&r=g\",\"url\":\"https:\\\/\\\/secure.gravatar.com\\\/avatar\\\/4973b6e675aecb45ab4d3cc8daea28d3f2f37d475c99290bc0b7e7fcc73af7be?s=96&d=mm&r=g\",\"contentUrl\":\"https:\\\/\\\/secure.gravatar.com\\\/avatar\\\/4973b6e675aecb45ab4d3cc8daea28d3f2f37d475c99290bc0b7e7fcc73af7be?s=96&d=mm&r=g\",\"caption\":\"comt\"},\"url\":\"https:\\\/\\\/comt.cat\\\/es\\\/author\\\/comt\\\/\"}]}<\/script>\n<!-- \/ Yoast SEO plugin. -->","yoast_head_json":{"title":"Especialista en Psiquiatria &ndash; Unitat d&rsquo;Hospitalitzaci&oacute; d&rsquo;Aguts Consorci Sanitari de Terrassa (Ref: 512) (Terrassa) - COMT","robots":{"index":"index","follow":"follow","max-snippet":"max-snippet:-1","max-image-preview":"max-image-preview:large","max-video-preview":"max-video-preview:-1"},"canonical":"https:\/\/comt.cat\/especialista-en-psiquiatria-unitat-dhospitalitzaci-daguts-consorci-sanitari-de-terrassa-ref-512-terrassa\/","og_locale":"es_ES","og_type":"article","og_title":"Especialista en Psiquiatria &ndash; Unitat d&rsquo;Hospitalitzaci&oacute; d&rsquo;Aguts Consorci Sanitari de Terrassa (Ref: 512) (Terrassa) - COMT","og_description":"El Consorci Sanitari de Terrassa busca un\/a metge\/essa especialista en Psiquiatria per incorporar-se a la Unitat d&rsquo;Hospitalitzaci&oacute; d&rsquo;Aguts de l&rsquo;&Agrave;mbit de Salut Mental. El\/la professional s&rsquo;integrar&agrave; en un equip multidisciplinari i participar&agrave; en l&rsquo;atenci&oacute; de pacients amb trastorns mentals greus.","og_url":"https:\/\/comt.cat\/especialista-en-psiquiatria-unitat-dhospitalitzaci-daguts-consorci-sanitari-de-terrassa-ref-512-terrassa\/","og_site_name":"COMT","article_published_time":"2025-11-12T07:43:49+00:00","article_modified_time":"2025-11-12T07:43:52+00:00","author":"comt","twitter_card":"summary_large_image","twitter_misc":{"Escrito por":"comt","Tiempo de lectura":"2 minutos"},"schema":{"@context":"https:\/\/schema.org","@graph":[{"@type":"Article","@id":"https:\/\/comt.cat\/especialista-en-psiquiatria-unitat-dhospitalitzaci-daguts-consorci-sanitari-de-terrassa-ref-512-terrassa\/#article","isPartOf":{"@id":"https:\/\/comt.cat\/especialista-en-psiquiatria-unitat-dhospitalitzaci-daguts-consorci-sanitari-de-terrassa-ref-512-terrassa\/"},"author":{"name":"comt","@id":"https:\/\/comt.cat\/#\/schema\/person\/e9c884d9eb13a1fd7c15c3899c93dbee"},"headline":"Especialista en Psiquiatria &ndash; Unitat d&rsquo;Hospitalitzaci&oacute; d&rsquo;Aguts Consorci Sanitari de Terrassa (Ref: 512) (Terrassa)","datePublished":"2025-11-12T07:43:49+00:00","dateModified":"2025-11-12T07:43:52+00:00","mainEntityOfPage":{"@id":"https:\/\/comt.cat\/especialista-en-psiquiatria-unitat-dhospitalitzaci-daguts-consorci-sanitari-de-terrassa-ref-512-terrassa\/"},"wordCount":432,"articleSection":["Borsa de treball","Catalunya"],"inLanguage":"es"},{"@type":"WebPage","@id":"https:\/\/comt.cat\/especialista-en-psiquiatria-unitat-dhospitalitzaci-daguts-consorci-sanitari-de-terrassa-ref-512-terrassa\/","url":"https:\/\/comt.cat\/especialista-en-psiquiatria-unitat-dhospitalitzaci-daguts-consorci-sanitari-de-terrassa-ref-512-terrassa\/","name":"Especialista en Psiquiatria &ndash; Unitat d&rsquo;Hospitalitzaci&oacute; d&rsquo;Aguts Consorci Sanitari de Terrassa (Ref: 512) (Terrassa) - COMT","isPartOf":{"@id":"https:\/\/comt.cat\/#website"},"datePublished":"2025-11-12T07:43:49+00:00","dateModified":"2025-11-12T07:43:52+00:00","author":{"@id":"https:\/\/comt.cat\/#\/schema\/person\/e9c884d9eb13a1fd7c15c3899c93dbee"},"breadcrumb":{"@id":"https:\/\/comt.cat\/especialista-en-psiquiatria-unitat-dhospitalitzaci-daguts-consorci-sanitari-de-terrassa-ref-512-terrassa\/#breadcrumb"},"inLanguage":"es","potentialAction":[{"@type":"ReadAction","target":["https:\/\/comt.cat\/especialista-en-psiquiatria-unitat-dhospitalitzaci-daguts-consorci-sanitari-de-terrassa-ref-512-terrassa\/"]}]},{"@type":"BreadcrumbList","@id":"https:\/\/comt.cat\/especialista-en-psiquiatria-unitat-dhospitalitzaci-daguts-consorci-sanitari-de-terrassa-ref-512-terrassa\/#breadcrumb","itemListElement":[{"@type":"ListItem","position":1,"name":"Home","item":"https:\/\/comt.cat\/es\/"},{"@type":"ListItem","position":2,"name":"Especialista en Psiquiatria &ndash; Unitat d&rsquo;Hospitalitzaci&oacute; d&rsquo;Aguts Consorci Sanitari de Terrassa (Ref: 512) (Terrassa)"}]},{"@type":"WebSite","@id":"https:\/\/comt.cat\/#website","url":"https:\/\/comt.cat\/","name":"COMT","description":"Col\u00b7legi de Metges de Tarragona","potentialAction":[{"@type":"SearchAction","target":{"@type":"EntryPoint","urlTemplate":"https:\/\/comt.cat\/?s={search_term_string}"},"query-input":{"@type":"PropertyValueSpecification","valueRequired":true,"valueName":"search_term_string"}}],"inLanguage":"es"},{"@type":"Person","@id":"https:\/\/comt.cat\/#\/schema\/person\/e9c884d9eb13a1fd7c15c3899c93dbee","name":"comt","image":{"@type":"ImageObject","inLanguage":"es","@id":"https:\/\/secure.gravatar.com\/avatar\/4973b6e675aecb45ab4d3cc8daea28d3f2f37d475c99290bc0b7e7fcc73af7be?s=96&d=mm&r=g","url":"https:\/\/secure.gravatar.com\/avatar\/4973b6e675aecb45ab4d3cc8daea28d3f2f37d475c99290bc0b7e7fcc73af7be?s=96&d=mm&r=g","contentUrl":"https:\/\/secure.gravatar.com\/avatar\/4973b6e675aecb45ab4d3cc8daea28d3f2f37d475c99290bc0b7e7fcc73af7be?s=96&d=mm&r=g","caption":"comt"},"url":"https:\/\/comt.cat\/es\/author\/comt\/"}]}},"_links":{"self":[{"href":"https:\/\/comt.cat\/es\/wp-json\/wp\/v2\/posts\/44680","targetHints":{"allow":["GET"]}}],"collection":[{"href":"https:\/\/comt.cat\/es\/wp-json\/wp\/v2\/posts"}],"about":[{"href":"https:\/\/comt.cat\/es\/wp-json\/wp\/v2\/types\/post"}],"author":[{"embeddable":true,"href":"https:\/\/comt.cat\/es\/wp-json\/wp\/v2\/users\/1"}],"replies":[{"embeddable":true,"href":"https:\/\/comt.cat\/es\/wp-json\/wp\/v2\/comments?post=44680"}],"version-history":[{"count":2,"href":"https:\/\/comt.cat\/es\/wp-json\/wp\/v2\/posts\/44680\/revisions"}],"predecessor-version":[{"id":44696,"href":"https:\/\/comt.cat\/es\/wp-json\/wp\/v2\/posts\/44680\/revisions\/44696"}],"wp:attachment":[{"href":"https:\/\/comt.cat\/es\/wp-json\/wp\/v2\/media?parent=44680"}],"wp:term":[{"taxonomy":"category","embeddable":true,"href":"https:\/\/comt.cat\/es\/wp-json\/wp\/v2\/categories?post=44680"},{"taxonomy":"post_tag","embeddable":true,"href":"https:\/\/comt.cat\/es\/wp-json\/wp\/v2\/tags?post=44680"}],"curies":[{"name":"wp","href":"https:\/\/api.w.org\/{rel}","templated":true}]}}