{"id":44829,"date":"2025-11-19T08:16:26","date_gmt":"2025-11-19T07:16:26","guid":{"rendered":"https:\/\/comt.cat\/?p=44829"},"modified":"2025-11-19T08:16:30","modified_gmt":"2025-11-19T07:16:30","slug":"metge-essa-especialista-en-aparell-disgestiu-lleida","status":"publish","type":"post","link":"https:\/\/comt.cat\/es\/metge-essa-especialista-en-aparell-disgestiu-lleida\/","title":{"rendered":"METGE\/ESSA ESPECIALISTA EN APARELL DISGESTIU (LLEIDA)"},"content":{"rendered":"\n\n\t<section class=\"section\" id=\"section_521047966\">\n\t\t<div class=\"section-bg fill\" >\n\t\t\t\t\t\t\t\t\t\n\t\t\t\n\n\t\t<\/div>\n\n\t\t\n\n\t\t<div class=\"section-content relative\">\n\t\t\t\n\n<div class=\"row\"  id=\"row-1241926712\">\n\n\n\t<div id=\"col-1378890639\" class=\"col small-12 large-12\"  >\n\t\t\t\t<div class=\"col-inner\"  >\n\t\t\t\n\t\t\t\n\n<div class=\"row align-center\"  id=\"row-883488052\">\n\n\n\t<div id=\"col-629617262\" class=\"col medium-9 small-12 large-9\"  >\n\t\t\t\t<div class=\"col-inner\"  >\n\t\t\t\n\t\t\t\n\n<div class=\"container section-title-container\" style=\"margin-bottom:2px;\"><h4 class=\"section-title section-title-normal\"><b aria-hidden=\"true\"><\/b><span class=\"section-title-main\" style=\"font-size:82%;color:rgb(80, 180, 239);\">Entitat \/ Prove\u00efdor \/ Empresa - Entidad \/ Proveedor \/ Empresa<\/span><b aria-hidden=\"true\"><\/b><\/h4><\/div>\n\n<p>CLINICA MI NOVA ALIAN&Ccedil;A S.L<\/p>\n<div class=\"container section-title-container\" style=\"margin-bottom:2px;\"><h4 class=\"section-title section-title-normal\"><b aria-hidden=\"true\"><\/b><span class=\"section-title-main\" style=\"font-size:82%;color:rgb(80, 180, 239);\">CIF<\/span><b aria-hidden=\"true\"><\/b><\/h4><\/div>\n\n<p>B25859745<\/p>\n<div class=\"container section-title-container\" style=\"margin-bottom:2px;\"><h4 class=\"section-title section-title-normal\"><b aria-hidden=\"true\"><\/b><span class=\"section-title-main\" style=\"font-size:82%;color:rgb(80, 180, 239);\">Persona responsable de l'oferta - Persona responsable de la oferta<\/span><b aria-hidden=\"true\"><\/b><\/h4><\/div>\n\n<p>XAVIER GENIS PLANELLA<\/p>\n<div class=\"container section-title-container\" style=\"margin-bottom:2px;\"><h4 class=\"section-title section-title-normal\"><b aria-hidden=\"true\"><\/b><span class=\"section-title-main\" style=\"font-size:82%;color:rgb(80, 180, 239);\">Email<\/span><b aria-hidden=\"true\"><\/b><\/h4><\/div>\n\n<p>recursoshumans@minovalianca.com<\/p>\n<div class=\"container section-title-container\" style=\"margin-bottom:2px;\"><h4 class=\"section-title section-title-normal\"><b aria-hidden=\"true\"><\/b><span class=\"section-title-main\" style=\"font-size:82%;color:rgb(80, 180, 239);\">Tel\u00e8fon de contacte - Tel\u00e9fono de contacto<\/span><b aria-hidden=\"true\"><\/b><\/h4><\/div>\n\n<p>973232943<\/p>\n<div class=\"container section-title-container\" style=\"margin-bottom:2px;\"><h4 class=\"section-title section-title-normal\"><b aria-hidden=\"true\"><\/b><span class=\"section-title-main\" style=\"font-size:82%;color:rgb(80, 180, 239);\">Especialitat - Especialidad<\/span><b aria-hidden=\"true\"><\/b><\/h4><\/div>\n\n<p>METGE\/ESSA ESPECIALISTA EN APARELL DISGESTIU<\/p>\n<div class=\"container section-title-container\" style=\"margin-bottom:2px;\"><h4 class=\"section-title section-title-normal\"><b aria-hidden=\"true\"><\/b><span class=\"section-title-main\" style=\"font-size:82%;color:rgb(80, 180, 239);\">\u00c0mbit geogr\u00e0fic - \u00c1mbito geogr\u00e1fico<\/span><b aria-hidden=\"true\"><\/b><\/h4><\/div>\n\n<p>LLEIDA<\/p>\n<div class=\"container section-title-container\" style=\"margin-bottom:2px;\"><h4 class=\"section-title section-title-normal\"><b aria-hidden=\"true\"><\/b><span class=\"section-title-main\" style=\"font-size:82%;color:rgb(80, 180, 239);\">Funcions - Funciones<\/span><b aria-hidden=\"true\"><\/b><\/h4><\/div>\n\n<p>El candidat seleccionat ser&agrave; responsable de:<br \/>\n<br \/>1.\tDiagn&ograve;stic i Tractament: Realitzar el diagn&ograve;stic, maneig i tractament m&egrave;dic de malalties de l&#039; aparell digestiu.<br \/>\n<br \/>2.\tProcediments Endosc&ograve;pics: Executar procediments endosc&ograve;pics diagn&ograve;stics i terap&egrave;utics avan&ccedil;ats (gastrosc&ograve;pies, colonosc&ograve;pies, etc.), mantenint els m&eacute;s alts est&agrave;ndards de seguretat.<br \/>\n<br \/>3.\tConsulta Externa i Hospitalitzaci&oacute;: Atendre pacients en consulta externa i realitzar interconsultes i seguiment de pacients ingressats.<br \/>\n<br \/>4.\tCol&middot;laboraci&oacute;: Participar activament en sessions cl&iacute;niques, comit&egrave;s multidisciplinaris i programes de millora de la qualitat.<br \/><\/p>\n<div class=\"container section-title-container\" style=\"margin-bottom:2px;\"><h4 class=\"section-title section-title-normal\"><b aria-hidden=\"true\"><\/b><span class=\"section-title-main\" style=\"font-size:82%;color:rgb(80, 180, 239);\">Requisits - Requisitos<\/span><b aria-hidden=\"true\"><\/b><\/h4><\/div>\n\n<p>1.\tFormaci&oacute;: T&iacute;tol de Grau\/Llicenciatura en Medicina i t&iacute;tol de Metge Especialista en Aparell Digestiu (via MIR o homologat).<br \/>\n<br \/>2.\tCol&middot;legiaci&oacute;: Estar col&middot;legiat i habilitat per a l&#039;exercici professional a [Pa&iacute;s\/Regi&oacute;].<br \/>\n<br \/>3.\tHabilitats: Domini avan&ccedil;at de t&egrave;cniques endosc&ograve;piques. Capacitat de treball en equip, habilitats comunicatives excel&middot;lents i enfocament centrat en el pacient.<br \/><\/p>\n<div class=\"container section-title-container\" style=\"margin-bottom:2px;\"><h4 class=\"section-title section-title-normal\"><b aria-hidden=\"true\"><\/b><span class=\"section-title-main\" style=\"font-size:82%;color:rgb(80, 180, 239);\">Condicions - Condiciones<\/span><b aria-hidden=\"true\"><\/b><\/h4><\/div>\n\n<p>1.\tContracte: Indefinit<br \/>\n<br \/>2.\tRemuneraci&oacute;: Salari competitiu i d&#039; acord amb l&#039; experi&egrave;ncia del candidat i la mitjana del sector<br \/>\n<br \/>3.\tDesenvolupament Professional: Acc&eacute;s a formaci&oacute; continuada, congressos i oportunitats de creixement dins d&#039; una instituci&oacute; de refer&egrave;ncia.<br \/>\n<br \/>4.\tJornada: Jornada completa. <\/p>\n\n\t\t<\/div>\n\t\t\t\t\t<\/div>\n\n\t\n\n\n<style>\n#row-883488052 > .col > .col-inner {\n  padding: 38px 38px 19px 38px;\n  background-color: rgb(247, 247, 247);\n}\n<\/style>\n<\/div>\n\n\t\t<\/div>\n\t\t\t\t\t<\/div>\n\n\t\n\n<\/div>\n\n\t\t<\/div>\n\n\t\t\n<style>\n#section_521047966 {\n  padding-top: 30px;\n  padding-bottom: 30px;\n}\n<\/style>\n\t<\/section>\n\t\n\n","protected":false},"excerpt":{"rendered":"<p>El candidat seleccionat ser&agrave; responsable de:<br \/>\n1.\tDiagn&ograve;stic i Tractament: Realitzar el diagn&ograve;stic, maneig i tractament m&egrave;dic de malalties de l&#039; aparell digestiu.<br \/>\n2.\tProcediments Endosc&ograve;pics: Executar procediments endosc&ograve;pics diagn&ograve;stics i terap&egrave;utics avan&ccedil;ats (gastrosc&ograve;pies, colonosc&ograve;pies, etc.), mantenint els m&eacute;s alts est&agrave;ndards de seguretat.<br \/>\n3.\tConsulta Externa i Hospitalitzaci&oacute;: Atendre pacients en consulta externa i realitzar interconsultes i seguiment de pacients ingressats.<br \/>\n4.\tCol&middot;laboraci&oacute;: Participar activament en sessions cl&iacute;niques, comit&egrave;s multidisciplinaris i programes de millora de la qualitat.<\/p>\n","protected":false},"author":1,"featured_media":0,"comment_status":"closed","ping_status":"closed","sticky":false,"template":"","format":"standard","meta":{"footnotes":""},"categories":[161,574],"tags":[],"class_list":["post-44829","post","type-post","status-publish","format-standard","hentry","category-bolsa-de-trabajo","category-catalunya-es"],"yoast_head":"<!-- This site is optimized with the Yoast SEO plugin v27.4 - https:\/\/yoast.com\/product\/yoast-seo-wordpress\/ -->\n<title>METGE\/ESSA ESPECIALISTA EN APARELL DISGESTIU (LLEIDA) - COMT<\/title>\n<meta name=\"robots\" content=\"index, follow, max-snippet:-1, max-image-preview:large, max-video-preview:-1\" \/>\n<link rel=\"canonical\" href=\"https:\/\/comt.cat\/metge-essa-especialista-en-aparell-disgestiu-lleida\/\" \/>\n<meta property=\"og:locale\" content=\"es_ES\" \/>\n<meta property=\"og:type\" content=\"article\" \/>\n<meta property=\"og:title\" content=\"METGE\/ESSA ESPECIALISTA EN APARELL DISGESTIU (LLEIDA) - COMT\" \/>\n<meta property=\"og:description\" content=\"El candidat seleccionat ser&agrave; responsable de: 1. Diagn&ograve;stic i Tractament: Realitzar el diagn&ograve;stic, maneig i tractament m&egrave;dic de malalties de l&#039; aparell digestiu. 2. Procediments Endosc&ograve;pics: Executar procediments endosc&ograve;pics diagn&ograve;stics i terap&egrave;utics avan&ccedil;ats (gastrosc&ograve;pies, colonosc&ograve;pies, etc.), mantenint els m&eacute;s alts est&agrave;ndards de seguretat. 3. Consulta Externa i Hospitalitzaci&oacute;: Atendre pacients en consulta externa i realitzar interconsultes i seguiment de pacients ingressats. 4. Col&middot;laboraci&oacute;: Participar activament en sessions cl&iacute;niques, comit&egrave;s multidisciplinaris i programes de millora de la qualitat.\" \/>\n<meta property=\"og:url\" content=\"https:\/\/comt.cat\/metge-essa-especialista-en-aparell-disgestiu-lleida\/\" \/>\n<meta property=\"og:site_name\" content=\"COMT\" \/>\n<meta property=\"article:published_time\" content=\"2025-11-19T07:16:26+00:00\" \/>\n<meta property=\"article:modified_time\" content=\"2025-11-19T07:16:30+00:00\" \/>\n<meta name=\"author\" content=\"comt\" \/>\n<meta name=\"twitter:card\" content=\"summary_large_image\" \/>\n<meta name=\"twitter:label1\" content=\"Escrito por\" \/>\n\t<meta name=\"twitter:data1\" content=\"comt\" \/>\n\t<meta name=\"twitter:label2\" content=\"Tiempo de lectura\" \/>\n\t<meta name=\"twitter:data2\" content=\"2 minutos\" \/>\n<script type=\"application\/ld+json\" class=\"yoast-schema-graph\">{\"@context\":\"https:\\\/\\\/schema.org\",\"@graph\":[{\"@type\":\"Article\",\"@id\":\"https:\\\/\\\/comt.cat\\\/metge-essa-especialista-en-aparell-disgestiu-lleida\\\/#article\",\"isPartOf\":{\"@id\":\"https:\\\/\\\/comt.cat\\\/metge-essa-especialista-en-aparell-disgestiu-lleida\\\/\"},\"author\":{\"name\":\"comt\",\"@id\":\"https:\\\/\\\/comt.cat\\\/#\\\/schema\\\/person\\\/e9c884d9eb13a1fd7c15c3899c93dbee\"},\"headline\":\"METGE\\\/ESSA ESPECIALISTA EN APARELL DISGESTIU (LLEIDA)\",\"datePublished\":\"2025-11-19T07:16:26+00:00\",\"dateModified\":\"2025-11-19T07:16:30+00:00\",\"mainEntityOfPage\":{\"@id\":\"https:\\\/\\\/comt.cat\\\/metge-essa-especialista-en-aparell-disgestiu-lleida\\\/\"},\"wordCount\":444,\"articleSection\":[\"Bolsa de trabajo\",\"Catalunya\"],\"inLanguage\":\"es\"},{\"@type\":\"WebPage\",\"@id\":\"https:\\\/\\\/comt.cat\\\/metge-essa-especialista-en-aparell-disgestiu-lleida\\\/\",\"url\":\"https:\\\/\\\/comt.cat\\\/metge-essa-especialista-en-aparell-disgestiu-lleida\\\/\",\"name\":\"METGE\\\/ESSA ESPECIALISTA EN APARELL DISGESTIU (LLEIDA) - COMT\",\"isPartOf\":{\"@id\":\"https:\\\/\\\/comt.cat\\\/#website\"},\"datePublished\":\"2025-11-19T07:16:26+00:00\",\"dateModified\":\"2025-11-19T07:16:30+00:00\",\"author\":{\"@id\":\"https:\\\/\\\/comt.cat\\\/#\\\/schema\\\/person\\\/e9c884d9eb13a1fd7c15c3899c93dbee\"},\"breadcrumb\":{\"@id\":\"https:\\\/\\\/comt.cat\\\/metge-essa-especialista-en-aparell-disgestiu-lleida\\\/#breadcrumb\"},\"inLanguage\":\"es\",\"potentialAction\":[{\"@type\":\"ReadAction\",\"target\":[\"https:\\\/\\\/comt.cat\\\/metge-essa-especialista-en-aparell-disgestiu-lleida\\\/\"]}]},{\"@type\":\"BreadcrumbList\",\"@id\":\"https:\\\/\\\/comt.cat\\\/metge-essa-especialista-en-aparell-disgestiu-lleida\\\/#breadcrumb\",\"itemListElement\":[{\"@type\":\"ListItem\",\"position\":1,\"name\":\"Home\",\"item\":\"https:\\\/\\\/comt.cat\\\/es\\\/\"},{\"@type\":\"ListItem\",\"position\":2,\"name\":\"METGE\\\/ESSA ESPECIALISTA EN APARELL DISGESTIU (LLEIDA)\"}]},{\"@type\":\"WebSite\",\"@id\":\"https:\\\/\\\/comt.cat\\\/#website\",\"url\":\"https:\\\/\\\/comt.cat\\\/\",\"name\":\"COMT\",\"description\":\"Col\u00b7legi de Metges de Tarragona\",\"potentialAction\":[{\"@type\":\"SearchAction\",\"target\":{\"@type\":\"EntryPoint\",\"urlTemplate\":\"https:\\\/\\\/comt.cat\\\/?s={search_term_string}\"},\"query-input\":{\"@type\":\"PropertyValueSpecification\",\"valueRequired\":true,\"valueName\":\"search_term_string\"}}],\"inLanguage\":\"es\"},{\"@type\":\"Person\",\"@id\":\"https:\\\/\\\/comt.cat\\\/#\\\/schema\\\/person\\\/e9c884d9eb13a1fd7c15c3899c93dbee\",\"name\":\"comt\",\"image\":{\"@type\":\"ImageObject\",\"inLanguage\":\"es\",\"@id\":\"https:\\\/\\\/secure.gravatar.com\\\/avatar\\\/4973b6e675aecb45ab4d3cc8daea28d3f2f37d475c99290bc0b7e7fcc73af7be?s=96&d=mm&r=g\",\"url\":\"https:\\\/\\\/secure.gravatar.com\\\/avatar\\\/4973b6e675aecb45ab4d3cc8daea28d3f2f37d475c99290bc0b7e7fcc73af7be?s=96&d=mm&r=g\",\"contentUrl\":\"https:\\\/\\\/secure.gravatar.com\\\/avatar\\\/4973b6e675aecb45ab4d3cc8daea28d3f2f37d475c99290bc0b7e7fcc73af7be?s=96&d=mm&r=g\",\"caption\":\"comt\"},\"url\":\"https:\\\/\\\/comt.cat\\\/es\\\/author\\\/comt\\\/\"}]}<\/script>\n<!-- \/ Yoast SEO plugin. -->","yoast_head_json":{"title":"METGE\/ESSA ESPECIALISTA EN APARELL DISGESTIU (LLEIDA) - COMT","robots":{"index":"index","follow":"follow","max-snippet":"max-snippet:-1","max-image-preview":"max-image-preview:large","max-video-preview":"max-video-preview:-1"},"canonical":"https:\/\/comt.cat\/metge-essa-especialista-en-aparell-disgestiu-lleida\/","og_locale":"es_ES","og_type":"article","og_title":"METGE\/ESSA ESPECIALISTA EN APARELL DISGESTIU (LLEIDA) - COMT","og_description":"El candidat seleccionat ser&agrave; responsable de: 1. Diagn&ograve;stic i Tractament: Realitzar el diagn&ograve;stic, maneig i tractament m&egrave;dic de malalties de l&#039; aparell digestiu. 2. Procediments Endosc&ograve;pics: Executar procediments endosc&ograve;pics diagn&ograve;stics i terap&egrave;utics avan&ccedil;ats (gastrosc&ograve;pies, colonosc&ograve;pies, etc.), mantenint els m&eacute;s alts est&agrave;ndards de seguretat. 3. Consulta Externa i Hospitalitzaci&oacute;: Atendre pacients en consulta externa i realitzar interconsultes i seguiment de pacients ingressats. 4. Col&middot;laboraci&oacute;: Participar activament en sessions cl&iacute;niques, comit&egrave;s multidisciplinaris i programes de millora de la qualitat.","og_url":"https:\/\/comt.cat\/metge-essa-especialista-en-aparell-disgestiu-lleida\/","og_site_name":"COMT","article_published_time":"2025-11-19T07:16:26+00:00","article_modified_time":"2025-11-19T07:16:30+00:00","author":"comt","twitter_card":"summary_large_image","twitter_misc":{"Escrito por":"comt","Tiempo de lectura":"2 minutos"},"schema":{"@context":"https:\/\/schema.org","@graph":[{"@type":"Article","@id":"https:\/\/comt.cat\/metge-essa-especialista-en-aparell-disgestiu-lleida\/#article","isPartOf":{"@id":"https:\/\/comt.cat\/metge-essa-especialista-en-aparell-disgestiu-lleida\/"},"author":{"name":"comt","@id":"https:\/\/comt.cat\/#\/schema\/person\/e9c884d9eb13a1fd7c15c3899c93dbee"},"headline":"METGE\/ESSA ESPECIALISTA EN APARELL DISGESTIU (LLEIDA)","datePublished":"2025-11-19T07:16:26+00:00","dateModified":"2025-11-19T07:16:30+00:00","mainEntityOfPage":{"@id":"https:\/\/comt.cat\/metge-essa-especialista-en-aparell-disgestiu-lleida\/"},"wordCount":444,"articleSection":["Bolsa de trabajo","Catalunya"],"inLanguage":"es"},{"@type":"WebPage","@id":"https:\/\/comt.cat\/metge-essa-especialista-en-aparell-disgestiu-lleida\/","url":"https:\/\/comt.cat\/metge-essa-especialista-en-aparell-disgestiu-lleida\/","name":"METGE\/ESSA ESPECIALISTA EN APARELL DISGESTIU (LLEIDA) - COMT","isPartOf":{"@id":"https:\/\/comt.cat\/#website"},"datePublished":"2025-11-19T07:16:26+00:00","dateModified":"2025-11-19T07:16:30+00:00","author":{"@id":"https:\/\/comt.cat\/#\/schema\/person\/e9c884d9eb13a1fd7c15c3899c93dbee"},"breadcrumb":{"@id":"https:\/\/comt.cat\/metge-essa-especialista-en-aparell-disgestiu-lleida\/#breadcrumb"},"inLanguage":"es","potentialAction":[{"@type":"ReadAction","target":["https:\/\/comt.cat\/metge-essa-especialista-en-aparell-disgestiu-lleida\/"]}]},{"@type":"BreadcrumbList","@id":"https:\/\/comt.cat\/metge-essa-especialista-en-aparell-disgestiu-lleida\/#breadcrumb","itemListElement":[{"@type":"ListItem","position":1,"name":"Home","item":"https:\/\/comt.cat\/es\/"},{"@type":"ListItem","position":2,"name":"METGE\/ESSA ESPECIALISTA EN APARELL DISGESTIU (LLEIDA)"}]},{"@type":"WebSite","@id":"https:\/\/comt.cat\/#website","url":"https:\/\/comt.cat\/","name":"COMT","description":"Col\u00b7legi de Metges de Tarragona","potentialAction":[{"@type":"SearchAction","target":{"@type":"EntryPoint","urlTemplate":"https:\/\/comt.cat\/?s={search_term_string}"},"query-input":{"@type":"PropertyValueSpecification","valueRequired":true,"valueName":"search_term_string"}}],"inLanguage":"es"},{"@type":"Person","@id":"https:\/\/comt.cat\/#\/schema\/person\/e9c884d9eb13a1fd7c15c3899c93dbee","name":"comt","image":{"@type":"ImageObject","inLanguage":"es","@id":"https:\/\/secure.gravatar.com\/avatar\/4973b6e675aecb45ab4d3cc8daea28d3f2f37d475c99290bc0b7e7fcc73af7be?s=96&d=mm&r=g","url":"https:\/\/secure.gravatar.com\/avatar\/4973b6e675aecb45ab4d3cc8daea28d3f2f37d475c99290bc0b7e7fcc73af7be?s=96&d=mm&r=g","contentUrl":"https:\/\/secure.gravatar.com\/avatar\/4973b6e675aecb45ab4d3cc8daea28d3f2f37d475c99290bc0b7e7fcc73af7be?s=96&d=mm&r=g","caption":"comt"},"url":"https:\/\/comt.cat\/es\/author\/comt\/"}]}},"_links":{"self":[{"href":"https:\/\/comt.cat\/es\/wp-json\/wp\/v2\/posts\/44829","targetHints":{"allow":["GET"]}}],"collection":[{"href":"https:\/\/comt.cat\/es\/wp-json\/wp\/v2\/posts"}],"about":[{"href":"https:\/\/comt.cat\/es\/wp-json\/wp\/v2\/types\/post"}],"author":[{"embeddable":true,"href":"https:\/\/comt.cat\/es\/wp-json\/wp\/v2\/users\/1"}],"replies":[{"embeddable":true,"href":"https:\/\/comt.cat\/es\/wp-json\/wp\/v2\/comments?post=44829"}],"version-history":[{"count":2,"href":"https:\/\/comt.cat\/es\/wp-json\/wp\/v2\/posts\/44829\/revisions"}],"predecessor-version":[{"id":44854,"href":"https:\/\/comt.cat\/es\/wp-json\/wp\/v2\/posts\/44829\/revisions\/44854"}],"wp:attachment":[{"href":"https:\/\/comt.cat\/es\/wp-json\/wp\/v2\/media?parent=44829"}],"wp:term":[{"taxonomy":"category","embeddable":true,"href":"https:\/\/comt.cat\/es\/wp-json\/wp\/v2\/categories?post=44829"},{"taxonomy":"post_tag","embeddable":true,"href":"https:\/\/comt.cat\/es\/wp-json\/wp\/v2\/tags?post=44829"}],"curies":[{"name":"wp","href":"https:\/\/api.w.org\/{rel}","templated":true}]}}