{"id":44836,"date":"2025-11-19T08:13:30","date_gmt":"2025-11-19T07:13:30","guid":{"rendered":"https:\/\/comt.cat\/?p=44836"},"modified":"2025-11-19T08:13:31","modified_gmt":"2025-11-19T07:13:31","slug":"metge-ssa-especialista-en-radiodiagnstic-hospitals-comarcals-de-calella-i-de-blanes","status":"publish","type":"post","link":"https:\/\/comt.cat\/es\/metge-ssa-especialista-en-radiodiagnstic-hospitals-comarcals-de-calella-i-de-blanes\/","title":{"rendered":"METGE\/SSA ESPECIALISTA EN RADIODIAGN&Ograve;STIC (Hospitals Comarcals de Calella i de Blanes)"},"content":{"rendered":"\n\n\t<section class=\"section\" id=\"section_500356591\">\n\t\t<div class=\"section-bg fill\" >\n\t\t\t\t\t\t\t\t\t\n\t\t\t\n\n\t\t<\/div>\n\n\t\t\n\n\t\t<div class=\"section-content relative\">\n\t\t\t\n\n<div class=\"row\"  id=\"row-973493829\">\n\n\n\t<div id=\"col-894715203\" class=\"col small-12 large-12\"  >\n\t\t\t\t<div class=\"col-inner\"  >\n\t\t\t\n\t\t\t\n\n<div class=\"row align-center\"  id=\"row-721590753\">\n\n\n\t<div id=\"col-2076655083\" class=\"col medium-9 small-12 large-9\"  >\n\t\t\t\t<div class=\"col-inner\"  >\n\t\t\t\n\t\t\t\n\n<div class=\"container section-title-container\" style=\"margin-bottom:2px;\"><h4 class=\"section-title section-title-normal\"><b aria-hidden=\"true\"><\/b><span class=\"section-title-main\" style=\"font-size:82%;color:rgb(80, 180, 239);\">Entitat \/ Prove\u00efdor \/ Empresa - Entidad \/ Proveedor \/ Empresa<\/span><b aria-hidden=\"true\"><\/b><\/h4><\/div>\n\n<p> Corporaci&oacute; de Salut del Maresme i la Selva<\/p>\n<div class=\"container section-title-container\" style=\"margin-bottom:2px;\"><h4 class=\"section-title section-title-normal\"><b aria-hidden=\"true\"><\/b><span class=\"section-title-main\" style=\"font-size:82%;color:rgb(80, 180, 239);\">CIF<\/span><b aria-hidden=\"true\"><\/b><\/h4><\/div>\n\n<p>G62743125<\/p>\n<div class=\"container section-title-container\" style=\"margin-bottom:2px;\"><h4 class=\"section-title section-title-normal\"><b aria-hidden=\"true\"><\/b><span class=\"section-title-main\" style=\"font-size:82%;color:rgb(80, 180, 239);\">Persona responsable de l'oferta - Persona responsable de la oferta<\/span><b aria-hidden=\"true\"><\/b><\/h4><\/div>\n\n<p>RRHH Desenvolupament<\/p>\n<div class=\"container section-title-container\" style=\"margin-bottom:2px;\"><h4 class=\"section-title section-title-normal\"><b aria-hidden=\"true\"><\/b><span class=\"section-title-main\" style=\"font-size:82%;color:rgb(80, 180, 239);\">Email<\/span><b aria-hidden=\"true\"><\/b><\/h4><\/div>\n\n<p>rrhhd@salutms.cat<\/p>\n<div class=\"container section-title-container\" style=\"margin-bottom:2px;\"><h4 class=\"section-title section-title-normal\"><b aria-hidden=\"true\"><\/b><span class=\"section-title-main\" style=\"font-size:82%;color:rgb(80, 180, 239);\">Tel\u00e8fon de contacte - Tel\u00e9fono de contacto<\/span><b aria-hidden=\"true\"><\/b><\/h4><\/div>\n\n<p>691435639<\/p>\n<div class=\"container section-title-container\" style=\"margin-bottom:2px;\"><h4 class=\"section-title section-title-normal\"><b aria-hidden=\"true\"><\/b><span class=\"section-title-main\" style=\"font-size:82%;color:rgb(80, 180, 239);\">Especialitat - Especialidad<\/span><b aria-hidden=\"true\"><\/b><\/h4><\/div>\n\n<p>METGE\/SSA ESPECIALISTA EN RADIODIAGN&Ograve;STIC<\/p>\n<div class=\"container section-title-container\" style=\"margin-bottom:2px;\"><h4 class=\"section-title section-title-normal\"><b aria-hidden=\"true\"><\/b><span class=\"section-title-main\" style=\"font-size:82%;color:rgb(80, 180, 239);\">\u00c0mbit geogr\u00e0fic - \u00c1mbito geogr\u00e1fico<\/span><b aria-hidden=\"true\"><\/b><\/h4><\/div>\n\n<p>Hospitals Comarcals de Calella i de Blanes<\/p>\n<div class=\"container section-title-container\" style=\"margin-bottom:2px;\"><h4 class=\"section-title section-title-normal\"><b aria-hidden=\"true\"><\/b><span class=\"section-title-main\" style=\"font-size:82%;color:rgb(80, 180, 239);\">Funcions - Funciones<\/span><b aria-hidden=\"true\"><\/b><\/h4><\/div>\n\n<p>La Corporaci&oacute; de Salut del Maresme i la Selva (Hospitals Comarcals de Calella i de Blanes) busca<br \/>\n<br \/>especialistes en Radiodiagn&ograve;stic amb coneixements generals en totes les &agrave;rees i en totes les modalitats<br \/>\n<br \/>(ecografia, TC, RM) i un\/a especialista amb coneixements i inter&egrave;s en dedicaci&oacute; a la mama. Existeix la<br \/>\n<br \/>possibilitat de prioritzar &agrave;rees de coneixement. Formar&agrave; part d&rsquo;un equip de treball amb participaci&oacute; a<br \/>\n<br \/>comit&egrave;s multidisciplinaris, sessions pr&ograve;pies del servei i en la formaci&oacute; de residents d&rsquo;altres serveis<br \/>\n<br \/>m&egrave;dics.<br \/>\n<br \/>L&rsquo;especialista formar&agrave; part de l&rsquo;equip de la Corporaci&oacute; de Salut del Maresme i la Selva entitat Integrada<br \/>\n<br \/>a la xarxa p&uacute;blica de prove&iuml;dors del Servei Catal&agrave; de la Salut que d&oacute;na servei a una poblaci&oacute; de<br \/>\n<br \/>refer&egrave;ncia d&rsquo;uns 1900 habitants. El servei de Radiologia esta equipat a cada centre hospitalari per 1 TC<br \/>\n<br \/>de 64 corones, 1 RM 1.5T, 3 ec&oacute;grafs (amb un dedicat a la mama), 3 sales de Radiologia Convencional<br \/>\n<br \/>digital, 1 mam&ograve;graf digital amb tomos&iacute;ntesis, tomobi&ograve;psia i mamografia amb contrast, aix&iacute; com un<br \/>\n<br \/>telemando digital nom&eacute;s a l&rsquo;Hospital Comarcal de Calella.<\/p>\n<div class=\"container section-title-container\" style=\"margin-bottom:2px;\"><h4 class=\"section-title section-title-normal\"><b aria-hidden=\"true\"><\/b><span class=\"section-title-main\" style=\"font-size:82%;color:rgb(80, 180, 239);\">Requisits - Requisitos<\/span><b aria-hidden=\"true\"><\/b><\/h4><\/div>\n\n<p>Es requereix<br \/>\n<br \/>&bull; Llicenciatura en Medicina i Cirurgia.<br \/>\n<br \/>&bull; Especialitat en Radiodiagn&ograve;stic via MIR o homologaci&oacute; vigent a l&rsquo;estat espanyol<\/p>\n<p>Es valora<br \/>\n<br \/>&bull; Experi&egrave;ncia i\/o inter&egrave;s en t&egrave;cniques intervencionistes generals, no vascular.<br \/>\n<br \/>&bull; Experi&egrave;ncia en radiologia general de pacients adults i pedi&agrave;trics en ecografia, TC i RM.<br \/>\n<br \/>&bull; Experi&egrave;ncia en t&egrave;cniques intervencionistes de mama.<br \/>\n<br \/>&bull; En el cas de dedicaci&oacute; a la mama es valora experi&egrave;ncia en multimodalitat (mamografia, tomos&iacute;ntesis,<br \/>\n<br \/>mamografia amb contrast, ecografia i RM) i en procediments intervencionistes guiats per les<br \/>\n<br \/>diferents modalitats en imatge, incloent marcatges prequir&uacute;rgics de lesions de mama no palpables. <\/p>\n<div class=\"container section-title-container\" style=\"margin-bottom:2px;\"><h4 class=\"section-title section-title-normal\"><b aria-hidden=\"true\"><\/b><span class=\"section-title-main\" style=\"font-size:82%;color:rgb(80, 180, 239);\">Condicions - Condiciones<\/span><b aria-hidden=\"true\"><\/b><\/h4><\/div>\n\n<p>S&rsquo;ofereix<br \/>\n<br \/>&bull; Contracte laboral temporal, pla&ccedil;a pendent a convocar (interinatge)<br \/>\n<br \/>&bull; Jornada Completa (38,5h\/set) amb horari de matins amb possibilitat d&rsquo;horari complementari extra.<br \/>\n<br \/>No es fan gu&agrave;rdies ni dies festius.<br \/>\n<br \/>&bull; Condicions laborals en base al 3r Conveni col&middot;lectiu de treball dels hospitals d&rsquo;aguts, centres<br \/>\n<br \/>d&rsquo;atenci&oacute; prim&agrave;ria, centres sociosanitaris i centres de salut mental, concertats amb el Servei Catal&agrave;<br \/>\n<br \/>de la Salut<br \/>\n<br \/>&bull; Incorporaci&oacute; immediata o a determinar amb el candidat\/a<\/p>\n<p>En el cas d&rsquo;estar interessat\/da &eacute;s necessari enviar un curr&iacute;culum vitae actualitzat amb la refer&egrave;ncia MRAD25<br \/>\n<br \/>abans del 31 desembre de 2025 a: rrhhd@salutms.cat<br \/>\n<br \/>Per qualsevol dubte: 691435639 (disposa de WhatsApp) o 937 690 201 ext. 2179 &ndash; 2115 (Desenvolupament)<br \/><\/p>\n\n\t\t<\/div>\n\t\t\t\t\t<\/div>\n\n\t\n\n\n<style>\n#row-721590753 > .col > .col-inner {\n  padding: 38px 38px 19px 38px;\n  background-color: rgb(247, 247, 247);\n}\n<\/style>\n<\/div>\n\n\t\t<\/div>\n\t\t\t\t\t<\/div>\n\n\t\n\n<\/div>\n\n\t\t<\/div>\n\n\t\t\n<style>\n#section_500356591 {\n  padding-top: 30px;\n  padding-bottom: 30px;\n}\n<\/style>\n\t<\/section>\n\t\n\n","protected":false},"excerpt":{"rendered":"<p>La Corporaci&oacute; de Salut del Maresme i la Selva (Hospitals Comarcals de Calella i de Blanes) busca<br \/>\nespecialistes en Radiodiagn&ograve;stic amb coneixements generals en totes les &agrave;rees i en totes les modalitats<br \/>\n(ecografia, TC, RM) i un\/a especialista amb coneixements i inter&egrave;s en dedicaci&oacute; a la mama. Existeix la<br \/>\npossibilitat de prioritzar &agrave;rees de coneixement. Formar&agrave; part d&rsquo;un equip de treball amb participaci&oacute; a<br \/>\ncomit&egrave;s multidisciplinaris, sessions pr&ograve;pies del servei i en la formaci&oacute; de residents d&rsquo;altres serveis<br \/>\nm&egrave;dics.<br \/>\nL&rsquo;especialista formar&agrave; part de l&rsquo;equip de la Corporaci&oacute; de Salut del Maresme i la Selva entitat Integrada<br \/>\na la xarxa p&uacute;blica de prove&iuml;dors del Servei Catal&agrave; de la Salut que d&oacute;na servei a una poblaci&oacute; de<br \/>\nrefer&egrave;ncia d&rsquo;uns 1900 habitants. El servei de Radiologia esta equipat a cada centre hospitalari per 1 TC<br \/>\nde 64 corones, 1 RM 1.5T, 3 ec&oacute;grafs (amb un dedicat a la mama), 3 sales de Radiologia Convencional<br \/>\ndigital, 1 mam&ograve;graf digital amb tomos&iacute;ntesis, tomobi&ograve;psia i mamografia amb contrast, aix&iacute; com un<br \/>\ntelemando digital nom&eacute;s a l&rsquo;Hospital Comarcal de Calella.<\/p>\n","protected":false},"author":1,"featured_media":0,"comment_status":"closed","ping_status":"closed","sticky":false,"template":"","format":"standard","meta":{"footnotes":""},"categories":[161,574],"tags":[],"class_list":["post-44836","post","type-post","status-publish","format-standard","hentry","category-bolsa-de-trabajo","category-catalunya-es"],"yoast_head":"<!-- This site is optimized with the Yoast SEO plugin v27.4 - https:\/\/yoast.com\/product\/yoast-seo-wordpress\/ -->\n<title>METGE\/SSA ESPECIALISTA EN RADIODIAGN&Ograve;STIC (Hospitals Comarcals de Calella i de Blanes) - COMT<\/title>\n<meta name=\"robots\" content=\"index, follow, max-snippet:-1, max-image-preview:large, max-video-preview:-1\" \/>\n<link rel=\"canonical\" href=\"https:\/\/comt.cat\/metge-ssa-especialista-en-radiodiagnstic-hospitals-comarcals-de-calella-i-de-blanes\/\" \/>\n<meta property=\"og:locale\" content=\"es_ES\" \/>\n<meta property=\"og:type\" content=\"article\" \/>\n<meta property=\"og:title\" content=\"METGE\/SSA ESPECIALISTA EN RADIODIAGN&Ograve;STIC (Hospitals Comarcals de Calella i de Blanes) - COMT\" \/>\n<meta property=\"og:description\" content=\"La Corporaci&oacute; de Salut del Maresme i la Selva (Hospitals Comarcals de Calella i de Blanes) busca especialistes en Radiodiagn&ograve;stic amb coneixements generals en totes les &agrave;rees i en totes les modalitats  (ecografia, TC, RM) i un\/a especialista amb coneixements i inter&egrave;s en dedicaci&oacute; a la mama. Existeix la  possibilitat de prioritzar &agrave;rees de coneixement. Formar&agrave; part d&rsquo;un equip de treball amb participaci&oacute; a comit&egrave;s multidisciplinaris, sessions pr&ograve;pies del servei i en la formaci&oacute; de residents d&rsquo;altres serveis  m&egrave;dics.  L&rsquo;especialista formar&agrave; part de l&rsquo;equip de la Corporaci&oacute; de Salut del Maresme i la Selva entitat Integrada  a la xarxa p&uacute;blica de prove&iuml;dors del Servei Catal&agrave; de la Salut que d&oacute;na servei a una poblaci&oacute; de  refer&egrave;ncia d&rsquo;uns 1900 habitants. El servei de Radiologia esta equipat a cada centre hospitalari per 1 TC  de 64 corones, 1 RM 1.5T, 3 ec&oacute;grafs (amb un dedicat a la mama), 3 sales de Radiologia Convencional digital, 1 mam&ograve;graf digital amb tomos&iacute;ntesis, tomobi&ograve;psia i mamografia amb contrast, aix&iacute; com un  telemando digital nom&eacute;s a l&rsquo;Hospital Comarcal de Calella.\" \/>\n<meta property=\"og:url\" content=\"https:\/\/comt.cat\/metge-ssa-especialista-en-radiodiagnstic-hospitals-comarcals-de-calella-i-de-blanes\/\" \/>\n<meta property=\"og:site_name\" content=\"COMT\" \/>\n<meta property=\"article:published_time\" content=\"2025-11-19T07:13:30+00:00\" \/>\n<meta property=\"article:modified_time\" content=\"2025-11-19T07:13:31+00:00\" \/>\n<meta name=\"author\" content=\"comt\" \/>\n<meta name=\"twitter:card\" content=\"summary_large_image\" \/>\n<meta name=\"twitter:label1\" content=\"Escrito por\" \/>\n\t<meta name=\"twitter:data1\" content=\"comt\" \/>\n\t<meta name=\"twitter:label2\" content=\"Tiempo de lectura\" \/>\n\t<meta name=\"twitter:data2\" content=\"3 minutos\" \/>\n<script type=\"application\/ld+json\" class=\"yoast-schema-graph\">{\"@context\":\"https:\\\/\\\/schema.org\",\"@graph\":[{\"@type\":\"Article\",\"@id\":\"https:\\\/\\\/comt.cat\\\/metge-ssa-especialista-en-radiodiagnstic-hospitals-comarcals-de-calella-i-de-blanes\\\/#article\",\"isPartOf\":{\"@id\":\"https:\\\/\\\/comt.cat\\\/metge-ssa-especialista-en-radiodiagnstic-hospitals-comarcals-de-calella-i-de-blanes\\\/\"},\"author\":{\"name\":\"comt\",\"@id\":\"https:\\\/\\\/comt.cat\\\/#\\\/schema\\\/person\\\/e9c884d9eb13a1fd7c15c3899c93dbee\"},\"headline\":\"METGE\\\/SSA ESPECIALISTA EN RADIODIAGN&Ograve;STIC (Hospitals Comarcals de Calella i de Blanes)\",\"datePublished\":\"2025-11-19T07:13:30+00:00\",\"dateModified\":\"2025-11-19T07:13:31+00:00\",\"mainEntityOfPage\":{\"@id\":\"https:\\\/\\\/comt.cat\\\/metge-ssa-especialista-en-radiodiagnstic-hospitals-comarcals-de-calella-i-de-blanes\\\/\"},\"wordCount\":708,\"articleSection\":[\"Bolsa de trabajo\",\"Catalunya\"],\"inLanguage\":\"es\"},{\"@type\":\"WebPage\",\"@id\":\"https:\\\/\\\/comt.cat\\\/metge-ssa-especialista-en-radiodiagnstic-hospitals-comarcals-de-calella-i-de-blanes\\\/\",\"url\":\"https:\\\/\\\/comt.cat\\\/metge-ssa-especialista-en-radiodiagnstic-hospitals-comarcals-de-calella-i-de-blanes\\\/\",\"name\":\"METGE\\\/SSA ESPECIALISTA EN RADIODIAGN&Ograve;STIC (Hospitals Comarcals de Calella i de Blanes) - COMT\",\"isPartOf\":{\"@id\":\"https:\\\/\\\/comt.cat\\\/#website\"},\"datePublished\":\"2025-11-19T07:13:30+00:00\",\"dateModified\":\"2025-11-19T07:13:31+00:00\",\"author\":{\"@id\":\"https:\\\/\\\/comt.cat\\\/#\\\/schema\\\/person\\\/e9c884d9eb13a1fd7c15c3899c93dbee\"},\"breadcrumb\":{\"@id\":\"https:\\\/\\\/comt.cat\\\/metge-ssa-especialista-en-radiodiagnstic-hospitals-comarcals-de-calella-i-de-blanes\\\/#breadcrumb\"},\"inLanguage\":\"es\",\"potentialAction\":[{\"@type\":\"ReadAction\",\"target\":[\"https:\\\/\\\/comt.cat\\\/metge-ssa-especialista-en-radiodiagnstic-hospitals-comarcals-de-calella-i-de-blanes\\\/\"]}]},{\"@type\":\"BreadcrumbList\",\"@id\":\"https:\\\/\\\/comt.cat\\\/metge-ssa-especialista-en-radiodiagnstic-hospitals-comarcals-de-calella-i-de-blanes\\\/#breadcrumb\",\"itemListElement\":[{\"@type\":\"ListItem\",\"position\":1,\"name\":\"Home\",\"item\":\"https:\\\/\\\/comt.cat\\\/es\\\/\"},{\"@type\":\"ListItem\",\"position\":2,\"name\":\"METGE\\\/SSA ESPECIALISTA EN RADIODIAGN&Ograve;STIC (Hospitals Comarcals de Calella i de Blanes)\"}]},{\"@type\":\"WebSite\",\"@id\":\"https:\\\/\\\/comt.cat\\\/#website\",\"url\":\"https:\\\/\\\/comt.cat\\\/\",\"name\":\"COMT\",\"description\":\"Col\u00b7legi de Metges de Tarragona\",\"potentialAction\":[{\"@type\":\"SearchAction\",\"target\":{\"@type\":\"EntryPoint\",\"urlTemplate\":\"https:\\\/\\\/comt.cat\\\/?s={search_term_string}\"},\"query-input\":{\"@type\":\"PropertyValueSpecification\",\"valueRequired\":true,\"valueName\":\"search_term_string\"}}],\"inLanguage\":\"es\"},{\"@type\":\"Person\",\"@id\":\"https:\\\/\\\/comt.cat\\\/#\\\/schema\\\/person\\\/e9c884d9eb13a1fd7c15c3899c93dbee\",\"name\":\"comt\",\"image\":{\"@type\":\"ImageObject\",\"inLanguage\":\"es\",\"@id\":\"https:\\\/\\\/secure.gravatar.com\\\/avatar\\\/4973b6e675aecb45ab4d3cc8daea28d3f2f37d475c99290bc0b7e7fcc73af7be?s=96&d=mm&r=g\",\"url\":\"https:\\\/\\\/secure.gravatar.com\\\/avatar\\\/4973b6e675aecb45ab4d3cc8daea28d3f2f37d475c99290bc0b7e7fcc73af7be?s=96&d=mm&r=g\",\"contentUrl\":\"https:\\\/\\\/secure.gravatar.com\\\/avatar\\\/4973b6e675aecb45ab4d3cc8daea28d3f2f37d475c99290bc0b7e7fcc73af7be?s=96&d=mm&r=g\",\"caption\":\"comt\"},\"url\":\"https:\\\/\\\/comt.cat\\\/es\\\/author\\\/comt\\\/\"}]}<\/script>\n<!-- \/ Yoast SEO plugin. -->","yoast_head_json":{"title":"METGE\/SSA ESPECIALISTA EN RADIODIAGN&Ograve;STIC (Hospitals Comarcals de Calella i de Blanes) - COMT","robots":{"index":"index","follow":"follow","max-snippet":"max-snippet:-1","max-image-preview":"max-image-preview:large","max-video-preview":"max-video-preview:-1"},"canonical":"https:\/\/comt.cat\/metge-ssa-especialista-en-radiodiagnstic-hospitals-comarcals-de-calella-i-de-blanes\/","og_locale":"es_ES","og_type":"article","og_title":"METGE\/SSA ESPECIALISTA EN RADIODIAGN&Ograve;STIC (Hospitals Comarcals de Calella i de Blanes) - COMT","og_description":"La Corporaci&oacute; de Salut del Maresme i la Selva (Hospitals Comarcals de Calella i de Blanes) busca especialistes en Radiodiagn&ograve;stic amb coneixements generals en totes les &agrave;rees i en totes les modalitats  (ecografia, TC, RM) i un\/a especialista amb coneixements i inter&egrave;s en dedicaci&oacute; a la mama. Existeix la  possibilitat de prioritzar &agrave;rees de coneixement. Formar&agrave; part d&rsquo;un equip de treball amb participaci&oacute; a comit&egrave;s multidisciplinaris, sessions pr&ograve;pies del servei i en la formaci&oacute; de residents d&rsquo;altres serveis  m&egrave;dics.  L&rsquo;especialista formar&agrave; part de l&rsquo;equip de la Corporaci&oacute; de Salut del Maresme i la Selva entitat Integrada  a la xarxa p&uacute;blica de prove&iuml;dors del Servei Catal&agrave; de la Salut que d&oacute;na servei a una poblaci&oacute; de  refer&egrave;ncia d&rsquo;uns 1900 habitants. El servei de Radiologia esta equipat a cada centre hospitalari per 1 TC  de 64 corones, 1 RM 1.5T, 3 ec&oacute;grafs (amb un dedicat a la mama), 3 sales de Radiologia Convencional digital, 1 mam&ograve;graf digital amb tomos&iacute;ntesis, tomobi&ograve;psia i mamografia amb contrast, aix&iacute; com un  telemando digital nom&eacute;s a l&rsquo;Hospital Comarcal de Calella.","og_url":"https:\/\/comt.cat\/metge-ssa-especialista-en-radiodiagnstic-hospitals-comarcals-de-calella-i-de-blanes\/","og_site_name":"COMT","article_published_time":"2025-11-19T07:13:30+00:00","article_modified_time":"2025-11-19T07:13:31+00:00","author":"comt","twitter_card":"summary_large_image","twitter_misc":{"Escrito por":"comt","Tiempo de lectura":"3 minutos"},"schema":{"@context":"https:\/\/schema.org","@graph":[{"@type":"Article","@id":"https:\/\/comt.cat\/metge-ssa-especialista-en-radiodiagnstic-hospitals-comarcals-de-calella-i-de-blanes\/#article","isPartOf":{"@id":"https:\/\/comt.cat\/metge-ssa-especialista-en-radiodiagnstic-hospitals-comarcals-de-calella-i-de-blanes\/"},"author":{"name":"comt","@id":"https:\/\/comt.cat\/#\/schema\/person\/e9c884d9eb13a1fd7c15c3899c93dbee"},"headline":"METGE\/SSA ESPECIALISTA EN RADIODIAGN&Ograve;STIC (Hospitals Comarcals de Calella i de Blanes)","datePublished":"2025-11-19T07:13:30+00:00","dateModified":"2025-11-19T07:13:31+00:00","mainEntityOfPage":{"@id":"https:\/\/comt.cat\/metge-ssa-especialista-en-radiodiagnstic-hospitals-comarcals-de-calella-i-de-blanes\/"},"wordCount":708,"articleSection":["Bolsa de trabajo","Catalunya"],"inLanguage":"es"},{"@type":"WebPage","@id":"https:\/\/comt.cat\/metge-ssa-especialista-en-radiodiagnstic-hospitals-comarcals-de-calella-i-de-blanes\/","url":"https:\/\/comt.cat\/metge-ssa-especialista-en-radiodiagnstic-hospitals-comarcals-de-calella-i-de-blanes\/","name":"METGE\/SSA ESPECIALISTA EN RADIODIAGN&Ograve;STIC (Hospitals Comarcals de Calella i de Blanes) - COMT","isPartOf":{"@id":"https:\/\/comt.cat\/#website"},"datePublished":"2025-11-19T07:13:30+00:00","dateModified":"2025-11-19T07:13:31+00:00","author":{"@id":"https:\/\/comt.cat\/#\/schema\/person\/e9c884d9eb13a1fd7c15c3899c93dbee"},"breadcrumb":{"@id":"https:\/\/comt.cat\/metge-ssa-especialista-en-radiodiagnstic-hospitals-comarcals-de-calella-i-de-blanes\/#breadcrumb"},"inLanguage":"es","potentialAction":[{"@type":"ReadAction","target":["https:\/\/comt.cat\/metge-ssa-especialista-en-radiodiagnstic-hospitals-comarcals-de-calella-i-de-blanes\/"]}]},{"@type":"BreadcrumbList","@id":"https:\/\/comt.cat\/metge-ssa-especialista-en-radiodiagnstic-hospitals-comarcals-de-calella-i-de-blanes\/#breadcrumb","itemListElement":[{"@type":"ListItem","position":1,"name":"Home","item":"https:\/\/comt.cat\/es\/"},{"@type":"ListItem","position":2,"name":"METGE\/SSA ESPECIALISTA EN RADIODIAGN&Ograve;STIC (Hospitals Comarcals de Calella i de Blanes)"}]},{"@type":"WebSite","@id":"https:\/\/comt.cat\/#website","url":"https:\/\/comt.cat\/","name":"COMT","description":"Col\u00b7legi de Metges de Tarragona","potentialAction":[{"@type":"SearchAction","target":{"@type":"EntryPoint","urlTemplate":"https:\/\/comt.cat\/?s={search_term_string}"},"query-input":{"@type":"PropertyValueSpecification","valueRequired":true,"valueName":"search_term_string"}}],"inLanguage":"es"},{"@type":"Person","@id":"https:\/\/comt.cat\/#\/schema\/person\/e9c884d9eb13a1fd7c15c3899c93dbee","name":"comt","image":{"@type":"ImageObject","inLanguage":"es","@id":"https:\/\/secure.gravatar.com\/avatar\/4973b6e675aecb45ab4d3cc8daea28d3f2f37d475c99290bc0b7e7fcc73af7be?s=96&d=mm&r=g","url":"https:\/\/secure.gravatar.com\/avatar\/4973b6e675aecb45ab4d3cc8daea28d3f2f37d475c99290bc0b7e7fcc73af7be?s=96&d=mm&r=g","contentUrl":"https:\/\/secure.gravatar.com\/avatar\/4973b6e675aecb45ab4d3cc8daea28d3f2f37d475c99290bc0b7e7fcc73af7be?s=96&d=mm&r=g","caption":"comt"},"url":"https:\/\/comt.cat\/es\/author\/comt\/"}]}},"_links":{"self":[{"href":"https:\/\/comt.cat\/es\/wp-json\/wp\/v2\/posts\/44836","targetHints":{"allow":["GET"]}}],"collection":[{"href":"https:\/\/comt.cat\/es\/wp-json\/wp\/v2\/posts"}],"about":[{"href":"https:\/\/comt.cat\/es\/wp-json\/wp\/v2\/types\/post"}],"author":[{"embeddable":true,"href":"https:\/\/comt.cat\/es\/wp-json\/wp\/v2\/users\/1"}],"replies":[{"embeddable":true,"href":"https:\/\/comt.cat\/es\/wp-json\/wp\/v2\/comments?post=44836"}],"version-history":[{"count":2,"href":"https:\/\/comt.cat\/es\/wp-json\/wp\/v2\/posts\/44836\/revisions"}],"predecessor-version":[{"id":44844,"href":"https:\/\/comt.cat\/es\/wp-json\/wp\/v2\/posts\/44836\/revisions\/44844"}],"wp:attachment":[{"href":"https:\/\/comt.cat\/es\/wp-json\/wp\/v2\/media?parent=44836"}],"wp:term":[{"taxonomy":"category","embeddable":true,"href":"https:\/\/comt.cat\/es\/wp-json\/wp\/v2\/categories?post=44836"},{"taxonomy":"post_tag","embeddable":true,"href":"https:\/\/comt.cat\/es\/wp-json\/wp\/v2\/tags?post=44836"}],"curies":[{"name":"wp","href":"https:\/\/api.w.org\/{rel}","templated":true}]}}