{"id":44970,"date":"2025-11-25T11:38:59","date_gmt":"2025-11-25T10:38:59","guid":{"rendered":"https:\/\/comt.cat\/?p=44970"},"modified":"2025-11-25T11:39:01","modified_gmt":"2025-11-25T10:39:01","slug":"medicina-del-treball-baix-empord","status":"publish","type":"post","link":"https:\/\/comt.cat\/es\/medicina-del-treball-baix-empord\/","title":{"rendered":"Medicina del Treball (Baix Empord&agrave;)"},"content":{"rendered":"\n\n\t<section class=\"section\" id=\"section_805513825\">\n\t\t<div class=\"section-bg fill\" >\n\t\t\t\t\t\t\t\t\t\n\t\t\t\n\n\t\t<\/div>\n\n\t\t\n\n\t\t<div class=\"section-content relative\">\n\t\t\t\n\n<div class=\"row\"  id=\"row-1339610272\">\n\n\n\t<div id=\"col-139375295\" class=\"col small-12 large-12\"  >\n\t\t\t\t<div class=\"col-inner\"  >\n\t\t\t\n\t\t\t\n\n<div class=\"row align-center\"  id=\"row-2139492720\">\n\n\n\t<div id=\"col-2024341768\" class=\"col medium-9 small-12 large-9\"  >\n\t\t\t\t<div class=\"col-inner\"  >\n\t\t\t\n\t\t\t\n\n<div class=\"container section-title-container\" style=\"margin-bottom:2px;\"><h4 class=\"section-title section-title-normal\"><b aria-hidden=\"true\"><\/b><span class=\"section-title-main\" style=\"font-size:82%;color:rgb(80, 180, 239);\">Entitat \/ Prove\u00efdor \/ Empresa - Entidad \/ Proveedor \/ Empresa<\/span><b aria-hidden=\"true\"><\/b><\/h4><\/div>\n\n<p>Fundaci&oacute; Hospital de Palam&oacute;s &#8211; SSIBE<\/p>\n<div class=\"container section-title-container\" style=\"margin-bottom:2px;\"><h4 class=\"section-title section-title-normal\"><b aria-hidden=\"true\"><\/b><span class=\"section-title-main\" style=\"font-size:82%;color:rgb(80, 180, 239);\">CIF<\/span><b aria-hidden=\"true\"><\/b><\/h4><\/div>\n\n<p>G17053596<\/p>\n<div class=\"container section-title-container\" style=\"margin-bottom:2px;\"><h4 class=\"section-title section-title-normal\"><b aria-hidden=\"true\"><\/b><span class=\"section-title-main\" style=\"font-size:82%;color:rgb(80, 180, 239);\">Persona responsable de l'oferta - Persona responsable de la oferta<\/span><b aria-hidden=\"true\"><\/b><\/h4><\/div>\n\n<p>Dolors Margarit<\/p>\n<div class=\"container section-title-container\" style=\"margin-bottom:2px;\"><h4 class=\"section-title section-title-normal\"><b aria-hidden=\"true\"><\/b><span class=\"section-title-main\" style=\"font-size:82%;color:rgb(80, 180, 239);\">Email<\/span><b aria-hidden=\"true\"><\/b><\/h4><\/div>\n\n<p>dmargarit@ssibe.cat<\/p>\n<div class=\"container section-title-container\" style=\"margin-bottom:2px;\"><h4 class=\"section-title section-title-normal\"><b aria-hidden=\"true\"><\/b><span class=\"section-title-main\" style=\"font-size:82%;color:rgb(80, 180, 239);\">Tel\u00e8fon de contacte - Tel\u00e9fono de contacto<\/span><b aria-hidden=\"true\"><\/b><\/h4><\/div>\n\n<p>972609239<\/p>\n<div class=\"container section-title-container\" style=\"margin-bottom:2px;\"><h4 class=\"section-title section-title-normal\"><b aria-hidden=\"true\"><\/b><span class=\"section-title-main\" style=\"font-size:82%;color:rgb(80, 180, 239);\">Especialitat - Especialidad<\/span><b aria-hidden=\"true\"><\/b><\/h4><\/div>\n\n<p>Medicina del Treball<\/p>\n<div class=\"container section-title-container\" style=\"margin-bottom:2px;\"><h4 class=\"section-title section-title-normal\"><b aria-hidden=\"true\"><\/b><span class=\"section-title-main\" style=\"font-size:82%;color:rgb(80, 180, 239);\">\u00c0mbit geogr\u00e0fic - \u00c1mbito geogr\u00e1fico<\/span><b aria-hidden=\"true\"><\/b><\/h4><\/div>\n\n<p>Baix Empord&agrave;<\/p>\n<div class=\"container section-title-container\" style=\"margin-bottom:2px;\"><h4 class=\"section-title section-title-normal\"><b aria-hidden=\"true\"><\/b><span class=\"section-title-main\" style=\"font-size:82%;color:rgb(80, 180, 239);\">Funcions - Funciones<\/span><b aria-hidden=\"true\"><\/b><\/h4><\/div>\n\n<p>&bull;\tVigil&agrave;ncia de la salut de les persones treballadores per valorar la idone&iuml;tat realitzant els ex&agrave;mens de salut.<br \/>\n<br \/>&bull;\tIdentificar, diagnosticar i fer seguiment dels problemes de salut relacionats amb el lloc de treball.<br \/>\n<br \/>&bull;\tProposar, elaborar i implementar campanyes de prevenci&oacute; i promoci&oacute; de la salut.<br \/>\n<br \/>&bull;\tDissenyar i elaborar estudis de vigil&agrave;ncia de la salut col&middot;lectiva per con&egrave;ixer l&rsquo;estat de salut de les persones treballadores.<br \/>\n<br \/>&bull;\tParticipar en l&rsquo;elaboraci&oacute; de procediments, planificaci&oacute; i seguiment de mesures preventives juntament amb la resta de membres de l&rsquo;equip.<br \/>\n<br \/>&bull;\tAltres funcions de coordinaci&oacute; pr&ograve;pies del lloc de treball.<br \/><\/p>\n<div class=\"container section-title-container\" style=\"margin-bottom:2px;\"><h4 class=\"section-title section-title-normal\"><b aria-hidden=\"true\"><\/b><span class=\"section-title-main\" style=\"font-size:82%;color:rgb(80, 180, 239);\">Requisits - Requisitos<\/span><b aria-hidden=\"true\"><\/b><\/h4><\/div>\n\n<p>&bull;\tLlicenciatura o Grau en Medicina i Cirurgia.<br \/>\n<br \/>&bull;\tEspecialitat preferentment via MIR, en Medicina del Treball (o homologaci&oacute; de la UE si la titulaci&oacute; s&rsquo;ha obtingut en un pa&iacute;s estranger).<br \/>\n<br \/>&bull;\tDisponibilitat hor&agrave;ria.<br \/><\/p>\n<div class=\"container section-title-container\" style=\"margin-bottom:2px;\"><h4 class=\"section-title section-title-normal\"><b aria-hidden=\"true\"><\/b><span class=\"section-title-main\" style=\"font-size:82%;color:rgb(80, 180, 239);\">Condicions - Condiciones<\/span><b aria-hidden=\"true\"><\/b><\/h4><\/div>\n\n<p>L&rsquo;Hospital de Palam&oacute;s forma part de Serveis de Salut Integrats del Baix Empord&agrave;, que inclou l&rsquo;atenci&oacute; prim&agrave;ria, atenci&oacute; especialitzada i atenci&oacute; interm&egrave;dia.<\/p>\n<p>El Servei de Prevenci&oacute;, format per un Infermer especialista en Infermeria del Treball, 2 T&egrave;cnics Superiors de Prevenci&oacute; de Riscos Laborals i una Administrativa, busca incorporar al seu equip un\/a Metge\/ssa especialista en Medicina del Treball, que alhora desenvolupi les funcions de Cap de Servei del Servei de Prevenci&oacute;. <\/p>\n<p>S&rsquo;OFEREIX:<br \/>\n<br \/>&bull;\tContractaci&oacute; laboral indefinida a jornada completa (1688 h\/a), com a metge\/ssa adjunt\/a al Servei de Prevenci&oacute; de Riscos Laborals.<br \/>\n<br \/>&bull;\tSou segons III Conveni Col&middot;lectiu de Treball dels Hospitals d&rsquo;Aguts, Centres d&rsquo;Atenci&oacute; Prim&agrave;ria, Centres Sociosanitaris i Centres de Salut Mental, concertats amb el Servei Catal&agrave; de la Salut.<br \/>\n<br \/>&bull;\tIncorporaci&oacute; al Gener de 2026.<br \/>\n<br \/>&bull;\tPrograma actiu de formaci&oacute; i reciclatge.<br \/>\n<br \/>TERMINI DE PRESENTACI&Oacute;: 21 de Desembre de 2025<\/p>\n<p>CANDIDATS\/ES INTERESSATS\/DES:<br \/>\n<br \/>Entra a la web www.ssibe.cat &ndash; borsa de treball,  clica damunt l&rsquo;oferta de treball que correspon i clica damunt a la pestanya &ldquo;INSCRIURE&rsquo;M EN AQUESTA OFERTA&rdquo; &#8211; cal omplir tots els camps i adjuntar CV actualitzat, carta de motivaci&oacute; i altra documentaci&oacute; addicional que es consideri oportuna.<br \/>\n<br \/> Refer&egrave;ncia: HP-MT<br \/>\n<br \/>Per a m&eacute;s informaci&oacute;,<br \/>\n<br \/>972 60.92.39 &ndash; csoler@ssibe.cat (Sra. Carmen Soler)<br \/><\/p>\n\n\t\t<\/div>\n\t\t\t\t\t<\/div>\n\n\t\n\n\n<style>\n#row-2139492720 > .col > .col-inner {\n  padding: 38px 38px 19px 38px;\n  background-color: rgb(247, 247, 247);\n}\n<\/style>\n<\/div>\n\n\t\t<\/div>\n\t\t\t\t\t<\/div>\n\n\t\n\n<\/div>\n\n\t\t<\/div>\n\n\t\t\n<style>\n#section_805513825 {\n  padding-top: 30px;\n  padding-bottom: 30px;\n}\n<\/style>\n\t<\/section>\n\t\n\n","protected":false},"excerpt":{"rendered":"<p>&bull;\tVigil&agrave;ncia de la salut de les persones treballadores per valorar la idone&iuml;tat realitzant els ex&agrave;mens de salut.<br \/>\n&bull;\tIdentificar, diagnosticar i fer seguiment dels problemes de salut relacionats amb el lloc de treball.<br \/>\n&bull;\tProposar, elaborar i implementar campanyes de prevenci&oacute; i promoci&oacute; de la salut.<br \/>\n&bull;\tDissenyar i elaborar estudis de vigil&agrave;ncia de la salut col&middot;lectiva per con&egrave;ixer l&rsquo;estat de salut de les persones treballadores.<br \/>\n&bull;\tParticipar en l&rsquo;elaboraci&oacute; de procediments, planificaci&oacute; i seguiment de mesures preventives juntament amb la resta de membres de l&rsquo;equip.<br \/>\n&bull;\tAltres funcions de coordinaci&oacute; pr&ograve;pies del lloc de treball.<\/p>\n","protected":false},"author":1,"featured_media":0,"comment_status":"closed","ping_status":"closed","sticky":false,"template":"","format":"standard","meta":{"footnotes":""},"categories":[161,574],"tags":[],"class_list":["post-44970","post","type-post","status-publish","format-standard","hentry","category-bolsa-de-trabajo","category-catalunya-es"],"yoast_head":"<!-- This site is optimized with the Yoast SEO plugin v27.4 - https:\/\/yoast.com\/product\/yoast-seo-wordpress\/ -->\n<title>Medicina del Treball (Baix Empord&agrave;) - COMT<\/title>\n<meta name=\"robots\" content=\"index, follow, max-snippet:-1, max-image-preview:large, max-video-preview:-1\" \/>\n<link rel=\"canonical\" href=\"https:\/\/comt.cat\/medicina-del-treball-baix-empord\/\" \/>\n<meta property=\"og:locale\" content=\"es_ES\" \/>\n<meta property=\"og:type\" content=\"article\" \/>\n<meta property=\"og:title\" content=\"Medicina del Treball (Baix Empord&agrave;) - COMT\" \/>\n<meta property=\"og:description\" content=\"&bull; Vigil&agrave;ncia de la salut de les persones treballadores per valorar la idone&iuml;tat realitzant els ex&agrave;mens de salut. &bull; Identificar, diagnosticar i fer seguiment dels problemes de salut relacionats amb el lloc de treball.  &bull; Proposar, elaborar i implementar campanyes de prevenci&oacute; i promoci&oacute; de la salut. &bull; Dissenyar i elaborar estudis de vigil&agrave;ncia de la salut col&middot;lectiva per con&egrave;ixer l&rsquo;estat de salut de les persones treballadores.  &bull; Participar en l&rsquo;elaboraci&oacute; de procediments, planificaci&oacute; i seguiment de mesures preventives juntament amb la resta de membres de l&rsquo;equip.  &bull; Altres funcions de coordinaci&oacute; pr&ograve;pies del lloc de treball.\" \/>\n<meta property=\"og:url\" content=\"https:\/\/comt.cat\/medicina-del-treball-baix-empord\/\" \/>\n<meta property=\"og:site_name\" content=\"COMT\" \/>\n<meta property=\"article:published_time\" content=\"2025-11-25T10:38:59+00:00\" \/>\n<meta property=\"article:modified_time\" content=\"2025-11-25T10:39:01+00:00\" \/>\n<meta name=\"author\" content=\"comt\" \/>\n<meta name=\"twitter:card\" content=\"summary_large_image\" \/>\n<meta name=\"twitter:label1\" content=\"Escrito por\" \/>\n\t<meta name=\"twitter:data1\" content=\"comt\" \/>\n\t<meta name=\"twitter:label2\" content=\"Tiempo de lectura\" \/>\n\t<meta name=\"twitter:data2\" content=\"3 minutos\" \/>\n<script type=\"application\/ld+json\" class=\"yoast-schema-graph\">{\"@context\":\"https:\\\/\\\/schema.org\",\"@graph\":[{\"@type\":\"Article\",\"@id\":\"https:\\\/\\\/comt.cat\\\/medicina-del-treball-baix-empord\\\/#article\",\"isPartOf\":{\"@id\":\"https:\\\/\\\/comt.cat\\\/medicina-del-treball-baix-empord\\\/\"},\"author\":{\"name\":\"comt\",\"@id\":\"https:\\\/\\\/comt.cat\\\/#\\\/schema\\\/person\\\/e9c884d9eb13a1fd7c15c3899c93dbee\"},\"headline\":\"Medicina del Treball (Baix Empord&agrave;)\",\"datePublished\":\"2025-11-25T10:38:59+00:00\",\"dateModified\":\"2025-11-25T10:39:01+00:00\",\"mainEntityOfPage\":{\"@id\":\"https:\\\/\\\/comt.cat\\\/medicina-del-treball-baix-empord\\\/\"},\"wordCount\":637,\"articleSection\":[\"Bolsa de trabajo\",\"Catalunya\"],\"inLanguage\":\"es\"},{\"@type\":\"WebPage\",\"@id\":\"https:\\\/\\\/comt.cat\\\/medicina-del-treball-baix-empord\\\/\",\"url\":\"https:\\\/\\\/comt.cat\\\/medicina-del-treball-baix-empord\\\/\",\"name\":\"Medicina del Treball (Baix Empord&agrave;) - COMT\",\"isPartOf\":{\"@id\":\"https:\\\/\\\/comt.cat\\\/#website\"},\"datePublished\":\"2025-11-25T10:38:59+00:00\",\"dateModified\":\"2025-11-25T10:39:01+00:00\",\"author\":{\"@id\":\"https:\\\/\\\/comt.cat\\\/#\\\/schema\\\/person\\\/e9c884d9eb13a1fd7c15c3899c93dbee\"},\"breadcrumb\":{\"@id\":\"https:\\\/\\\/comt.cat\\\/medicina-del-treball-baix-empord\\\/#breadcrumb\"},\"inLanguage\":\"es\",\"potentialAction\":[{\"@type\":\"ReadAction\",\"target\":[\"https:\\\/\\\/comt.cat\\\/medicina-del-treball-baix-empord\\\/\"]}]},{\"@type\":\"BreadcrumbList\",\"@id\":\"https:\\\/\\\/comt.cat\\\/medicina-del-treball-baix-empord\\\/#breadcrumb\",\"itemListElement\":[{\"@type\":\"ListItem\",\"position\":1,\"name\":\"Home\",\"item\":\"https:\\\/\\\/comt.cat\\\/es\\\/\"},{\"@type\":\"ListItem\",\"position\":2,\"name\":\"Medicina del Treball (Baix Empord&agrave;)\"}]},{\"@type\":\"WebSite\",\"@id\":\"https:\\\/\\\/comt.cat\\\/#website\",\"url\":\"https:\\\/\\\/comt.cat\\\/\",\"name\":\"COMT\",\"description\":\"Col\u00b7legi de Metges de Tarragona\",\"potentialAction\":[{\"@type\":\"SearchAction\",\"target\":{\"@type\":\"EntryPoint\",\"urlTemplate\":\"https:\\\/\\\/comt.cat\\\/?s={search_term_string}\"},\"query-input\":{\"@type\":\"PropertyValueSpecification\",\"valueRequired\":true,\"valueName\":\"search_term_string\"}}],\"inLanguage\":\"es\"},{\"@type\":\"Person\",\"@id\":\"https:\\\/\\\/comt.cat\\\/#\\\/schema\\\/person\\\/e9c884d9eb13a1fd7c15c3899c93dbee\",\"name\":\"comt\",\"image\":{\"@type\":\"ImageObject\",\"inLanguage\":\"es\",\"@id\":\"https:\\\/\\\/secure.gravatar.com\\\/avatar\\\/4973b6e675aecb45ab4d3cc8daea28d3f2f37d475c99290bc0b7e7fcc73af7be?s=96&d=mm&r=g\",\"url\":\"https:\\\/\\\/secure.gravatar.com\\\/avatar\\\/4973b6e675aecb45ab4d3cc8daea28d3f2f37d475c99290bc0b7e7fcc73af7be?s=96&d=mm&r=g\",\"contentUrl\":\"https:\\\/\\\/secure.gravatar.com\\\/avatar\\\/4973b6e675aecb45ab4d3cc8daea28d3f2f37d475c99290bc0b7e7fcc73af7be?s=96&d=mm&r=g\",\"caption\":\"comt\"},\"url\":\"https:\\\/\\\/comt.cat\\\/es\\\/author\\\/comt\\\/\"}]}<\/script>\n<!-- \/ Yoast SEO plugin. -->","yoast_head_json":{"title":"Medicina del Treball (Baix Empord&agrave;) - COMT","robots":{"index":"index","follow":"follow","max-snippet":"max-snippet:-1","max-image-preview":"max-image-preview:large","max-video-preview":"max-video-preview:-1"},"canonical":"https:\/\/comt.cat\/medicina-del-treball-baix-empord\/","og_locale":"es_ES","og_type":"article","og_title":"Medicina del Treball (Baix Empord&agrave;) - COMT","og_description":"&bull; Vigil&agrave;ncia de la salut de les persones treballadores per valorar la idone&iuml;tat realitzant els ex&agrave;mens de salut. &bull; Identificar, diagnosticar i fer seguiment dels problemes de salut relacionats amb el lloc de treball.  &bull; Proposar, elaborar i implementar campanyes de prevenci&oacute; i promoci&oacute; de la salut. &bull; Dissenyar i elaborar estudis de vigil&agrave;ncia de la salut col&middot;lectiva per con&egrave;ixer l&rsquo;estat de salut de les persones treballadores.  &bull; Participar en l&rsquo;elaboraci&oacute; de procediments, planificaci&oacute; i seguiment de mesures preventives juntament amb la resta de membres de l&rsquo;equip.  &bull; Altres funcions de coordinaci&oacute; pr&ograve;pies del lloc de treball.","og_url":"https:\/\/comt.cat\/medicina-del-treball-baix-empord\/","og_site_name":"COMT","article_published_time":"2025-11-25T10:38:59+00:00","article_modified_time":"2025-11-25T10:39:01+00:00","author":"comt","twitter_card":"summary_large_image","twitter_misc":{"Escrito por":"comt","Tiempo de lectura":"3 minutos"},"schema":{"@context":"https:\/\/schema.org","@graph":[{"@type":"Article","@id":"https:\/\/comt.cat\/medicina-del-treball-baix-empord\/#article","isPartOf":{"@id":"https:\/\/comt.cat\/medicina-del-treball-baix-empord\/"},"author":{"name":"comt","@id":"https:\/\/comt.cat\/#\/schema\/person\/e9c884d9eb13a1fd7c15c3899c93dbee"},"headline":"Medicina del Treball (Baix Empord&agrave;)","datePublished":"2025-11-25T10:38:59+00:00","dateModified":"2025-11-25T10:39:01+00:00","mainEntityOfPage":{"@id":"https:\/\/comt.cat\/medicina-del-treball-baix-empord\/"},"wordCount":637,"articleSection":["Bolsa de trabajo","Catalunya"],"inLanguage":"es"},{"@type":"WebPage","@id":"https:\/\/comt.cat\/medicina-del-treball-baix-empord\/","url":"https:\/\/comt.cat\/medicina-del-treball-baix-empord\/","name":"Medicina del Treball (Baix Empord&agrave;) - COMT","isPartOf":{"@id":"https:\/\/comt.cat\/#website"},"datePublished":"2025-11-25T10:38:59+00:00","dateModified":"2025-11-25T10:39:01+00:00","author":{"@id":"https:\/\/comt.cat\/#\/schema\/person\/e9c884d9eb13a1fd7c15c3899c93dbee"},"breadcrumb":{"@id":"https:\/\/comt.cat\/medicina-del-treball-baix-empord\/#breadcrumb"},"inLanguage":"es","potentialAction":[{"@type":"ReadAction","target":["https:\/\/comt.cat\/medicina-del-treball-baix-empord\/"]}]},{"@type":"BreadcrumbList","@id":"https:\/\/comt.cat\/medicina-del-treball-baix-empord\/#breadcrumb","itemListElement":[{"@type":"ListItem","position":1,"name":"Home","item":"https:\/\/comt.cat\/es\/"},{"@type":"ListItem","position":2,"name":"Medicina del Treball (Baix Empord&agrave;)"}]},{"@type":"WebSite","@id":"https:\/\/comt.cat\/#website","url":"https:\/\/comt.cat\/","name":"COMT","description":"Col\u00b7legi de Metges de Tarragona","potentialAction":[{"@type":"SearchAction","target":{"@type":"EntryPoint","urlTemplate":"https:\/\/comt.cat\/?s={search_term_string}"},"query-input":{"@type":"PropertyValueSpecification","valueRequired":true,"valueName":"search_term_string"}}],"inLanguage":"es"},{"@type":"Person","@id":"https:\/\/comt.cat\/#\/schema\/person\/e9c884d9eb13a1fd7c15c3899c93dbee","name":"comt","image":{"@type":"ImageObject","inLanguage":"es","@id":"https:\/\/secure.gravatar.com\/avatar\/4973b6e675aecb45ab4d3cc8daea28d3f2f37d475c99290bc0b7e7fcc73af7be?s=96&d=mm&r=g","url":"https:\/\/secure.gravatar.com\/avatar\/4973b6e675aecb45ab4d3cc8daea28d3f2f37d475c99290bc0b7e7fcc73af7be?s=96&d=mm&r=g","contentUrl":"https:\/\/secure.gravatar.com\/avatar\/4973b6e675aecb45ab4d3cc8daea28d3f2f37d475c99290bc0b7e7fcc73af7be?s=96&d=mm&r=g","caption":"comt"},"url":"https:\/\/comt.cat\/es\/author\/comt\/"}]}},"_links":{"self":[{"href":"https:\/\/comt.cat\/es\/wp-json\/wp\/v2\/posts\/44970","targetHints":{"allow":["GET"]}}],"collection":[{"href":"https:\/\/comt.cat\/es\/wp-json\/wp\/v2\/posts"}],"about":[{"href":"https:\/\/comt.cat\/es\/wp-json\/wp\/v2\/types\/post"}],"author":[{"embeddable":true,"href":"https:\/\/comt.cat\/es\/wp-json\/wp\/v2\/users\/1"}],"replies":[{"embeddable":true,"href":"https:\/\/comt.cat\/es\/wp-json\/wp\/v2\/comments?post=44970"}],"version-history":[{"count":2,"href":"https:\/\/comt.cat\/es\/wp-json\/wp\/v2\/posts\/44970\/revisions"}],"predecessor-version":[{"id":44996,"href":"https:\/\/comt.cat\/es\/wp-json\/wp\/v2\/posts\/44970\/revisions\/44996"}],"wp:attachment":[{"href":"https:\/\/comt.cat\/es\/wp-json\/wp\/v2\/media?parent=44970"}],"wp:term":[{"taxonomy":"category","embeddable":true,"href":"https:\/\/comt.cat\/es\/wp-json\/wp\/v2\/categories?post=44970"},{"taxonomy":"post_tag","embeddable":true,"href":"https:\/\/comt.cat\/es\/wp-json\/wp\/v2\/tags?post=44970"}],"curies":[{"name":"wp","href":"https:\/\/api.w.org\/{rel}","templated":true}]}}