{"id":459,"date":"2014-11-30T16:52:56","date_gmt":"2014-11-30T16:52:56","guid":{"rendered":"http:\/\/comt.local\/sense-categoria\/registro-de-sociedades-profesionales\/"},"modified":"2014-11-30T16:52:56","modified_gmt":"2014-11-30T16:52:56","slug":"registro-de-sociedades-profesionales","status":"publish","type":"post","link":"https:\/\/comt.cat\/es\/registro-de-sociedades-profesionales\/","title":{"rendered":"Registro de sociedades profesionales"},"content":{"rendered":"<p>Este Registro de sociedades profesionales contiene los datos p\u00fablicos de las sociedades profesionales inscritas en el Colegio Oficial de M\u00e9dicos de Tarragona, que se actualizan de acuerdo con la informaci\u00f3n que proporciona cada sociedad.<\/p>\n","protected":false},"excerpt":{"rendered":"<p>Este Registro de sociedades profesionales contiene los datos p\u00fablicos de las sociedades profesionales inscritas en el Colegio Oficial de M\u00e9dicos de Tarragona, que se actualizan de acuerdo con la informaci\u00f3n que proporciona cada sociedad.<\/p>\n","protected":false},"author":1,"featured_media":0,"comment_status":"open","ping_status":"open","sticky":false,"template":"","format":"standard","meta":{"footnotes":""},"categories":[252],"tags":[],"class_list":["post-459","post","type-post","status-publish","format-standard","hentry","category-registro-de-sociedades-profesionales"],"yoast_head":"<!-- This site is optimized with the Yoast SEO plugin v27.5 - https:\/\/yoast.com\/product\/yoast-seo-wordpress\/ -->\n<title>Registro de sociedades profesionales - COMT<\/title>\n<meta name=\"robots\" content=\"index, follow, max-snippet:-1, max-image-preview:large, max-video-preview:-1\" \/>\n<link rel=\"canonical\" href=\"https:\/\/comt.cat\/es\/registro-de-sociedades-profesionales\/\" \/>\n<meta property=\"og:locale\" content=\"es_ES\" \/>\n<meta property=\"og:type\" content=\"article\" \/>\n<meta property=\"og:title\" content=\"Registro de sociedades profesionales - COMT\" \/>\n<meta property=\"og:description\" content=\"Este Registro de sociedades profesionales contiene los datos p\u00fablicos de las sociedades profesionales inscritas en el Colegio Oficial de M\u00e9dicos de Tarragona, que se actualizan de acuerdo con la informaci\u00f3n que proporciona cada sociedad.\" \/>\n<meta property=\"og:url\" content=\"https:\/\/comt.cat\/es\/registro-de-sociedades-profesionales\/\" \/>\n<meta property=\"og:site_name\" content=\"COMT\" \/>\n<meta property=\"article:published_time\" content=\"2014-11-30T16:52:56+00:00\" \/>\n<meta name=\"author\" content=\"comt\" \/>\n<meta name=\"twitter:card\" content=\"summary_large_image\" \/>\n<meta name=\"twitter:label1\" content=\"Escrito por\" \/>\n\t<meta name=\"twitter:data1\" content=\"comt\" \/>\n<script type=\"application\/ld+json\" class=\"yoast-schema-graph\">{\"@context\":\"https:\\\/\\\/schema.org\",\"@graph\":[{\"@type\":\"Article\",\"@id\":\"https:\\\/\\\/comt.cat\\\/es\\\/registro-de-sociedades-profesionales\\\/#article\",\"isPartOf\":{\"@id\":\"https:\\\/\\\/comt.cat\\\/es\\\/registro-de-sociedades-profesionales\\\/\"},\"author\":{\"name\":\"comt\",\"@id\":\"https:\\\/\\\/comt.cat\\\/#\\\/schema\\\/person\\\/e9c884d9eb13a1fd7c15c3899c93dbee\"},\"headline\":\"Registro de sociedades profesionales\",\"datePublished\":\"2014-11-30T16:52:56+00:00\",\"mainEntityOfPage\":{\"@id\":\"https:\\\/\\\/comt.cat\\\/es\\\/registro-de-sociedades-profesionales\\\/\"},\"wordCount\":41,\"commentCount\":0,\"articleSection\":[\"Registro de sociedades profesionales\"],\"inLanguage\":\"es\",\"potentialAction\":[{\"@type\":\"CommentAction\",\"name\":\"Comment\",\"target\":[\"https:\\\/\\\/comt.cat\\\/es\\\/registro-de-sociedades-profesionales\\\/#respond\"]}]},{\"@type\":\"WebPage\",\"@id\":\"https:\\\/\\\/comt.cat\\\/es\\\/registro-de-sociedades-profesionales\\\/\",\"url\":\"https:\\\/\\\/comt.cat\\\/es\\\/registro-de-sociedades-profesionales\\\/\",\"name\":\"Registro de sociedades profesionales - COMT\",\"isPartOf\":{\"@id\":\"https:\\\/\\\/comt.cat\\\/#website\"},\"datePublished\":\"2014-11-30T16:52:56+00:00\",\"author\":{\"@id\":\"https:\\\/\\\/comt.cat\\\/#\\\/schema\\\/person\\\/e9c884d9eb13a1fd7c15c3899c93dbee\"},\"breadcrumb\":{\"@id\":\"https:\\\/\\\/comt.cat\\\/es\\\/registro-de-sociedades-profesionales\\\/#breadcrumb\"},\"inLanguage\":\"es\",\"potentialAction\":[{\"@type\":\"ReadAction\",\"target\":[\"https:\\\/\\\/comt.cat\\\/es\\\/registro-de-sociedades-profesionales\\\/\"]}]},{\"@type\":\"BreadcrumbList\",\"@id\":\"https:\\\/\\\/comt.cat\\\/es\\\/registro-de-sociedades-profesionales\\\/#breadcrumb\",\"itemListElement\":[{\"@type\":\"ListItem\",\"position\":1,\"name\":\"Home\",\"item\":\"https:\\\/\\\/comt.cat\\\/es\\\/\"},{\"@type\":\"ListItem\",\"position\":2,\"name\":\"Registro de sociedades profesionales\"}]},{\"@type\":\"WebSite\",\"@id\":\"https:\\\/\\\/comt.cat\\\/#website\",\"url\":\"https:\\\/\\\/comt.cat\\\/\",\"name\":\"COMT\",\"description\":\"Col\u00b7legi de Metges de Tarragona\",\"potentialAction\":[{\"@type\":\"SearchAction\",\"target\":{\"@type\":\"EntryPoint\",\"urlTemplate\":\"https:\\\/\\\/comt.cat\\\/?s={search_term_string}\"},\"query-input\":{\"@type\":\"PropertyValueSpecification\",\"valueRequired\":true,\"valueName\":\"search_term_string\"}}],\"inLanguage\":\"es\"},{\"@type\":\"Person\",\"@id\":\"https:\\\/\\\/comt.cat\\\/#\\\/schema\\\/person\\\/e9c884d9eb13a1fd7c15c3899c93dbee\",\"name\":\"comt\",\"image\":{\"@type\":\"ImageObject\",\"inLanguage\":\"es\",\"@id\":\"https:\\\/\\\/secure.gravatar.com\\\/avatar\\\/4973b6e675aecb45ab4d3cc8daea28d3f2f37d475c99290bc0b7e7fcc73af7be?s=96&d=mm&r=g\",\"url\":\"https:\\\/\\\/secure.gravatar.com\\\/avatar\\\/4973b6e675aecb45ab4d3cc8daea28d3f2f37d475c99290bc0b7e7fcc73af7be?s=96&d=mm&r=g\",\"contentUrl\":\"https:\\\/\\\/secure.gravatar.com\\\/avatar\\\/4973b6e675aecb45ab4d3cc8daea28d3f2f37d475c99290bc0b7e7fcc73af7be?s=96&d=mm&r=g\",\"caption\":\"comt\"},\"url\":\"https:\\\/\\\/comt.cat\\\/es\\\/author\\\/comt\\\/\"}]}<\/script>\n<!-- \/ Yoast SEO plugin. -->","yoast_head_json":{"title":"Registro de sociedades profesionales - COMT","robots":{"index":"index","follow":"follow","max-snippet":"max-snippet:-1","max-image-preview":"max-image-preview:large","max-video-preview":"max-video-preview:-1"},"canonical":"https:\/\/comt.cat\/es\/registro-de-sociedades-profesionales\/","og_locale":"es_ES","og_type":"article","og_title":"Registro de sociedades profesionales - COMT","og_description":"Este Registro de sociedades profesionales contiene los datos p\u00fablicos de las sociedades profesionales inscritas en el Colegio Oficial de M\u00e9dicos de Tarragona, que se actualizan de acuerdo con la informaci\u00f3n que proporciona cada sociedad.","og_url":"https:\/\/comt.cat\/es\/registro-de-sociedades-profesionales\/","og_site_name":"COMT","article_published_time":"2014-11-30T16:52:56+00:00","author":"comt","twitter_card":"summary_large_image","twitter_misc":{"Escrito por":"comt"},"schema":{"@context":"https:\/\/schema.org","@graph":[{"@type":"Article","@id":"https:\/\/comt.cat\/es\/registro-de-sociedades-profesionales\/#article","isPartOf":{"@id":"https:\/\/comt.cat\/es\/registro-de-sociedades-profesionales\/"},"author":{"name":"comt","@id":"https:\/\/comt.cat\/#\/schema\/person\/e9c884d9eb13a1fd7c15c3899c93dbee"},"headline":"Registro de sociedades profesionales","datePublished":"2014-11-30T16:52:56+00:00","mainEntityOfPage":{"@id":"https:\/\/comt.cat\/es\/registro-de-sociedades-profesionales\/"},"wordCount":41,"commentCount":0,"articleSection":["Registro de sociedades profesionales"],"inLanguage":"es","potentialAction":[{"@type":"CommentAction","name":"Comment","target":["https:\/\/comt.cat\/es\/registro-de-sociedades-profesionales\/#respond"]}]},{"@type":"WebPage","@id":"https:\/\/comt.cat\/es\/registro-de-sociedades-profesionales\/","url":"https:\/\/comt.cat\/es\/registro-de-sociedades-profesionales\/","name":"Registro de sociedades profesionales - COMT","isPartOf":{"@id":"https:\/\/comt.cat\/#website"},"datePublished":"2014-11-30T16:52:56+00:00","author":{"@id":"https:\/\/comt.cat\/#\/schema\/person\/e9c884d9eb13a1fd7c15c3899c93dbee"},"breadcrumb":{"@id":"https:\/\/comt.cat\/es\/registro-de-sociedades-profesionales\/#breadcrumb"},"inLanguage":"es","potentialAction":[{"@type":"ReadAction","target":["https:\/\/comt.cat\/es\/registro-de-sociedades-profesionales\/"]}]},{"@type":"BreadcrumbList","@id":"https:\/\/comt.cat\/es\/registro-de-sociedades-profesionales\/#breadcrumb","itemListElement":[{"@type":"ListItem","position":1,"name":"Home","item":"https:\/\/comt.cat\/es\/"},{"@type":"ListItem","position":2,"name":"Registro de sociedades profesionales"}]},{"@type":"WebSite","@id":"https:\/\/comt.cat\/#website","url":"https:\/\/comt.cat\/","name":"COMT","description":"Col\u00b7legi de Metges de Tarragona","potentialAction":[{"@type":"SearchAction","target":{"@type":"EntryPoint","urlTemplate":"https:\/\/comt.cat\/?s={search_term_string}"},"query-input":{"@type":"PropertyValueSpecification","valueRequired":true,"valueName":"search_term_string"}}],"inLanguage":"es"},{"@type":"Person","@id":"https:\/\/comt.cat\/#\/schema\/person\/e9c884d9eb13a1fd7c15c3899c93dbee","name":"comt","image":{"@type":"ImageObject","inLanguage":"es","@id":"https:\/\/secure.gravatar.com\/avatar\/4973b6e675aecb45ab4d3cc8daea28d3f2f37d475c99290bc0b7e7fcc73af7be?s=96&d=mm&r=g","url":"https:\/\/secure.gravatar.com\/avatar\/4973b6e675aecb45ab4d3cc8daea28d3f2f37d475c99290bc0b7e7fcc73af7be?s=96&d=mm&r=g","contentUrl":"https:\/\/secure.gravatar.com\/avatar\/4973b6e675aecb45ab4d3cc8daea28d3f2f37d475c99290bc0b7e7fcc73af7be?s=96&d=mm&r=g","caption":"comt"},"url":"https:\/\/comt.cat\/es\/author\/comt\/"}]}},"_links":{"self":[{"href":"https:\/\/comt.cat\/es\/wp-json\/wp\/v2\/posts\/459","targetHints":{"allow":["GET"]}}],"collection":[{"href":"https:\/\/comt.cat\/es\/wp-json\/wp\/v2\/posts"}],"about":[{"href":"https:\/\/comt.cat\/es\/wp-json\/wp\/v2\/types\/post"}],"author":[{"embeddable":true,"href":"https:\/\/comt.cat\/es\/wp-json\/wp\/v2\/users\/1"}],"replies":[{"embeddable":true,"href":"https:\/\/comt.cat\/es\/wp-json\/wp\/v2\/comments?post=459"}],"version-history":[{"count":0,"href":"https:\/\/comt.cat\/es\/wp-json\/wp\/v2\/posts\/459\/revisions"}],"wp:attachment":[{"href":"https:\/\/comt.cat\/es\/wp-json\/wp\/v2\/media?parent=459"}],"wp:term":[{"taxonomy":"category","embeddable":true,"href":"https:\/\/comt.cat\/es\/wp-json\/wp\/v2\/categories?post=459"},{"taxonomy":"post_tag","embeddable":true,"href":"https:\/\/comt.cat\/es\/wp-json\/wp\/v2\/tags?post=459"}],"curies":[{"name":"wp","href":"https:\/\/api.w.org\/{rel}","templated":true}]}}