{"id":4657,"date":"2020-04-10T04:56:00","date_gmt":"2020-04-10T04:56:00","guid":{"rendered":"http:\/\/comt.local\/sense-categoria\/responsabilidad-civil-profesional-2019\/"},"modified":"2020-04-10T04:56:00","modified_gmt":"2020-04-10T04:56:00","slug":"responsabilidad-civil-profesional-2019","status":"publish","type":"post","link":"https:\/\/comt.cat\/es\/responsabilidad-civil-profesional-2019\/","title":{"rendered":"Responsabilidad Civil Profesional"},"content":{"rendered":"<p style=\"margin-top: 20px;\">La p\u00f3liza de Responsabilidad Civil Profesional es obligatoria para garantizar la tranquilidad de los m\u00e9dicos y m\u00e9dicas durante su ejercicio. Proporciona cobertura a los profesionales velando por su seguridad. Desde el a\u00f1o 2003 todos los profesionales sanitarios, sean personas f\u00edsicas o jur\u00eddicas, est\u00e1n obligados por ley a suscribir un seguro de responsabilidad civil.<\/p>\n<p>El Colegio de M\u00e9dicos de Tarragona tiene suscrita su p\u00f3liza conjuntamente con el Consejo de Colegios de M\u00e9dicos de Catalunya, asegurando, en conjunto m\u00e1s de 25.000 m\u00e9dicos a trav\u00e9s de la empresa francesa SHAM.<\/p>\n<p>Esta p\u00f3liza es de adhesi\u00f3n voluntaria y est\u00e1 gestionada por un equipo de especialistas en derecho sanitario. En caso de reclamaci\u00f3n ofrece asesoramiento personalizado e informaci\u00f3n continua. Tiene abasto internacional con autorizaci\u00f3n previa (excepto Canad\u00e1 y Estados Unidos).<\/p>\n<p>Su precio es el siguiente:<\/p>\n<div>\n<table style=\"margin: 0 auto; border-collapse: collapse;\" width=\"100%\">\n<tbody>\n<tr style=\"color: #8b3b70; background-color: #e8d8e3; border: none;\">\n<td style=\"margin: 10px; padding: 10px; text-align: center;\" width=\"20%\"><strong>2020<\/strong><\/td>\n<td style=\"margin: 10px; padding: 10px; text-align: center;\" width=\"20%\"><strong>1<sup>r<\/sup> trimestre<\/strong><\/td>\n<td style=\"margin: 10px; padding: 10px; text-align: center;\" width=\"20%\"><strong>2\u00ba trimestre<\/strong><\/td>\n<td style=\"margin: 10px; padding: 10px; text-align: center;\" width=\"20%\"><strong>3<sup>r<\/sup> trimestre<\/strong><\/td>\n<td style=\"margin: 10px; padding: 10px; text-align: center;\" width=\"20%\"><strong>4\u00ba trimestre<\/strong><\/td>\n<\/tr>\n<tr>\n<td style=\"margin: 10px; padding: 10px; text-align: center;\" width=\"20%\"><strong>Colegiado<\/strong><\/td>\n<td style=\"margin: 10px; padding: 10px; text-align: center;\" width=\"20%\">128,00\u20ac<\/td>\n<td style=\"margin: 10px; padding: 10px; text-align: center;\" width=\"20%\">129,00\u20ac<\/td>\n<td style=\"margin: 10px; padding: 10px; text-align: center;\" width=\"20%\">130,00\u20ac<\/td>\n<td style=\"margin: 10px; padding: 10px; text-align: center;\" width=\"20%\">131,00\u20ac<\/td>\n<\/tr>\n<tr>\n<td style=\"margin: 10px; padding: 10px; text-align: center;\" width=\"20%\"><strong>MIR, MFC\u00a0y Pediatr\u00eda (AP P\u00fablica)<\/strong><\/td>\n<td style=\"margin: 10px; padding: 10px; text-align: center;\" width=\"20%\">101,88\u20ac<\/td>\n<td style=\"margin: 10px; padding: 10px; text-align: center;\" width=\"20%\">102,68\u20ac<\/td>\n<td style=\"margin: 10px; padding: 10px; text-align: center;\" width=\"20%\">103,48\u20ac<\/td>\n<td style=\"margin: 10px; padding: 10px; text-align: center;\" width=\"20%\">104,28\u20ac<\/td>\n<\/tr>\n<tr>\n<td style=\"margin: 10px; padding: 10px; text-align: center;\" width=\"20%\"><strong>M\u00e9dico jubilado<\/strong><\/td>\n<td style=\"margin: 10px; padding: 10px; text-align: center;\" width=\"20%\">13,00\u20ac<\/td>\n<td style=\"margin: 10px; padding: 10px; text-align: center;\" width=\"20%\">13,10\u20ac<\/td>\n<td style=\"margin: 10px; padding: 10px; text-align: center;\" width=\"20%\">13,20\u20ac<\/td>\n<td style=\"margin: 10px; padding: 10px; text-align: center;\" width=\"20%\">13,30\u20ac<\/td>\n<\/tr>\n<tr>\n<td style=\"margin: 10px; padding: 10px; text-align: center;\" width=\"20%\"><strong>Extensi\u00f3n cobertura Andorra<\/strong><\/td>\n<td style=\"margin: 10px; padding: 10px; text-align: center;\" width=\"20%\">23,96\u20ac<\/td>\n<td style=\"margin: 10px; padding: 10px; text-align: center;\" width=\"20%\">23,96\u20ac<\/td>\n<td style=\"margin: 10px; padding: 10px; text-align: center;\" width=\"20%\">23,96\u20ac<\/td>\n<td style=\"margin: 10px; padding: 10px; text-align: center;\" width=\"20%\">23,96\u20ac<\/td>\n<\/tr>\n<\/tbody>\n<\/table>\n<\/div>\n<p>\u00a0<\/p>\n<p>\u00a0<\/p>\n","protected":false},"excerpt":{"rendered":"<p style=\"margin-top: 20px;\">La p\u00f3liza de Responsabilidad Civil Profesional es obligatoria para garantizar la tranquilidad de los m\u00e9dicos y m\u00e9dicas durante su ejercicio. Proporciona cobertura a los profesionales velando por su seguridad. Desde el a\u00f1o 2003 todos los profesionales sanitarios, sean personas f\u00edsicas o jur\u00eddicas, est\u00e1n obligados por ley a suscribir un seguro de responsabilidad civil.<\/p>\n<p>El Colegio de M\u00e9dicos de Tarragona tiene suscrita su p\u00f3liza conjuntamente con el Consejo de Colegios de M\u00e9dicos de Catalunya, asegurando, en conjunto m\u00e1s de 25.000 m\u00e9dicos a trav\u00e9s de la empresa francesa SHAM.<\/p>\n<p>Esta p\u00f3liza es de adhesi\u00f3n voluntaria y est\u00e1 gestionada por un equipo de especialistas en derecho sanitario. En caso de reclamaci\u00f3n ofrece asesoramiento personalizado e informaci\u00f3n continua. Tiene abasto internacional con autorizaci\u00f3n previa (excepto Canad\u00e1 y Estados Unidos).<\/p>\n<p>Su precio es el siguiente:<\/p>\n<div>\n<table style=\"margin: 0 auto; border-collapse: collapse;\" width=\"100%\">\n<tbody>\n<tr style=\"color: #8b3b70; background-color: #e8d8e3; border: none;\">\n<td style=\"margin: 10px; padding: 10px; text-align: center;\" width=\"20%\"><strong>2020<\/strong><\/td>\n<td style=\"margin: 10px; padding: 10px; text-align: center;\" width=\"20%\"><strong>1<sup>r<\/sup> trimestre<\/strong><\/td>\n<td style=\"margin: 10px; padding: 10px; text-align: center;\" width=\"20%\"><strong>2\u00ba trimestre<\/strong><\/td>\n<td style=\"margin: 10px; padding: 10px; text-align: center;\" width=\"20%\"><strong>3<sup>r<\/sup> trimestre<\/strong><\/td>\n<td style=\"margin: 10px; padding: 10px; text-align: center;\" width=\"20%\"><strong>4\u00ba trimestre<\/strong><\/td>\n<\/tr>\n<tr>\n<td style=\"margin: 10px; padding: 10px; text-align: center;\" width=\"20%\"><strong>Colegiado<\/strong><\/td>\n<td style=\"margin: 10px; padding: 10px; text-align: center;\" width=\"20%\">128,00\u20ac<\/td>\n<td style=\"margin: 10px; padding: 10px; text-align: center;\" width=\"20%\">129,00\u20ac<\/td>\n<td style=\"margin: 10px; padding: 10px; text-align: center;\" width=\"20%\">130,00\u20ac<\/td>\n<td style=\"margin: 10px; padding: 10px; text-align: center;\" width=\"20%\">131,00\u20ac<\/td>\n<\/tr>\n<tr>\n<td style=\"margin: 10px; padding: 10px; text-align: center;\" width=\"20%\"><strong>MIR, MFC\u00a0y Pediatr\u00eda (AP P\u00fablica)<\/strong><\/td>\n<td style=\"margin: 10px; padding: 10px; text-align: center;\" width=\"20%\">101,88\u20ac<\/td>\n<td style=\"margin: 10px; padding: 10px; text-align: center;\" width=\"20%\">102,68\u20ac<\/td>\n<td style=\"margin: 10px; padding: 10px; text-align: center;\" width=\"20%\">103,48\u20ac<\/td>\n<td style=\"margin: 10px; padding: 10px; text-align: center;\" width=\"20%\">104,28\u20ac<\/td>\n<\/tr>\n<tr>\n<td style=\"margin: 10px; padding: 10px; text-align: center;\" width=\"20%\"><strong>M\u00e9dico jubilado<\/strong><\/td>\n<td style=\"margin: 10px; padding: 10px; text-align: center;\" width=\"20%\">13,00\u20ac<\/td>\n<td style=\"margin: 10px; padding: 10px; text-align: center;\" width=\"20%\">13,10\u20ac<\/td>\n<td style=\"margin: 10px; padding: 10px; text-align: center;\" width=\"20%\">13,20\u20ac<\/td>\n<td style=\"margin: 10px; padding: 10px; text-align: center;\" width=\"20%\">13,30\u20ac<\/td>\n<\/tr>\n<tr>\n<td style=\"margin: 10px; padding: 10px; text-align: center;\" width=\"20%\"><strong>Extensi\u00f3n cobertura Andorra<\/strong><\/td>\n<td style=\"margin: 10px; padding: 10px; text-align: center;\" width=\"20%\">23,96\u20ac<\/td>\n<td style=\"margin: 10px; padding: 10px; text-align: center;\" width=\"20%\">23,96\u20ac<\/td>\n<td style=\"margin: 10px; padding: 10px; text-align: center;\" width=\"20%\">23,96\u20ac<\/td>\n<td style=\"margin: 10px; padding: 10px; text-align: center;\" width=\"20%\">23,96\u20ac<\/td>\n<\/tr>\n<\/tbody>\n<\/table>\n<\/div>\n<p>\u00a0<\/p>\n<p>\u00a0<\/p>\n","protected":false},"author":1,"featured_media":0,"comment_status":"open","ping_status":"open","sticky":false,"template":"","format":"standard","meta":{"footnotes":""},"categories":[400],"tags":[],"class_list":["post-4657","post","type-post","status-publish","format-standard","hentry","category-responsabilidad-civil-profesional"],"yoast_head":"<!-- This site is optimized with the Yoast SEO plugin v27.5 - https:\/\/yoast.com\/product\/yoast-seo-wordpress\/ -->\n<title>Responsabilidad Civil Profesional - COMT<\/title>\n<meta name=\"robots\" content=\"index, follow, max-snippet:-1, max-image-preview:large, max-video-preview:-1\" \/>\n<link rel=\"canonical\" href=\"https:\/\/comt.cat\/es\/responsabilidad-civil-profesional-2019\/\" \/>\n<meta property=\"og:locale\" content=\"es_ES\" \/>\n<meta property=\"og:type\" content=\"article\" \/>\n<meta property=\"og:title\" content=\"Responsabilidad Civil Profesional - COMT\" \/>\n<meta property=\"og:description\" content=\"La p\u00f3liza de Responsabilidad Civil Profesional es obligatoria para garantizar la tranquilidad de los m\u00e9dicos y m\u00e9dicas durante su ejercicio. Proporciona cobertura a los profesionales velando por su seguridad. Desde el a\u00f1o 2003 todos los profesionales sanitarios, sean personas f\u00edsicas o jur\u00eddicas, est\u00e1n obligados por ley a suscribir un seguro de responsabilidad civil. El Colegio de M\u00e9dicos de Tarragona tiene suscrita su p\u00f3liza conjuntamente con el Consejo de Colegios de M\u00e9dicos de Catalunya, asegurando, en conjunto m\u00e1s de 25.000 m\u00e9dicos a trav\u00e9s de la empresa francesa SHAM. Esta p\u00f3liza es de adhesi\u00f3n voluntaria y est\u00e1 gestionada por un equipo de especialistas en derecho sanitario. En caso de reclamaci\u00f3n ofrece asesoramiento personalizado e informaci\u00f3n continua. Tiene abasto internacional con autorizaci\u00f3n previa (excepto Canad\u00e1 y Estados Unidos). Su precio es el siguiente:     2020 1r trimestre 2\u00ba trimestre 3r trimestre 4\u00ba trimestre   Colegiado 128,00\u20ac 129,00\u20ac 130,00\u20ac 131,00\u20ac   MIR, MFC\u00a0y Pediatr\u00eda (AP P\u00fablica) 101,88\u20ac 102,68\u20ac 103,48\u20ac 104,28\u20ac   M\u00e9dico jubilado 13,00\u20ac 13,10\u20ac 13,20\u20ac 13,30\u20ac   Extensi\u00f3n cobertura Andorra 23,96\u20ac 23,96\u20ac 23,96\u20ac 23,96\u20ac     \u00a0 \u00a0\" \/>\n<meta property=\"og:url\" content=\"https:\/\/comt.cat\/es\/responsabilidad-civil-profesional-2019\/\" \/>\n<meta property=\"og:site_name\" content=\"COMT\" \/>\n<meta property=\"article:published_time\" content=\"2020-04-10T04:56:00+00:00\" \/>\n<meta name=\"author\" content=\"comt\" \/>\n<meta name=\"twitter:card\" content=\"summary_large_image\" \/>\n<meta name=\"twitter:label1\" content=\"Escrito por\" \/>\n\t<meta name=\"twitter:data1\" content=\"comt\" \/>\n\t<meta name=\"twitter:label2\" content=\"Tiempo de lectura\" \/>\n\t<meta name=\"twitter:data2\" content=\"1 minuto\" \/>\n<script type=\"application\/ld+json\" class=\"yoast-schema-graph\">{\"@context\":\"https:\\\/\\\/schema.org\",\"@graph\":[{\"@type\":\"Article\",\"@id\":\"https:\\\/\\\/comt.cat\\\/es\\\/responsabilidad-civil-profesional-2019\\\/#article\",\"isPartOf\":{\"@id\":\"https:\\\/\\\/comt.cat\\\/es\\\/responsabilidad-civil-profesional-2019\\\/\"},\"author\":{\"name\":\"comt\",\"@id\":\"https:\\\/\\\/comt.cat\\\/#\\\/schema\\\/person\\\/e9c884d9eb13a1fd7c15c3899c93dbee\"},\"headline\":\"Responsabilidad Civil Profesional\",\"datePublished\":\"2020-04-10T04:56:00+00:00\",\"mainEntityOfPage\":{\"@id\":\"https:\\\/\\\/comt.cat\\\/es\\\/responsabilidad-civil-profesional-2019\\\/\"},\"wordCount\":171,\"commentCount\":0,\"articleSection\":[\"Responsabilidad Civil Profesional\"],\"inLanguage\":\"es\",\"potentialAction\":[{\"@type\":\"CommentAction\",\"name\":\"Comment\",\"target\":[\"https:\\\/\\\/comt.cat\\\/es\\\/responsabilidad-civil-profesional-2019\\\/#respond\"]}]},{\"@type\":\"WebPage\",\"@id\":\"https:\\\/\\\/comt.cat\\\/es\\\/responsabilidad-civil-profesional-2019\\\/\",\"url\":\"https:\\\/\\\/comt.cat\\\/es\\\/responsabilidad-civil-profesional-2019\\\/\",\"name\":\"Responsabilidad Civil Profesional - COMT\",\"isPartOf\":{\"@id\":\"https:\\\/\\\/comt.cat\\\/#website\"},\"datePublished\":\"2020-04-10T04:56:00+00:00\",\"author\":{\"@id\":\"https:\\\/\\\/comt.cat\\\/#\\\/schema\\\/person\\\/e9c884d9eb13a1fd7c15c3899c93dbee\"},\"breadcrumb\":{\"@id\":\"https:\\\/\\\/comt.cat\\\/es\\\/responsabilidad-civil-profesional-2019\\\/#breadcrumb\"},\"inLanguage\":\"es\",\"potentialAction\":[{\"@type\":\"ReadAction\",\"target\":[\"https:\\\/\\\/comt.cat\\\/es\\\/responsabilidad-civil-profesional-2019\\\/\"]}]},{\"@type\":\"BreadcrumbList\",\"@id\":\"https:\\\/\\\/comt.cat\\\/es\\\/responsabilidad-civil-profesional-2019\\\/#breadcrumb\",\"itemListElement\":[{\"@type\":\"ListItem\",\"position\":1,\"name\":\"Home\",\"item\":\"https:\\\/\\\/comt.cat\\\/es\\\/\"},{\"@type\":\"ListItem\",\"position\":2,\"name\":\"Responsabilidad Civil Profesional\"}]},{\"@type\":\"WebSite\",\"@id\":\"https:\\\/\\\/comt.cat\\\/#website\",\"url\":\"https:\\\/\\\/comt.cat\\\/\",\"name\":\"COMT\",\"description\":\"Col\u00b7legi de Metges de Tarragona\",\"potentialAction\":[{\"@type\":\"SearchAction\",\"target\":{\"@type\":\"EntryPoint\",\"urlTemplate\":\"https:\\\/\\\/comt.cat\\\/?s={search_term_string}\"},\"query-input\":{\"@type\":\"PropertyValueSpecification\",\"valueRequired\":true,\"valueName\":\"search_term_string\"}}],\"inLanguage\":\"es\"},{\"@type\":\"Person\",\"@id\":\"https:\\\/\\\/comt.cat\\\/#\\\/schema\\\/person\\\/e9c884d9eb13a1fd7c15c3899c93dbee\",\"name\":\"comt\",\"image\":{\"@type\":\"ImageObject\",\"inLanguage\":\"es\",\"@id\":\"https:\\\/\\\/secure.gravatar.com\\\/avatar\\\/4973b6e675aecb45ab4d3cc8daea28d3f2f37d475c99290bc0b7e7fcc73af7be?s=96&d=mm&r=g\",\"url\":\"https:\\\/\\\/secure.gravatar.com\\\/avatar\\\/4973b6e675aecb45ab4d3cc8daea28d3f2f37d475c99290bc0b7e7fcc73af7be?s=96&d=mm&r=g\",\"contentUrl\":\"https:\\\/\\\/secure.gravatar.com\\\/avatar\\\/4973b6e675aecb45ab4d3cc8daea28d3f2f37d475c99290bc0b7e7fcc73af7be?s=96&d=mm&r=g\",\"caption\":\"comt\"},\"url\":\"https:\\\/\\\/comt.cat\\\/es\\\/author\\\/comt\\\/\"}]}<\/script>\n<!-- \/ Yoast SEO plugin. -->","yoast_head_json":{"title":"Responsabilidad Civil Profesional - COMT","robots":{"index":"index","follow":"follow","max-snippet":"max-snippet:-1","max-image-preview":"max-image-preview:large","max-video-preview":"max-video-preview:-1"},"canonical":"https:\/\/comt.cat\/es\/responsabilidad-civil-profesional-2019\/","og_locale":"es_ES","og_type":"article","og_title":"Responsabilidad Civil Profesional - COMT","og_description":"La p\u00f3liza de Responsabilidad Civil Profesional es obligatoria para garantizar la tranquilidad de los m\u00e9dicos y m\u00e9dicas durante su ejercicio. Proporciona cobertura a los profesionales velando por su seguridad. Desde el a\u00f1o 2003 todos los profesionales sanitarios, sean personas f\u00edsicas o jur\u00eddicas, est\u00e1n obligados por ley a suscribir un seguro de responsabilidad civil. El Colegio de M\u00e9dicos de Tarragona tiene suscrita su p\u00f3liza conjuntamente con el Consejo de Colegios de M\u00e9dicos de Catalunya, asegurando, en conjunto m\u00e1s de 25.000 m\u00e9dicos a trav\u00e9s de la empresa francesa SHAM. Esta p\u00f3liza es de adhesi\u00f3n voluntaria y est\u00e1 gestionada por un equipo de especialistas en derecho sanitario. En caso de reclamaci\u00f3n ofrece asesoramiento personalizado e informaci\u00f3n continua. Tiene abasto internacional con autorizaci\u00f3n previa (excepto Canad\u00e1 y Estados Unidos). Su precio es el siguiente:     2020 1r trimestre 2\u00ba trimestre 3r trimestre 4\u00ba trimestre   Colegiado 128,00\u20ac 129,00\u20ac 130,00\u20ac 131,00\u20ac   MIR, MFC\u00a0y Pediatr\u00eda (AP P\u00fablica) 101,88\u20ac 102,68\u20ac 103,48\u20ac 104,28\u20ac   M\u00e9dico jubilado 13,00\u20ac 13,10\u20ac 13,20\u20ac 13,30\u20ac   Extensi\u00f3n cobertura Andorra 23,96\u20ac 23,96\u20ac 23,96\u20ac 23,96\u20ac     \u00a0 \u00a0","og_url":"https:\/\/comt.cat\/es\/responsabilidad-civil-profesional-2019\/","og_site_name":"COMT","article_published_time":"2020-04-10T04:56:00+00:00","author":"comt","twitter_card":"summary_large_image","twitter_misc":{"Escrito por":"comt","Tiempo de lectura":"1 minuto"},"schema":{"@context":"https:\/\/schema.org","@graph":[{"@type":"Article","@id":"https:\/\/comt.cat\/es\/responsabilidad-civil-profesional-2019\/#article","isPartOf":{"@id":"https:\/\/comt.cat\/es\/responsabilidad-civil-profesional-2019\/"},"author":{"name":"comt","@id":"https:\/\/comt.cat\/#\/schema\/person\/e9c884d9eb13a1fd7c15c3899c93dbee"},"headline":"Responsabilidad Civil Profesional","datePublished":"2020-04-10T04:56:00+00:00","mainEntityOfPage":{"@id":"https:\/\/comt.cat\/es\/responsabilidad-civil-profesional-2019\/"},"wordCount":171,"commentCount":0,"articleSection":["Responsabilidad Civil Profesional"],"inLanguage":"es","potentialAction":[{"@type":"CommentAction","name":"Comment","target":["https:\/\/comt.cat\/es\/responsabilidad-civil-profesional-2019\/#respond"]}]},{"@type":"WebPage","@id":"https:\/\/comt.cat\/es\/responsabilidad-civil-profesional-2019\/","url":"https:\/\/comt.cat\/es\/responsabilidad-civil-profesional-2019\/","name":"Responsabilidad Civil Profesional - COMT","isPartOf":{"@id":"https:\/\/comt.cat\/#website"},"datePublished":"2020-04-10T04:56:00+00:00","author":{"@id":"https:\/\/comt.cat\/#\/schema\/person\/e9c884d9eb13a1fd7c15c3899c93dbee"},"breadcrumb":{"@id":"https:\/\/comt.cat\/es\/responsabilidad-civil-profesional-2019\/#breadcrumb"},"inLanguage":"es","potentialAction":[{"@type":"ReadAction","target":["https:\/\/comt.cat\/es\/responsabilidad-civil-profesional-2019\/"]}]},{"@type":"BreadcrumbList","@id":"https:\/\/comt.cat\/es\/responsabilidad-civil-profesional-2019\/#breadcrumb","itemListElement":[{"@type":"ListItem","position":1,"name":"Home","item":"https:\/\/comt.cat\/es\/"},{"@type":"ListItem","position":2,"name":"Responsabilidad Civil Profesional"}]},{"@type":"WebSite","@id":"https:\/\/comt.cat\/#website","url":"https:\/\/comt.cat\/","name":"COMT","description":"Col\u00b7legi de Metges de Tarragona","potentialAction":[{"@type":"SearchAction","target":{"@type":"EntryPoint","urlTemplate":"https:\/\/comt.cat\/?s={search_term_string}"},"query-input":{"@type":"PropertyValueSpecification","valueRequired":true,"valueName":"search_term_string"}}],"inLanguage":"es"},{"@type":"Person","@id":"https:\/\/comt.cat\/#\/schema\/person\/e9c884d9eb13a1fd7c15c3899c93dbee","name":"comt","image":{"@type":"ImageObject","inLanguage":"es","@id":"https:\/\/secure.gravatar.com\/avatar\/4973b6e675aecb45ab4d3cc8daea28d3f2f37d475c99290bc0b7e7fcc73af7be?s=96&d=mm&r=g","url":"https:\/\/secure.gravatar.com\/avatar\/4973b6e675aecb45ab4d3cc8daea28d3f2f37d475c99290bc0b7e7fcc73af7be?s=96&d=mm&r=g","contentUrl":"https:\/\/secure.gravatar.com\/avatar\/4973b6e675aecb45ab4d3cc8daea28d3f2f37d475c99290bc0b7e7fcc73af7be?s=96&d=mm&r=g","caption":"comt"},"url":"https:\/\/comt.cat\/es\/author\/comt\/"}]}},"_links":{"self":[{"href":"https:\/\/comt.cat\/es\/wp-json\/wp\/v2\/posts\/4657","targetHints":{"allow":["GET"]}}],"collection":[{"href":"https:\/\/comt.cat\/es\/wp-json\/wp\/v2\/posts"}],"about":[{"href":"https:\/\/comt.cat\/es\/wp-json\/wp\/v2\/types\/post"}],"author":[{"embeddable":true,"href":"https:\/\/comt.cat\/es\/wp-json\/wp\/v2\/users\/1"}],"replies":[{"embeddable":true,"href":"https:\/\/comt.cat\/es\/wp-json\/wp\/v2\/comments?post=4657"}],"version-history":[{"count":0,"href":"https:\/\/comt.cat\/es\/wp-json\/wp\/v2\/posts\/4657\/revisions"}],"wp:attachment":[{"href":"https:\/\/comt.cat\/es\/wp-json\/wp\/v2\/media?parent=4657"}],"wp:term":[{"taxonomy":"category","embeddable":true,"href":"https:\/\/comt.cat\/es\/wp-json\/wp\/v2\/categories?post=4657"},{"taxonomy":"post_tag","embeddable":true,"href":"https:\/\/comt.cat\/es\/wp-json\/wp\/v2\/tags?post=4657"}],"curies":[{"name":"wp","href":"https:\/\/api.w.org\/{rel}","templated":true}]}}