{"id":48356,"date":"2026-04-29T08:06:58","date_gmt":"2026-04-29T06:06:58","guid":{"rendered":"https:\/\/comt.cat\/?p=48356"},"modified":"2026-04-29T09:06:00","modified_gmt":"2026-04-29T07:06:00","slug":"el-comt-celebra-el-despliegue-de-la-prescripcion-deportiva","status":"publish","type":"post","link":"https:\/\/comt.cat\/es\/el-comt-celebra-el-despliegue-de-la-prescripcion-deportiva\/","title":{"rendered":"El COMT celebra el despliegue de la prescripci\u00f3n deportiva"},"content":{"rendered":"\n<h2 class=\"wp-block-heading\"><em>El colegio considera clave el liderazgo m\u00e9dico en su implementaci\u00f3n<\/em><\/h2>\n\n\n\n<p>  <\/p>\n\n\n\n<p>El Colegio Oficial de M\u00e9dicos de Tarragona celebra el anuncio del Gobierno de Catalu\u00f1a de iniciar el despliegue del Programa de Prescripci\u00f3n Deportiva, una iniciativa que integra el ejercicio f\u00edsico como herramienta terap\u00e9utica dentro del sistema sanitario y que permitir\u00e1 a los profesionales sanitarios derivar pacientes a programas de actividad f\u00edsica supervisados y adaptados a sus necesidades.<\/p>\n\n\n\n<p>Para el presidente del COMT, el Dr. Sergi Boada, \u201cse trata de un paso importante en la buena direcci\u00f3n. La prescripci\u00f3n de ejercicio f\u00edsico debe formar parte de la pr\u00e1ctica cl\u00ednica habitual, con liderazgo m\u00e9dico y con la colaboraci\u00f3n imprescindible de los profesionales de la actividad f\u00edsica y el deporte\u201d.<\/p>\n\n\n\n<p>En este sentido, el colegio subraya que el despliegue del programa debe ir m\u00e1s all\u00e1 de la atenci\u00f3n primaria y extenderse de manera transversal a todas las especialidades m\u00e9dicas, para garantizar un abordaje integral de los pacientes y aprovechar todo el potencial del ejercicio f\u00edsico en la prevenci\u00f3n y el tratamiento de diversas patolog\u00edas.<\/p>\n\n\n\n<p>La instituci\u00f3n tambi\u00e9n recuerda su participaci\u00f3n, conjuntamente con el Colegio de Profesionales de la Actividad F\u00edsica y del Deporte de Catalu\u00f1a (COPLEFC), en la puesta en marcha del proyecto \u201cLa salud se entrena\u201d, un buscador de programas de ejercicio f\u00edsico supervisados por profesionales cualificados. Esta herramienta permite a los profesionales sanitarios identificar recursos fiables para derivar pacientes y promover el ejercicio f\u00edsico de manera segura, personalizada y basada en la evidencia.<\/p>\n\n\n\n<p>Paralelamente, el COMT contin\u00faa apostando por la formaci\u00f3n en este \u00e1mbito y trabaja en el curso de prescripci\u00f3n de ejercicio f\u00edsico, una formaci\u00f3n acreditada que proporciona las bases para integrar esta pr\u00e1ctica en la atenci\u00f3n cl\u00ednica y fomentar h\u00e1bitos de vida saludables.<\/p>\n\n\n\n<p>Asimismo, el COMT ha promovido espacios de encuentro y reflexi\u00f3n, como la 1\u00aa Jornada de Deporte y Salud en Tarragona, organizada con diferentes instituciones, para fomentar la colaboraci\u00f3n entre los \u00e1mbitos sanitario y deportivo y compartir experiencias en la prescripci\u00f3n de actividad f\u00edsica.<\/p>\n\n\n\n<p>El Colegio tarraconense considera que el despliegue de este programa debe contribuir a avanzar hacia un modelo asistencial m\u00e1s preventivo, sostenible y centrado en la persona, en el que la actividad f\u00edsica se convierta en un elemento clave en la mejora de la salud f\u00edsica, mental y social.<br><\/p>\n\n\n","protected":false},"excerpt":{"rendered":"<p>El colegio considera clave el liderazgo m\u00e9dico en su implementaci\u00f3n El Colegio Oficial de M\u00e9dicos de Tarragona celebra el anuncio del Gobierno de Catalu\u00f1a de iniciar el despliegue del Programa de Prescripci\u00f3n Deportiva, una iniciativa que integra el ejercicio f\u00edsico como herramienta terap\u00e9utica dentro del sistema sanitario y que permitir\u00e1 a los profesionales sanitarios derivar&#8230;<\/p>\n","protected":false},"author":4449,"featured_media":48354,"comment_status":"closed","ping_status":"closed","sticky":false,"template":"","format":"standard","meta":{"footnotes":""},"categories":[274,493,276],"tags":[],"class_list":["post-48356","post","type-post","status-publish","format-standard","has-post-thumbnail","hentry","category-actualidad-y-publicaciones","category-destacada-es","category-comt-noticias"],"yoast_head":"<!-- This site is optimized with the Yoast SEO plugin v27.4 - https:\/\/yoast.com\/product\/yoast-seo-wordpress\/ -->\n<title>El COMT celebra el despliegue de la prescripci\u00f3n deportiva - COMT<\/title>\n<meta name=\"robots\" content=\"index, follow, max-snippet:-1, max-image-preview:large, max-video-preview:-1\" \/>\n<link rel=\"canonical\" href=\"https:\/\/comt.cat\/es\/el-comt-celebra-el-despliegue-de-la-prescripcion-deportiva\/\" \/>\n<meta property=\"og:locale\" content=\"es_ES\" \/>\n<meta property=\"og:type\" content=\"article\" \/>\n<meta property=\"og:title\" content=\"El COMT celebra el despliegue de la prescripci\u00f3n deportiva - COMT\" \/>\n<meta property=\"og:description\" content=\"El colegio considera clave el liderazgo m\u00e9dico en su implementaci\u00f3n El Colegio Oficial de M\u00e9dicos de Tarragona celebra el anuncio del Gobierno de Catalu\u00f1a de iniciar el despliegue del Programa de Prescripci\u00f3n Deportiva, una iniciativa que integra el ejercicio f\u00edsico como herramienta terap\u00e9utica dentro del sistema sanitario y que permitir\u00e1 a los profesionales sanitarios derivar...\" \/>\n<meta property=\"og:url\" content=\"https:\/\/comt.cat\/es\/el-comt-celebra-el-despliegue-de-la-prescripcion-deportiva\/\" \/>\n<meta property=\"og:site_name\" content=\"COMT\" \/>\n<meta property=\"article:published_time\" content=\"2026-04-29T06:06:58+00:00\" \/>\n<meta property=\"article:modified_time\" content=\"2026-04-29T07:06:00+00:00\" \/>\n<meta property=\"og:image\" content=\"https:\/\/comt.cat\/wp-content\/uploads\/2026\/04\/DESTACADA-WEB-COMT-31-1024x465.png\" \/>\n\t<meta property=\"og:image:width\" content=\"1024\" \/>\n\t<meta property=\"og:image:height\" content=\"465\" \/>\n\t<meta property=\"og:image:type\" content=\"image\/png\" \/>\n<meta name=\"author\" content=\"Anna Gonzalez\" \/>\n<meta name=\"twitter:card\" content=\"summary_large_image\" \/>\n<meta name=\"twitter:label1\" content=\"Escrito por\" \/>\n\t<meta name=\"twitter:data1\" content=\"Anna Gonzalez\" \/>\n\t<meta name=\"twitter:label2\" content=\"Tiempo de lectura\" \/>\n\t<meta name=\"twitter:data2\" content=\"2 minutos\" \/>\n<script type=\"application\/ld+json\" class=\"yoast-schema-graph\">{\"@context\":\"https:\\\/\\\/schema.org\",\"@graph\":[{\"@type\":\"Article\",\"@id\":\"https:\\\/\\\/comt.cat\\\/es\\\/el-comt-celebra-el-despliegue-de-la-prescripcion-deportiva\\\/#article\",\"isPartOf\":{\"@id\":\"https:\\\/\\\/comt.cat\\\/es\\\/el-comt-celebra-el-despliegue-de-la-prescripcion-deportiva\\\/\"},\"author\":{\"name\":\"Anna Gonzalez\",\"@id\":\"https:\\\/\\\/comt.cat\\\/#\\\/schema\\\/person\\\/24d46080be080ea35b823114da9e610b\"},\"headline\":\"El COMT celebra el despliegue de la prescripci\u00f3n deportiva\",\"datePublished\":\"2026-04-29T06:06:58+00:00\",\"dateModified\":\"2026-04-29T07:06:00+00:00\",\"mainEntityOfPage\":{\"@id\":\"https:\\\/\\\/comt.cat\\\/es\\\/el-comt-celebra-el-despliegue-de-la-prescripcion-deportiva\\\/\"},\"wordCount\":429,\"image\":{\"@id\":\"https:\\\/\\\/comt.cat\\\/es\\\/el-comt-celebra-el-despliegue-de-la-prescripcion-deportiva\\\/#primaryimage\"},\"thumbnailUrl\":\"https:\\\/\\\/comt.cat\\\/wp-content\\\/uploads\\\/2026\\\/04\\\/DESTACADA-WEB-COMT-31.png\",\"articleSection\":[\"Actualidad y publicaciones\",\"Destacada\",\"Noticias del COMT\"],\"inLanguage\":\"es\"},{\"@type\":\"WebPage\",\"@id\":\"https:\\\/\\\/comt.cat\\\/es\\\/el-comt-celebra-el-despliegue-de-la-prescripcion-deportiva\\\/\",\"url\":\"https:\\\/\\\/comt.cat\\\/es\\\/el-comt-celebra-el-despliegue-de-la-prescripcion-deportiva\\\/\",\"name\":\"El COMT celebra el despliegue de la prescripci\u00f3n deportiva - COMT\",\"isPartOf\":{\"@id\":\"https:\\\/\\\/comt.cat\\\/#website\"},\"primaryImageOfPage\":{\"@id\":\"https:\\\/\\\/comt.cat\\\/es\\\/el-comt-celebra-el-despliegue-de-la-prescripcion-deportiva\\\/#primaryimage\"},\"image\":{\"@id\":\"https:\\\/\\\/comt.cat\\\/es\\\/el-comt-celebra-el-despliegue-de-la-prescripcion-deportiva\\\/#primaryimage\"},\"thumbnailUrl\":\"https:\\\/\\\/comt.cat\\\/wp-content\\\/uploads\\\/2026\\\/04\\\/DESTACADA-WEB-COMT-31.png\",\"datePublished\":\"2026-04-29T06:06:58+00:00\",\"dateModified\":\"2026-04-29T07:06:00+00:00\",\"author\":{\"@id\":\"https:\\\/\\\/comt.cat\\\/#\\\/schema\\\/person\\\/24d46080be080ea35b823114da9e610b\"},\"breadcrumb\":{\"@id\":\"https:\\\/\\\/comt.cat\\\/es\\\/el-comt-celebra-el-despliegue-de-la-prescripcion-deportiva\\\/#breadcrumb\"},\"inLanguage\":\"es\",\"potentialAction\":[{\"@type\":\"ReadAction\",\"target\":[\"https:\\\/\\\/comt.cat\\\/es\\\/el-comt-celebra-el-despliegue-de-la-prescripcion-deportiva\\\/\"]}]},{\"@type\":\"ImageObject\",\"inLanguage\":\"es\",\"@id\":\"https:\\\/\\\/comt.cat\\\/es\\\/el-comt-celebra-el-despliegue-de-la-prescripcion-deportiva\\\/#primaryimage\",\"url\":\"https:\\\/\\\/comt.cat\\\/wp-content\\\/uploads\\\/2026\\\/04\\\/DESTACADA-WEB-COMT-31.png\",\"contentUrl\":\"https:\\\/\\\/comt.cat\\\/wp-content\\\/uploads\\\/2026\\\/04\\\/DESTACADA-WEB-COMT-31.png\",\"width\":1540,\"height\":700},{\"@type\":\"BreadcrumbList\",\"@id\":\"https:\\\/\\\/comt.cat\\\/es\\\/el-comt-celebra-el-despliegue-de-la-prescripcion-deportiva\\\/#breadcrumb\",\"itemListElement\":[{\"@type\":\"ListItem\",\"position\":1,\"name\":\"Home\",\"item\":\"https:\\\/\\\/comt.cat\\\/es\\\/\"},{\"@type\":\"ListItem\",\"position\":2,\"name\":\"El COMT celebra el despliegue de la prescripci\u00f3n deportiva\"}]},{\"@type\":\"WebSite\",\"@id\":\"https:\\\/\\\/comt.cat\\\/#website\",\"url\":\"https:\\\/\\\/comt.cat\\\/\",\"name\":\"COMT\",\"description\":\"Col\u00b7legi de Metges de Tarragona\",\"potentialAction\":[{\"@type\":\"SearchAction\",\"target\":{\"@type\":\"EntryPoint\",\"urlTemplate\":\"https:\\\/\\\/comt.cat\\\/?s={search_term_string}\"},\"query-input\":{\"@type\":\"PropertyValueSpecification\",\"valueRequired\":true,\"valueName\":\"search_term_string\"}}],\"inLanguage\":\"es\"},{\"@type\":\"Person\",\"@id\":\"https:\\\/\\\/comt.cat\\\/#\\\/schema\\\/person\\\/24d46080be080ea35b823114da9e610b\",\"name\":\"Anna Gonzalez\",\"image\":{\"@type\":\"ImageObject\",\"inLanguage\":\"es\",\"@id\":\"https:\\\/\\\/secure.gravatar.com\\\/avatar\\\/67d4cc4df5c1ae05e96e243bb158ac8a385cb5c954cbe83a0699619ad39baa15?s=96&d=mm&r=g\",\"url\":\"https:\\\/\\\/secure.gravatar.com\\\/avatar\\\/67d4cc4df5c1ae05e96e243bb158ac8a385cb5c954cbe83a0699619ad39baa15?s=96&d=mm&r=g\",\"contentUrl\":\"https:\\\/\\\/secure.gravatar.com\\\/avatar\\\/67d4cc4df5c1ae05e96e243bb158ac8a385cb5c954cbe83a0699619ad39baa15?s=96&d=mm&r=g\",\"caption\":\"Anna Gonzalez\"},\"url\":\"https:\\\/\\\/comt.cat\\\/es\\\/author\\\/agonzalez\\\/\"}]}<\/script>\n<!-- \/ Yoast SEO plugin. -->","yoast_head_json":{"title":"El COMT celebra el despliegue de la prescripci\u00f3n deportiva - COMT","robots":{"index":"index","follow":"follow","max-snippet":"max-snippet:-1","max-image-preview":"max-image-preview:large","max-video-preview":"max-video-preview:-1"},"canonical":"https:\/\/comt.cat\/es\/el-comt-celebra-el-despliegue-de-la-prescripcion-deportiva\/","og_locale":"es_ES","og_type":"article","og_title":"El COMT celebra el despliegue de la prescripci\u00f3n deportiva - COMT","og_description":"El colegio considera clave el liderazgo m\u00e9dico en su implementaci\u00f3n El Colegio Oficial de M\u00e9dicos de Tarragona celebra el anuncio del Gobierno de Catalu\u00f1a de iniciar el despliegue del Programa de Prescripci\u00f3n Deportiva, una iniciativa que integra el ejercicio f\u00edsico como herramienta terap\u00e9utica dentro del sistema sanitario y que permitir\u00e1 a los profesionales sanitarios derivar...","og_url":"https:\/\/comt.cat\/es\/el-comt-celebra-el-despliegue-de-la-prescripcion-deportiva\/","og_site_name":"COMT","article_published_time":"2026-04-29T06:06:58+00:00","article_modified_time":"2026-04-29T07:06:00+00:00","og_image":[{"width":1024,"height":465,"url":"https:\/\/comt.cat\/wp-content\/uploads\/2026\/04\/DESTACADA-WEB-COMT-31-1024x465.png","type":"image\/png"}],"author":"Anna Gonzalez","twitter_card":"summary_large_image","twitter_misc":{"Escrito por":"Anna Gonzalez","Tiempo de lectura":"2 minutos"},"schema":{"@context":"https:\/\/schema.org","@graph":[{"@type":"Article","@id":"https:\/\/comt.cat\/es\/el-comt-celebra-el-despliegue-de-la-prescripcion-deportiva\/#article","isPartOf":{"@id":"https:\/\/comt.cat\/es\/el-comt-celebra-el-despliegue-de-la-prescripcion-deportiva\/"},"author":{"name":"Anna Gonzalez","@id":"https:\/\/comt.cat\/#\/schema\/person\/24d46080be080ea35b823114da9e610b"},"headline":"El COMT celebra el despliegue de la prescripci\u00f3n deportiva","datePublished":"2026-04-29T06:06:58+00:00","dateModified":"2026-04-29T07:06:00+00:00","mainEntityOfPage":{"@id":"https:\/\/comt.cat\/es\/el-comt-celebra-el-despliegue-de-la-prescripcion-deportiva\/"},"wordCount":429,"image":{"@id":"https:\/\/comt.cat\/es\/el-comt-celebra-el-despliegue-de-la-prescripcion-deportiva\/#primaryimage"},"thumbnailUrl":"https:\/\/comt.cat\/wp-content\/uploads\/2026\/04\/DESTACADA-WEB-COMT-31.png","articleSection":["Actualidad y publicaciones","Destacada","Noticias del COMT"],"inLanguage":"es"},{"@type":"WebPage","@id":"https:\/\/comt.cat\/es\/el-comt-celebra-el-despliegue-de-la-prescripcion-deportiva\/","url":"https:\/\/comt.cat\/es\/el-comt-celebra-el-despliegue-de-la-prescripcion-deportiva\/","name":"El COMT celebra el despliegue de la prescripci\u00f3n deportiva - COMT","isPartOf":{"@id":"https:\/\/comt.cat\/#website"},"primaryImageOfPage":{"@id":"https:\/\/comt.cat\/es\/el-comt-celebra-el-despliegue-de-la-prescripcion-deportiva\/#primaryimage"},"image":{"@id":"https:\/\/comt.cat\/es\/el-comt-celebra-el-despliegue-de-la-prescripcion-deportiva\/#primaryimage"},"thumbnailUrl":"https:\/\/comt.cat\/wp-content\/uploads\/2026\/04\/DESTACADA-WEB-COMT-31.png","datePublished":"2026-04-29T06:06:58+00:00","dateModified":"2026-04-29T07:06:00+00:00","author":{"@id":"https:\/\/comt.cat\/#\/schema\/person\/24d46080be080ea35b823114da9e610b"},"breadcrumb":{"@id":"https:\/\/comt.cat\/es\/el-comt-celebra-el-despliegue-de-la-prescripcion-deportiva\/#breadcrumb"},"inLanguage":"es","potentialAction":[{"@type":"ReadAction","target":["https:\/\/comt.cat\/es\/el-comt-celebra-el-despliegue-de-la-prescripcion-deportiva\/"]}]},{"@type":"ImageObject","inLanguage":"es","@id":"https:\/\/comt.cat\/es\/el-comt-celebra-el-despliegue-de-la-prescripcion-deportiva\/#primaryimage","url":"https:\/\/comt.cat\/wp-content\/uploads\/2026\/04\/DESTACADA-WEB-COMT-31.png","contentUrl":"https:\/\/comt.cat\/wp-content\/uploads\/2026\/04\/DESTACADA-WEB-COMT-31.png","width":1540,"height":700},{"@type":"BreadcrumbList","@id":"https:\/\/comt.cat\/es\/el-comt-celebra-el-despliegue-de-la-prescripcion-deportiva\/#breadcrumb","itemListElement":[{"@type":"ListItem","position":1,"name":"Home","item":"https:\/\/comt.cat\/es\/"},{"@type":"ListItem","position":2,"name":"El COMT celebra el despliegue de la prescripci\u00f3n deportiva"}]},{"@type":"WebSite","@id":"https:\/\/comt.cat\/#website","url":"https:\/\/comt.cat\/","name":"COMT","description":"Col\u00b7legi de Metges de Tarragona","potentialAction":[{"@type":"SearchAction","target":{"@type":"EntryPoint","urlTemplate":"https:\/\/comt.cat\/?s={search_term_string}"},"query-input":{"@type":"PropertyValueSpecification","valueRequired":true,"valueName":"search_term_string"}}],"inLanguage":"es"},{"@type":"Person","@id":"https:\/\/comt.cat\/#\/schema\/person\/24d46080be080ea35b823114da9e610b","name":"Anna Gonzalez","image":{"@type":"ImageObject","inLanguage":"es","@id":"https:\/\/secure.gravatar.com\/avatar\/67d4cc4df5c1ae05e96e243bb158ac8a385cb5c954cbe83a0699619ad39baa15?s=96&d=mm&r=g","url":"https:\/\/secure.gravatar.com\/avatar\/67d4cc4df5c1ae05e96e243bb158ac8a385cb5c954cbe83a0699619ad39baa15?s=96&d=mm&r=g","contentUrl":"https:\/\/secure.gravatar.com\/avatar\/67d4cc4df5c1ae05e96e243bb158ac8a385cb5c954cbe83a0699619ad39baa15?s=96&d=mm&r=g","caption":"Anna Gonzalez"},"url":"https:\/\/comt.cat\/es\/author\/agonzalez\/"}]}},"_links":{"self":[{"href":"https:\/\/comt.cat\/es\/wp-json\/wp\/v2\/posts\/48356","targetHints":{"allow":["GET"]}}],"collection":[{"href":"https:\/\/comt.cat\/es\/wp-json\/wp\/v2\/posts"}],"about":[{"href":"https:\/\/comt.cat\/es\/wp-json\/wp\/v2\/types\/post"}],"author":[{"embeddable":true,"href":"https:\/\/comt.cat\/es\/wp-json\/wp\/v2\/users\/4449"}],"replies":[{"embeddable":true,"href":"https:\/\/comt.cat\/es\/wp-json\/wp\/v2\/comments?post=48356"}],"version-history":[{"count":1,"href":"https:\/\/comt.cat\/es\/wp-json\/wp\/v2\/posts\/48356\/revisions"}],"predecessor-version":[{"id":48357,"href":"https:\/\/comt.cat\/es\/wp-json\/wp\/v2\/posts\/48356\/revisions\/48357"}],"wp:featuredmedia":[{"embeddable":true,"href":"https:\/\/comt.cat\/es\/wp-json\/wp\/v2\/media\/48354"}],"wp:attachment":[{"href":"https:\/\/comt.cat\/es\/wp-json\/wp\/v2\/media?parent=48356"}],"wp:term":[{"taxonomy":"category","embeddable":true,"href":"https:\/\/comt.cat\/es\/wp-json\/wp\/v2\/categories?post=48356"},{"taxonomy":"post_tag","embeddable":true,"href":"https:\/\/comt.cat\/es\/wp-json\/wp\/v2\/tags?post=48356"}],"curies":[{"name":"wp","href":"https:\/\/api.w.org\/{rel}","templated":true}]}}