{"id":48464,"date":"2026-04-29T13:53:03","date_gmt":"2026-04-29T11:53:03","guid":{"rendered":"https:\/\/comt.cat\/?p=48464"},"modified":"2026-04-29T13:55:06","modified_gmt":"2026-04-29T11:55:06","slug":"la-importancia-de-contar-con-una-buena-cobertura-de-responsabilidad-civil-profesional","status":"publish","type":"post","link":"https:\/\/comt.cat\/es\/la-importancia-de-contar-con-una-buena-cobertura-de-responsabilidad-civil-profesional\/","title":{"rendered":"La importancia de contar con una buena cobertura de Responsabilidad Civil Profesional"},"content":{"rendered":"\n<h2 class=\"wp-block-heading\"><br><strong>La p\u00f3liza de RC que ofrece el CCMC es el principal seguro de responsabilidad civil profesional de Catalu\u00f1a y una excelente garant\u00eda de protecci\u00f3n<\/strong><\/h2>\n\n\n\n<p>Para responder ante cualquier incidencia derivada del ejercicio m\u00e9dico, es obligatorio por ley que los m\u00e9dicos dispongan de cobertura de Responsabilidad Civil Profesional (RC) por su actuaci\u00f3n.<\/p>\n\n\n\n<p>Uno de los principales objetivos del Consell de Col\u00b7legis de Metges de Catalunya (CCMC) es velar por la seguridad de los profesionales y, en este sentido, es importante que estos comprueben que su seguro de responsabilidad civil cuenta con coberturas adaptadas a los riesgos reales de la pr\u00e1ctica m\u00e9dica. Ejercer la medicina implica una elevada responsabilidad, ya que una reclamaci\u00f3n o un incidente pueden afectar no solo al futuro profesional de los colegiados, sino tambi\u00e9n a su patrimonio. Por ello, es importante que el seguro de RC est\u00e9 adaptado a los riesgos del profesional y que lo cubra directamente, es decir, que no est\u00e9 limitado a la cobertura indirecta del centro de trabajo. Disponer de una p\u00f3liza propia es la mejor garant\u00eda de protecci\u00f3n.<\/p>\n\n\n\n<p>Desde hace m\u00e1s de 25 a\u00f1os, el CCMC ofrece una p\u00f3liza para los colegiados de los cuatro colegios catalanes. Esta p\u00f3liza, de adhesi\u00f3n voluntaria y que actualmente agrupa a m\u00e1s de 27.500 colegiados, es el principal seguro de responsabilidad profesional de Catalu\u00f1a y vela por la seguridad de los m\u00e9dicos y m\u00e9dicas, para que puedan ejercer su profesi\u00f3n con tranquilidad.<\/p>\n\n\n\n<p>Una de las principales ventajas de la p\u00f3liza del CCMC es que, con una misma prima (con algunas reducciones en condiciones espec\u00edficas), cubre todas las especialidades y todos los actos m\u00e9dicos. En otras compa\u00f1\u00edas, el precio de la p\u00f3liza depende de la especialidad declarada y de los actos incluidos en ella, lo que suele generar situaciones de falta de cobertura en caso de conflicto.<\/p>\n\n\n\n<p>  <\/p>\n\n\n\n<p><\/p>\n\n\n\n<div class=\"wp-block-buttons is-content-justification-center is-layout-flex wp-container-core-buttons-is-layout-16018d1d wp-block-buttons-is-layout-flex\">\n<div class=\"wp-block-button\"><a class=\"wp-block-button__link has-vivid-cyan-blue-background-color has-background wp-element-button\" href=\"https:\/\/medicorasse.med.es\/ca\/formRC\/webCOMT?utm_source=COMT&amp;utm_medium=web&amp;utm_campaign=RC\">Solicita m\u00e1s informaci\u00f3n<\/a><\/div>\n<\/div>\n\n\n\n<p>   <\/p>\n\n\n\n<h3 class=\"wp-block-heading\"><strong>Ventajas del seguro de Responsabilidad Civil del CCMC<br><\/strong><\/h3>\n\n\n\n<p><\/p>\n\n\n\n<figure class=\"wp-block-image size-full is-resized\"><a href=\"https:\/\/medicorasse.med.es\/ca\/formRC\/webCOMT?utm_source=COMT&amp;utm_medium=web&amp;utm_campaign=RC\"><img loading=\"lazy\" decoding=\"async\" width=\"1204\" height=\"1266\" src=\"https:\/\/comt.cat\/wp-content\/uploads\/2026\/04\/Captura-de-pantalla-2026-04-29-a-las-12.36.12.png\" alt=\"\" class=\"wp-image-48447\" style=\"aspect-ratio:0.9106301235229735;width:840px;height:auto\" srcset=\"https:\/\/comt.cat\/wp-content\/uploads\/2026\/04\/Captura-de-pantalla-2026-04-29-a-las-12.36.12.png 1204w, https:\/\/comt.cat\/wp-content\/uploads\/2026\/04\/Captura-de-pantalla-2026-04-29-a-las-12.36.12-285x300.png 285w, https:\/\/comt.cat\/wp-content\/uploads\/2026\/04\/Captura-de-pantalla-2026-04-29-a-las-12.36.12-974x1024.png 974w, https:\/\/comt.cat\/wp-content\/uploads\/2026\/04\/Captura-de-pantalla-2026-04-29-a-las-12.36.12-768x808.png 768w, https:\/\/comt.cat\/wp-content\/uploads\/2026\/04\/Captura-de-pantalla-2026-04-29-a-las-12.36.12-600x631.png 600w\" sizes=\"(max-width: 1204px) 100vw, 1204px\" \/><\/a><\/figure>\n\n\n\n<p>  <\/p>\n\n\n\n<p>   <\/p>\n\n\n\n<p>   <\/p>\n\n\n\n<h3 class=\"wp-block-heading\">Condiciones ventajosas:<\/h3>\n\n\n\n<p>Si eres m\u00e9dico o m\u00e9dica colegiado y ejerces exclusivamente la especialidad de Pediatr\u00eda o de Medicina Familiar y Comunitaria en el \u00e1mbito de la atenci\u00f3n primaria de la sanidad p\u00fablica o concertada con la administraci\u00f3n p\u00fablica, podr\u00e1s beneficiarte de una reducci\u00f3n en la prima al contratar la p\u00f3liza de Responsabilidad Civil.<\/p>\n\n\n\n<p>Si deseas ampliar informaci\u00f3n o revisar tu cobertura actual, puedes solicitar informaci\u00f3n sin compromiso. Desde Medicorasse, corredur\u00eda colaboradora del Colegio y mediadora de la p\u00f3liza, te atender\u00e1n.<\/p>\n\n\n\n<p><\/p>\n\n\n\n<div class=\"wp-block-buttons is-content-justification-center is-layout-flex wp-container-core-buttons-is-layout-16018d1d wp-block-buttons-is-layout-flex\">\n<div class=\"wp-block-button\"><a class=\"wp-block-button__link has-vivid-cyan-blue-background-color has-background wp-element-button\" href=\"https:\/\/medicorasse.med.es\/ca\/formRC\/webCOMT?utm_source=COMT&amp;utm_medium=web&amp;utm_campaign=RC\">Solicita m\u00e1s informaci\u00f3n<\/a><\/div>\n<\/div>\n","protected":false},"excerpt":{"rendered":"<p>La p\u00f3liza de RC que ofrece el CCMC es el principal seguro de responsabilidad civil profesional de Catalu\u00f1a y una excelente garant\u00eda de protecci\u00f3n Para responder ante cualquier incidencia derivada del ejercicio m\u00e9dico, es obligatorio por ley que los m\u00e9dicos dispongan de cobertura de Responsabilidad Civil Profesional (RC) por su actuaci\u00f3n. Uno de los principales&#8230;<\/p>\n","protected":false},"author":4449,"featured_media":48444,"comment_status":"closed","ping_status":"closed","sticky":false,"template":"","format":"standard","meta":{"footnotes":""},"categories":[274,493,276,684],"tags":[],"class_list":["post-48464","post","type-post","status-publish","format-standard","has-post-thumbnail","hentry","category-actualidad-y-publicaciones","category-destacada-es","category-comt-noticias","category-seguros"],"yoast_head":"<!-- This site is optimized with the Yoast SEO plugin v27.4 - https:\/\/yoast.com\/product\/yoast-seo-wordpress\/ -->\n<title>La importancia de contar con una buena cobertura de Responsabilidad Civil Profesional - COMT<\/title>\n<meta name=\"description\" content=\"Seguro de Responsabilidad Civil Profesional del CCMC: cobertura integral, defensa especializada y condiciones ventajosas para m\u00e9dicos. Protege tu actividad y tu patrimonio con garant\u00edas adaptadas.\" \/>\n<meta name=\"robots\" content=\"index, follow, max-snippet:-1, max-image-preview:large, max-video-preview:-1\" \/>\n<link rel=\"canonical\" href=\"https:\/\/comt.cat\/es\/la-importancia-de-contar-con-una-buena-cobertura-de-responsabilidad-civil-profesional\/\" \/>\n<meta property=\"og:locale\" content=\"es_ES\" \/>\n<meta property=\"og:type\" content=\"article\" \/>\n<meta property=\"og:title\" content=\"La importancia de contar con una buena cobertura de Responsabilidad Civil Profesional - COMT\" \/>\n<meta property=\"og:description\" content=\"Seguro de Responsabilidad Civil Profesional del CCMC: cobertura integral, defensa especializada y condiciones ventajosas para m\u00e9dicos. Protege tu actividad y tu patrimonio con garant\u00edas adaptadas.\" \/>\n<meta property=\"og:url\" content=\"https:\/\/comt.cat\/es\/la-importancia-de-contar-con-una-buena-cobertura-de-responsabilidad-civil-profesional\/\" \/>\n<meta property=\"og:site_name\" content=\"COMT\" \/>\n<meta property=\"article:published_time\" content=\"2026-04-29T11:53:03+00:00\" \/>\n<meta property=\"article:modified_time\" content=\"2026-04-29T11:55:06+00:00\" \/>\n<meta property=\"og:image\" content=\"https:\/\/comt.cat\/wp-content\/uploads\/2026\/04\/DESTACADA-WEB-COMT-36-1024x465.png\" \/>\n\t<meta property=\"og:image:width\" content=\"1024\" \/>\n\t<meta property=\"og:image:height\" content=\"465\" \/>\n\t<meta property=\"og:image:type\" content=\"image\/png\" \/>\n<meta name=\"author\" content=\"Anna Gonzalez\" \/>\n<meta name=\"twitter:card\" content=\"summary_large_image\" \/>\n<meta name=\"twitter:label1\" content=\"Escrito por\" \/>\n\t<meta name=\"twitter:data1\" content=\"Anna Gonzalez\" \/>\n\t<meta name=\"twitter:label2\" content=\"Tiempo de lectura\" \/>\n\t<meta name=\"twitter:data2\" content=\"2 minutos\" \/>\n<script type=\"application\/ld+json\" class=\"yoast-schema-graph\">{\"@context\":\"https:\\\/\\\/schema.org\",\"@graph\":[{\"@type\":\"Article\",\"@id\":\"https:\\\/\\\/comt.cat\\\/es\\\/la-importancia-de-contar-con-una-buena-cobertura-de-responsabilidad-civil-profesional\\\/#article\",\"isPartOf\":{\"@id\":\"https:\\\/\\\/comt.cat\\\/es\\\/la-importancia-de-contar-con-una-buena-cobertura-de-responsabilidad-civil-profesional\\\/\"},\"author\":{\"name\":\"Anna Gonzalez\",\"@id\":\"https:\\\/\\\/comt.cat\\\/#\\\/schema\\\/person\\\/24d46080be080ea35b823114da9e610b\"},\"headline\":\"La importancia de contar con una buena cobertura de Responsabilidad Civil Profesional\",\"datePublished\":\"2026-04-29T11:53:03+00:00\",\"dateModified\":\"2026-04-29T11:55:06+00:00\",\"mainEntityOfPage\":{\"@id\":\"https:\\\/\\\/comt.cat\\\/es\\\/la-importancia-de-contar-con-una-buena-cobertura-de-responsabilidad-civil-profesional\\\/\"},\"wordCount\":452,\"image\":{\"@id\":\"https:\\\/\\\/comt.cat\\\/es\\\/la-importancia-de-contar-con-una-buena-cobertura-de-responsabilidad-civil-profesional\\\/#primaryimage\"},\"thumbnailUrl\":\"https:\\\/\\\/comt.cat\\\/wp-content\\\/uploads\\\/2026\\\/04\\\/DESTACADA-WEB-COMT-36.png\",\"articleSection\":[\"Actualidad y publicaciones\",\"Destacada\",\"Noticias del COMT\",\"Seguros\"],\"inLanguage\":\"es\"},{\"@type\":\"WebPage\",\"@id\":\"https:\\\/\\\/comt.cat\\\/es\\\/la-importancia-de-contar-con-una-buena-cobertura-de-responsabilidad-civil-profesional\\\/\",\"url\":\"https:\\\/\\\/comt.cat\\\/es\\\/la-importancia-de-contar-con-una-buena-cobertura-de-responsabilidad-civil-profesional\\\/\",\"name\":\"La importancia de contar con una buena cobertura de Responsabilidad Civil Profesional - COMT\",\"isPartOf\":{\"@id\":\"https:\\\/\\\/comt.cat\\\/#website\"},\"primaryImageOfPage\":{\"@id\":\"https:\\\/\\\/comt.cat\\\/es\\\/la-importancia-de-contar-con-una-buena-cobertura-de-responsabilidad-civil-profesional\\\/#primaryimage\"},\"image\":{\"@id\":\"https:\\\/\\\/comt.cat\\\/es\\\/la-importancia-de-contar-con-una-buena-cobertura-de-responsabilidad-civil-profesional\\\/#primaryimage\"},\"thumbnailUrl\":\"https:\\\/\\\/comt.cat\\\/wp-content\\\/uploads\\\/2026\\\/04\\\/DESTACADA-WEB-COMT-36.png\",\"datePublished\":\"2026-04-29T11:53:03+00:00\",\"dateModified\":\"2026-04-29T11:55:06+00:00\",\"author\":{\"@id\":\"https:\\\/\\\/comt.cat\\\/#\\\/schema\\\/person\\\/24d46080be080ea35b823114da9e610b\"},\"description\":\"Seguro de Responsabilidad Civil Profesional del CCMC: cobertura integral, defensa especializada y condiciones ventajosas para m\u00e9dicos. Protege tu actividad y tu patrimonio con garant\u00edas adaptadas.\",\"breadcrumb\":{\"@id\":\"https:\\\/\\\/comt.cat\\\/es\\\/la-importancia-de-contar-con-una-buena-cobertura-de-responsabilidad-civil-profesional\\\/#breadcrumb\"},\"inLanguage\":\"es\",\"potentialAction\":[{\"@type\":\"ReadAction\",\"target\":[\"https:\\\/\\\/comt.cat\\\/es\\\/la-importancia-de-contar-con-una-buena-cobertura-de-responsabilidad-civil-profesional\\\/\"]}]},{\"@type\":\"ImageObject\",\"inLanguage\":\"es\",\"@id\":\"https:\\\/\\\/comt.cat\\\/es\\\/la-importancia-de-contar-con-una-buena-cobertura-de-responsabilidad-civil-profesional\\\/#primaryimage\",\"url\":\"https:\\\/\\\/comt.cat\\\/wp-content\\\/uploads\\\/2026\\\/04\\\/DESTACADA-WEB-COMT-36.png\",\"contentUrl\":\"https:\\\/\\\/comt.cat\\\/wp-content\\\/uploads\\\/2026\\\/04\\\/DESTACADA-WEB-COMT-36.png\",\"width\":1540,\"height\":700},{\"@type\":\"BreadcrumbList\",\"@id\":\"https:\\\/\\\/comt.cat\\\/es\\\/la-importancia-de-contar-con-una-buena-cobertura-de-responsabilidad-civil-profesional\\\/#breadcrumb\",\"itemListElement\":[{\"@type\":\"ListItem\",\"position\":1,\"name\":\"Home\",\"item\":\"https:\\\/\\\/comt.cat\\\/es\\\/\"},{\"@type\":\"ListItem\",\"position\":2,\"name\":\"La importancia de contar con una buena cobertura de Responsabilidad Civil Profesional\"}]},{\"@type\":\"WebSite\",\"@id\":\"https:\\\/\\\/comt.cat\\\/#website\",\"url\":\"https:\\\/\\\/comt.cat\\\/\",\"name\":\"COMT\",\"description\":\"Col\u00b7legi de Metges de Tarragona\",\"potentialAction\":[{\"@type\":\"SearchAction\",\"target\":{\"@type\":\"EntryPoint\",\"urlTemplate\":\"https:\\\/\\\/comt.cat\\\/?s={search_term_string}\"},\"query-input\":{\"@type\":\"PropertyValueSpecification\",\"valueRequired\":true,\"valueName\":\"search_term_string\"}}],\"inLanguage\":\"es\"},{\"@type\":\"Person\",\"@id\":\"https:\\\/\\\/comt.cat\\\/#\\\/schema\\\/person\\\/24d46080be080ea35b823114da9e610b\",\"name\":\"Anna Gonzalez\",\"image\":{\"@type\":\"ImageObject\",\"inLanguage\":\"es\",\"@id\":\"https:\\\/\\\/secure.gravatar.com\\\/avatar\\\/67d4cc4df5c1ae05e96e243bb158ac8a385cb5c954cbe83a0699619ad39baa15?s=96&d=mm&r=g\",\"url\":\"https:\\\/\\\/secure.gravatar.com\\\/avatar\\\/67d4cc4df5c1ae05e96e243bb158ac8a385cb5c954cbe83a0699619ad39baa15?s=96&d=mm&r=g\",\"contentUrl\":\"https:\\\/\\\/secure.gravatar.com\\\/avatar\\\/67d4cc4df5c1ae05e96e243bb158ac8a385cb5c954cbe83a0699619ad39baa15?s=96&d=mm&r=g\",\"caption\":\"Anna Gonzalez\"},\"url\":\"https:\\\/\\\/comt.cat\\\/es\\\/author\\\/agonzalez\\\/\"}]}<\/script>\n<!-- \/ Yoast SEO plugin. -->","yoast_head_json":{"title":"La importancia de contar con una buena cobertura de Responsabilidad Civil Profesional - COMT","description":"Seguro de Responsabilidad Civil Profesional del CCMC: cobertura integral, defensa especializada y condiciones ventajosas para m\u00e9dicos. Protege tu actividad y tu patrimonio con garant\u00edas adaptadas.","robots":{"index":"index","follow":"follow","max-snippet":"max-snippet:-1","max-image-preview":"max-image-preview:large","max-video-preview":"max-video-preview:-1"},"canonical":"https:\/\/comt.cat\/es\/la-importancia-de-contar-con-una-buena-cobertura-de-responsabilidad-civil-profesional\/","og_locale":"es_ES","og_type":"article","og_title":"La importancia de contar con una buena cobertura de Responsabilidad Civil Profesional - COMT","og_description":"Seguro de Responsabilidad Civil Profesional del CCMC: cobertura integral, defensa especializada y condiciones ventajosas para m\u00e9dicos. Protege tu actividad y tu patrimonio con garant\u00edas adaptadas.","og_url":"https:\/\/comt.cat\/es\/la-importancia-de-contar-con-una-buena-cobertura-de-responsabilidad-civil-profesional\/","og_site_name":"COMT","article_published_time":"2026-04-29T11:53:03+00:00","article_modified_time":"2026-04-29T11:55:06+00:00","og_image":[{"width":1024,"height":465,"url":"https:\/\/comt.cat\/wp-content\/uploads\/2026\/04\/DESTACADA-WEB-COMT-36-1024x465.png","type":"image\/png"}],"author":"Anna Gonzalez","twitter_card":"summary_large_image","twitter_misc":{"Escrito por":"Anna Gonzalez","Tiempo de lectura":"2 minutos"},"schema":{"@context":"https:\/\/schema.org","@graph":[{"@type":"Article","@id":"https:\/\/comt.cat\/es\/la-importancia-de-contar-con-una-buena-cobertura-de-responsabilidad-civil-profesional\/#article","isPartOf":{"@id":"https:\/\/comt.cat\/es\/la-importancia-de-contar-con-una-buena-cobertura-de-responsabilidad-civil-profesional\/"},"author":{"name":"Anna Gonzalez","@id":"https:\/\/comt.cat\/#\/schema\/person\/24d46080be080ea35b823114da9e610b"},"headline":"La importancia de contar con una buena cobertura de Responsabilidad Civil Profesional","datePublished":"2026-04-29T11:53:03+00:00","dateModified":"2026-04-29T11:55:06+00:00","mainEntityOfPage":{"@id":"https:\/\/comt.cat\/es\/la-importancia-de-contar-con-una-buena-cobertura-de-responsabilidad-civil-profesional\/"},"wordCount":452,"image":{"@id":"https:\/\/comt.cat\/es\/la-importancia-de-contar-con-una-buena-cobertura-de-responsabilidad-civil-profesional\/#primaryimage"},"thumbnailUrl":"https:\/\/comt.cat\/wp-content\/uploads\/2026\/04\/DESTACADA-WEB-COMT-36.png","articleSection":["Actualidad y publicaciones","Destacada","Noticias del COMT","Seguros"],"inLanguage":"es"},{"@type":"WebPage","@id":"https:\/\/comt.cat\/es\/la-importancia-de-contar-con-una-buena-cobertura-de-responsabilidad-civil-profesional\/","url":"https:\/\/comt.cat\/es\/la-importancia-de-contar-con-una-buena-cobertura-de-responsabilidad-civil-profesional\/","name":"La importancia de contar con una buena cobertura de Responsabilidad Civil Profesional - COMT","isPartOf":{"@id":"https:\/\/comt.cat\/#website"},"primaryImageOfPage":{"@id":"https:\/\/comt.cat\/es\/la-importancia-de-contar-con-una-buena-cobertura-de-responsabilidad-civil-profesional\/#primaryimage"},"image":{"@id":"https:\/\/comt.cat\/es\/la-importancia-de-contar-con-una-buena-cobertura-de-responsabilidad-civil-profesional\/#primaryimage"},"thumbnailUrl":"https:\/\/comt.cat\/wp-content\/uploads\/2026\/04\/DESTACADA-WEB-COMT-36.png","datePublished":"2026-04-29T11:53:03+00:00","dateModified":"2026-04-29T11:55:06+00:00","author":{"@id":"https:\/\/comt.cat\/#\/schema\/person\/24d46080be080ea35b823114da9e610b"},"description":"Seguro de Responsabilidad Civil Profesional del CCMC: cobertura integral, defensa especializada y condiciones ventajosas para m\u00e9dicos. Protege tu actividad y tu patrimonio con garant\u00edas adaptadas.","breadcrumb":{"@id":"https:\/\/comt.cat\/es\/la-importancia-de-contar-con-una-buena-cobertura-de-responsabilidad-civil-profesional\/#breadcrumb"},"inLanguage":"es","potentialAction":[{"@type":"ReadAction","target":["https:\/\/comt.cat\/es\/la-importancia-de-contar-con-una-buena-cobertura-de-responsabilidad-civil-profesional\/"]}]},{"@type":"ImageObject","inLanguage":"es","@id":"https:\/\/comt.cat\/es\/la-importancia-de-contar-con-una-buena-cobertura-de-responsabilidad-civil-profesional\/#primaryimage","url":"https:\/\/comt.cat\/wp-content\/uploads\/2026\/04\/DESTACADA-WEB-COMT-36.png","contentUrl":"https:\/\/comt.cat\/wp-content\/uploads\/2026\/04\/DESTACADA-WEB-COMT-36.png","width":1540,"height":700},{"@type":"BreadcrumbList","@id":"https:\/\/comt.cat\/es\/la-importancia-de-contar-con-una-buena-cobertura-de-responsabilidad-civil-profesional\/#breadcrumb","itemListElement":[{"@type":"ListItem","position":1,"name":"Home","item":"https:\/\/comt.cat\/es\/"},{"@type":"ListItem","position":2,"name":"La importancia de contar con una buena cobertura de Responsabilidad Civil Profesional"}]},{"@type":"WebSite","@id":"https:\/\/comt.cat\/#website","url":"https:\/\/comt.cat\/","name":"COMT","description":"Col\u00b7legi de Metges de Tarragona","potentialAction":[{"@type":"SearchAction","target":{"@type":"EntryPoint","urlTemplate":"https:\/\/comt.cat\/?s={search_term_string}"},"query-input":{"@type":"PropertyValueSpecification","valueRequired":true,"valueName":"search_term_string"}}],"inLanguage":"es"},{"@type":"Person","@id":"https:\/\/comt.cat\/#\/schema\/person\/24d46080be080ea35b823114da9e610b","name":"Anna Gonzalez","image":{"@type":"ImageObject","inLanguage":"es","@id":"https:\/\/secure.gravatar.com\/avatar\/67d4cc4df5c1ae05e96e243bb158ac8a385cb5c954cbe83a0699619ad39baa15?s=96&d=mm&r=g","url":"https:\/\/secure.gravatar.com\/avatar\/67d4cc4df5c1ae05e96e243bb158ac8a385cb5c954cbe83a0699619ad39baa15?s=96&d=mm&r=g","contentUrl":"https:\/\/secure.gravatar.com\/avatar\/67d4cc4df5c1ae05e96e243bb158ac8a385cb5c954cbe83a0699619ad39baa15?s=96&d=mm&r=g","caption":"Anna Gonzalez"},"url":"https:\/\/comt.cat\/es\/author\/agonzalez\/"}]}},"_links":{"self":[{"href":"https:\/\/comt.cat\/es\/wp-json\/wp\/v2\/posts\/48464","targetHints":{"allow":["GET"]}}],"collection":[{"href":"https:\/\/comt.cat\/es\/wp-json\/wp\/v2\/posts"}],"about":[{"href":"https:\/\/comt.cat\/es\/wp-json\/wp\/v2\/types\/post"}],"author":[{"embeddable":true,"href":"https:\/\/comt.cat\/es\/wp-json\/wp\/v2\/users\/4449"}],"replies":[{"embeddable":true,"href":"https:\/\/comt.cat\/es\/wp-json\/wp\/v2\/comments?post=48464"}],"version-history":[{"count":1,"href":"https:\/\/comt.cat\/es\/wp-json\/wp\/v2\/posts\/48464\/revisions"}],"predecessor-version":[{"id":48465,"href":"https:\/\/comt.cat\/es\/wp-json\/wp\/v2\/posts\/48464\/revisions\/48465"}],"wp:featuredmedia":[{"embeddable":true,"href":"https:\/\/comt.cat\/es\/wp-json\/wp\/v2\/media\/48444"}],"wp:attachment":[{"href":"https:\/\/comt.cat\/es\/wp-json\/wp\/v2\/media?parent=48464"}],"wp:term":[{"taxonomy":"category","embeddable":true,"href":"https:\/\/comt.cat\/es\/wp-json\/wp\/v2\/categories?post=48464"},{"taxonomy":"post_tag","embeddable":true,"href":"https:\/\/comt.cat\/es\/wp-json\/wp\/v2\/tags?post=48464"}],"curies":[{"name":"wp","href":"https:\/\/api.w.org\/{rel}","templated":true}]}}