{"id":48848,"date":"2026-04-30T21:54:31","date_gmt":"2026-04-30T19:54:31","guid":{"rendered":"https:\/\/comt.cat\/?p=48848"},"modified":"2026-04-30T22:01:49","modified_gmt":"2026-04-30T20:01:49","slug":"no-te-pierdas-el-directe-de-la-ceremonia-de-graduacion-del-alumnado-del-grado-en-medicina-de-la-urv-2020-2026","status":"publish","type":"post","link":"https:\/\/comt.cat\/es\/no-te-pierdas-el-directe-de-la-ceremonia-de-graduacion-del-alumnado-del-grado-en-medicina-de-la-urv-2020-2026\/","title":{"rendered":"No te pierdas el directe de la Ceremonia de graduaci\u00f3n del alumnado del grado en Medicina de la URV 2020-2026"},"content":{"rendered":"\n<h2 class=\"wp-block-heading\">El pr\u00f3ximo 2 de mayo de 2026 a las 16:00 horas, el espacio de la Feria de Reus tendr\u00e1 lugar la ceremonia de Graduaci\u00f3n del alumnado del Grado de Medicina. <\/h2>\n\n\n\n<p>Un a\u00f1o m\u00e1s, el COMT est\u00e1 junto a los alumnos que este a\u00f1o acaban los estudios del grado de Medicina de la URV. Gracias al patrocinio del COMT, la retransmisi\u00f3n del acto se podr\u00e1 ver en directo desde nuestro canal de\u00a0<a href=\"https:\/\/www.youtube.com\/live\/BtjPpoRbrjk?si=aKvpWZLdfVrzM-Zs\">Youtube<\/a>.<\/p>\n\n\n\n<p>El inicio del acto ser\u00e1 a las <strong>16.00 horas<\/strong> y el acontecimiento contar\u00e1 con los parlamentos de los alumnos graduados y de las varias autoridades presentes en el acto. El presidente del Colegio de M\u00e9dicos, el Dr. Sergi Boada, tambi\u00e9n asistir\u00e1 al acto como m\u00e1ximo responsable de la Instituci\u00f3n que representa a la profesi\u00f3n de los m\u00e9dicos y m\u00e9dicas en el territorio.<\/p>\n\n\n\n<p>La ceremonia se podr\u00e1 ver en directo a trav\u00e9s del\u00a0<a href=\"https:\/\/www.youtube.com\/live\/BtjPpoRbrjk?si=aKvpWZLdfVrzM-Zs\">canal de YouTube del COMT<\/a> y para poder seguir el acto, tan solo cal debes clicar en el siguiente enlace para conectaros a partir de las 16.00 horas.<\/p>\n\n\n\n<p><\/p>\n\n\n\n<figure class=\"wp-block-embed is-type-video is-provider-youtube wp-block-embed-youtube wp-embed-aspect-4-3 wp-has-aspect-ratio\"><div class=\"wp-block-embed__wrapper\">\n<iframe loading=\"lazy\" title=\"Acte de graduaci\u00f3 del Grau de Medicina promoci\u00f3 2020-2026\" width=\"1020\" height=\"765\" src=\"https:\/\/www.youtube.com\/embed\/BtjPpoRbrjk?feature=oembed\" frameborder=\"0\" allow=\"accelerometer; autoplay; clipboard-write; encrypted-media; gyroscope; picture-in-picture; web-share\" referrerpolicy=\"strict-origin-when-cross-origin\" allowfullscreen><\/iframe>\n<\/div><\/figure>\n","protected":false},"excerpt":{"rendered":"<p>El pr\u00f3ximo 2 de mayo de 2026 a las 16:00 horas, el espacio de la Feria de Reus tendr\u00e1 lugar la ceremonia de Graduaci\u00f3n del alumnado del Grado de Medicina. Un a\u00f1o m\u00e1s, el COMT est\u00e1 junto a los alumnos que este a\u00f1o acaban los estudios del grado de Medicina de la URV. Gracias al&#8230;<\/p>\n","protected":false},"author":3621,"featured_media":48849,"comment_status":"closed","ping_status":"closed","sticky":false,"template":"","format":"standard","meta":{"footnotes":""},"categories":[274,493,517,518,276],"tags":[],"class_list":["post-48848","post","type-post","status-publish","format-standard","has-post-thumbnail","hentry","category-actualidad-y-publicaciones","category-destacada-es","category-gl-noticia-destacada-esp","category-gl-noticias-actualidad","category-comt-noticias"],"yoast_head":"<!-- This site is optimized with the Yoast SEO plugin v27.5 - https:\/\/yoast.com\/product\/yoast-seo-wordpress\/ -->\n<title>No te pierdas el directe de la Ceremonia de graduaci\u00f3n del alumnado del grado en Medicina de la URV 2020-2026 - COMT<\/title>\n<meta name=\"robots\" content=\"index, follow, max-snippet:-1, max-image-preview:large, max-video-preview:-1\" \/>\n<link rel=\"canonical\" href=\"https:\/\/comt.cat\/es\/no-te-pierdas-el-directe-de-la-ceremonia-de-graduacion-del-alumnado-del-grado-en-medicina-de-la-urv-2020-2026\/\" \/>\n<meta property=\"og:locale\" content=\"es_ES\" \/>\n<meta property=\"og:type\" content=\"article\" \/>\n<meta property=\"og:title\" content=\"No te pierdas el directe de la Ceremonia de graduaci\u00f3n del alumnado del grado en Medicina de la URV 2020-2026 - COMT\" \/>\n<meta property=\"og:description\" content=\"El pr\u00f3ximo 2 de mayo de 2026 a las 16:00 horas, el espacio de la Feria de Reus tendr\u00e1 lugar la ceremonia de Graduaci\u00f3n del alumnado del Grado de Medicina. Un a\u00f1o m\u00e1s, el COMT est\u00e1 junto a los alumnos que este a\u00f1o acaban los estudios del grado de Medicina de la URV. Gracias al...\" \/>\n<meta property=\"og:url\" content=\"https:\/\/comt.cat\/es\/no-te-pierdas-el-directe-de-la-ceremonia-de-graduacion-del-alumnado-del-grado-en-medicina-de-la-urv-2020-2026\/\" \/>\n<meta property=\"og:site_name\" content=\"COMT\" \/>\n<meta property=\"article:published_time\" content=\"2026-04-30T19:54:31+00:00\" \/>\n<meta property=\"article:modified_time\" content=\"2026-04-30T20:01:49+00:00\" \/>\n<meta property=\"og:image\" content=\"https:\/\/comt.cat\/wp-content\/uploads\/2026\/04\/DESTACADES-WEB-1-1024x465.png\" \/>\n\t<meta property=\"og:image:width\" content=\"1024\" \/>\n\t<meta property=\"og:image:height\" content=\"465\" \/>\n\t<meta property=\"og:image:type\" content=\"image\/png\" \/>\n<meta name=\"author\" content=\"Maria L\u00f3pez\" \/>\n<meta name=\"twitter:card\" content=\"summary_large_image\" \/>\n<meta name=\"twitter:label1\" content=\"Escrito por\" \/>\n\t<meta name=\"twitter:data1\" content=\"Maria L\u00f3pez\" \/>\n\t<meta name=\"twitter:label2\" content=\"Tiempo de lectura\" \/>\n\t<meta name=\"twitter:data2\" content=\"1 minuto\" \/>\n<script type=\"application\/ld+json\" class=\"yoast-schema-graph\">{\"@context\":\"https:\\\/\\\/schema.org\",\"@graph\":[{\"@type\":\"Article\",\"@id\":\"https:\\\/\\\/comt.cat\\\/es\\\/no-te-pierdas-el-directe-de-la-ceremonia-de-graduacion-del-alumnado-del-grado-en-medicina-de-la-urv-2020-2026\\\/#article\",\"isPartOf\":{\"@id\":\"https:\\\/\\\/comt.cat\\\/es\\\/no-te-pierdas-el-directe-de-la-ceremonia-de-graduacion-del-alumnado-del-grado-en-medicina-de-la-urv-2020-2026\\\/\"},\"author\":{\"name\":\"Maria L\u00f3pez\",\"@id\":\"https:\\\/\\\/comt.cat\\\/#\\\/schema\\\/person\\\/c3d70cec3fd8489ddeff389e08b95ba8\"},\"headline\":\"No te pierdas el directe de la Ceremonia de graduaci\u00f3n del alumnado del grado en Medicina de la URV 2020-2026\",\"datePublished\":\"2026-04-30T19:54:31+00:00\",\"dateModified\":\"2026-04-30T20:01:49+00:00\",\"mainEntityOfPage\":{\"@id\":\"https:\\\/\\\/comt.cat\\\/es\\\/no-te-pierdas-el-directe-de-la-ceremonia-de-graduacion-del-alumnado-del-grado-en-medicina-de-la-urv-2020-2026\\\/\"},\"wordCount\":209,\"image\":{\"@id\":\"https:\\\/\\\/comt.cat\\\/es\\\/no-te-pierdas-el-directe-de-la-ceremonia-de-graduacion-del-alumnado-del-grado-en-medicina-de-la-urv-2020-2026\\\/#primaryimage\"},\"thumbnailUrl\":\"https:\\\/\\\/comt.cat\\\/wp-content\\\/uploads\\\/2026\\\/04\\\/DESTACADES-WEB-1.png\",\"articleSection\":[\"Actualidad y publicaciones\",\"Destacada\",\"GL Noticia Destacada esp\",\"GL Noticias Actualidad\",\"Noticias del COMT\"],\"inLanguage\":\"es\"},{\"@type\":\"WebPage\",\"@id\":\"https:\\\/\\\/comt.cat\\\/es\\\/no-te-pierdas-el-directe-de-la-ceremonia-de-graduacion-del-alumnado-del-grado-en-medicina-de-la-urv-2020-2026\\\/\",\"url\":\"https:\\\/\\\/comt.cat\\\/es\\\/no-te-pierdas-el-directe-de-la-ceremonia-de-graduacion-del-alumnado-del-grado-en-medicina-de-la-urv-2020-2026\\\/\",\"name\":\"No te pierdas el directe de la Ceremonia de graduaci\u00f3n del alumnado del grado en Medicina de la URV 2020-2026 - COMT\",\"isPartOf\":{\"@id\":\"https:\\\/\\\/comt.cat\\\/#website\"},\"primaryImageOfPage\":{\"@id\":\"https:\\\/\\\/comt.cat\\\/es\\\/no-te-pierdas-el-directe-de-la-ceremonia-de-graduacion-del-alumnado-del-grado-en-medicina-de-la-urv-2020-2026\\\/#primaryimage\"},\"image\":{\"@id\":\"https:\\\/\\\/comt.cat\\\/es\\\/no-te-pierdas-el-directe-de-la-ceremonia-de-graduacion-del-alumnado-del-grado-en-medicina-de-la-urv-2020-2026\\\/#primaryimage\"},\"thumbnailUrl\":\"https:\\\/\\\/comt.cat\\\/wp-content\\\/uploads\\\/2026\\\/04\\\/DESTACADES-WEB-1.png\",\"datePublished\":\"2026-04-30T19:54:31+00:00\",\"dateModified\":\"2026-04-30T20:01:49+00:00\",\"author\":{\"@id\":\"https:\\\/\\\/comt.cat\\\/#\\\/schema\\\/person\\\/c3d70cec3fd8489ddeff389e08b95ba8\"},\"breadcrumb\":{\"@id\":\"https:\\\/\\\/comt.cat\\\/es\\\/no-te-pierdas-el-directe-de-la-ceremonia-de-graduacion-del-alumnado-del-grado-en-medicina-de-la-urv-2020-2026\\\/#breadcrumb\"},\"inLanguage\":\"es\",\"potentialAction\":[{\"@type\":\"ReadAction\",\"target\":[\"https:\\\/\\\/comt.cat\\\/es\\\/no-te-pierdas-el-directe-de-la-ceremonia-de-graduacion-del-alumnado-del-grado-en-medicina-de-la-urv-2020-2026\\\/\"]}]},{\"@type\":\"ImageObject\",\"inLanguage\":\"es\",\"@id\":\"https:\\\/\\\/comt.cat\\\/es\\\/no-te-pierdas-el-directe-de-la-ceremonia-de-graduacion-del-alumnado-del-grado-en-medicina-de-la-urv-2020-2026\\\/#primaryimage\",\"url\":\"https:\\\/\\\/comt.cat\\\/wp-content\\\/uploads\\\/2026\\\/04\\\/DESTACADES-WEB-1.png\",\"contentUrl\":\"https:\\\/\\\/comt.cat\\\/wp-content\\\/uploads\\\/2026\\\/04\\\/DESTACADES-WEB-1.png\",\"width\":1540,\"height\":700},{\"@type\":\"BreadcrumbList\",\"@id\":\"https:\\\/\\\/comt.cat\\\/es\\\/no-te-pierdas-el-directe-de-la-ceremonia-de-graduacion-del-alumnado-del-grado-en-medicina-de-la-urv-2020-2026\\\/#breadcrumb\",\"itemListElement\":[{\"@type\":\"ListItem\",\"position\":1,\"name\":\"Home\",\"item\":\"https:\\\/\\\/comt.cat\\\/es\\\/\"},{\"@type\":\"ListItem\",\"position\":2,\"name\":\"No te pierdas el directe de la Ceremonia de graduaci\u00f3n del alumnado del grado en Medicina de la URV 2020-2026\"}]},{\"@type\":\"WebSite\",\"@id\":\"https:\\\/\\\/comt.cat\\\/#website\",\"url\":\"https:\\\/\\\/comt.cat\\\/\",\"name\":\"COMT\",\"description\":\"Col\u00b7legi de Metges de Tarragona\",\"potentialAction\":[{\"@type\":\"SearchAction\",\"target\":{\"@type\":\"EntryPoint\",\"urlTemplate\":\"https:\\\/\\\/comt.cat\\\/?s={search_term_string}\"},\"query-input\":{\"@type\":\"PropertyValueSpecification\",\"valueRequired\":true,\"valueName\":\"search_term_string\"}}],\"inLanguage\":\"es\"},{\"@type\":\"Person\",\"@id\":\"https:\\\/\\\/comt.cat\\\/#\\\/schema\\\/person\\\/c3d70cec3fd8489ddeff389e08b95ba8\",\"name\":\"Maria L\u00f3pez\",\"image\":{\"@type\":\"ImageObject\",\"inLanguage\":\"es\",\"@id\":\"https:\\\/\\\/secure.gravatar.com\\\/avatar\\\/a8afd87060c22d8e6c753e162f6c88f6b4ecbd183c58fcac573fefd9b36c19fe?s=96&d=mm&r=g\",\"url\":\"https:\\\/\\\/secure.gravatar.com\\\/avatar\\\/a8afd87060c22d8e6c753e162f6c88f6b4ecbd183c58fcac573fefd9b36c19fe?s=96&d=mm&r=g\",\"contentUrl\":\"https:\\\/\\\/secure.gravatar.com\\\/avatar\\\/a8afd87060c22d8e6c753e162f6c88f6b4ecbd183c58fcac573fefd9b36c19fe?s=96&d=mm&r=g\",\"caption\":\"Maria L\u00f3pez\"},\"url\":\"https:\\\/\\\/comt.cat\\\/es\\\/author\\\/mlopez\\\/\"}]}<\/script>\n<!-- \/ Yoast SEO plugin. -->","yoast_head_json":{"title":"No te pierdas el directe de la Ceremonia de graduaci\u00f3n del alumnado del grado en Medicina de la URV 2020-2026 - COMT","robots":{"index":"index","follow":"follow","max-snippet":"max-snippet:-1","max-image-preview":"max-image-preview:large","max-video-preview":"max-video-preview:-1"},"canonical":"https:\/\/comt.cat\/es\/no-te-pierdas-el-directe-de-la-ceremonia-de-graduacion-del-alumnado-del-grado-en-medicina-de-la-urv-2020-2026\/","og_locale":"es_ES","og_type":"article","og_title":"No te pierdas el directe de la Ceremonia de graduaci\u00f3n del alumnado del grado en Medicina de la URV 2020-2026 - COMT","og_description":"El pr\u00f3ximo 2 de mayo de 2026 a las 16:00 horas, el espacio de la Feria de Reus tendr\u00e1 lugar la ceremonia de Graduaci\u00f3n del alumnado del Grado de Medicina. Un a\u00f1o m\u00e1s, el COMT est\u00e1 junto a los alumnos que este a\u00f1o acaban los estudios del grado de Medicina de la URV. Gracias al...","og_url":"https:\/\/comt.cat\/es\/no-te-pierdas-el-directe-de-la-ceremonia-de-graduacion-del-alumnado-del-grado-en-medicina-de-la-urv-2020-2026\/","og_site_name":"COMT","article_published_time":"2026-04-30T19:54:31+00:00","article_modified_time":"2026-04-30T20:01:49+00:00","og_image":[{"width":1024,"height":465,"url":"https:\/\/comt.cat\/wp-content\/uploads\/2026\/04\/DESTACADES-WEB-1-1024x465.png","type":"image\/png"}],"author":"Maria L\u00f3pez","twitter_card":"summary_large_image","twitter_misc":{"Escrito por":"Maria L\u00f3pez","Tiempo de lectura":"1 minuto"},"schema":{"@context":"https:\/\/schema.org","@graph":[{"@type":"Article","@id":"https:\/\/comt.cat\/es\/no-te-pierdas-el-directe-de-la-ceremonia-de-graduacion-del-alumnado-del-grado-en-medicina-de-la-urv-2020-2026\/#article","isPartOf":{"@id":"https:\/\/comt.cat\/es\/no-te-pierdas-el-directe-de-la-ceremonia-de-graduacion-del-alumnado-del-grado-en-medicina-de-la-urv-2020-2026\/"},"author":{"name":"Maria L\u00f3pez","@id":"https:\/\/comt.cat\/#\/schema\/person\/c3d70cec3fd8489ddeff389e08b95ba8"},"headline":"No te pierdas el directe de la Ceremonia de graduaci\u00f3n del alumnado del grado en Medicina de la URV 2020-2026","datePublished":"2026-04-30T19:54:31+00:00","dateModified":"2026-04-30T20:01:49+00:00","mainEntityOfPage":{"@id":"https:\/\/comt.cat\/es\/no-te-pierdas-el-directe-de-la-ceremonia-de-graduacion-del-alumnado-del-grado-en-medicina-de-la-urv-2020-2026\/"},"wordCount":209,"image":{"@id":"https:\/\/comt.cat\/es\/no-te-pierdas-el-directe-de-la-ceremonia-de-graduacion-del-alumnado-del-grado-en-medicina-de-la-urv-2020-2026\/#primaryimage"},"thumbnailUrl":"https:\/\/comt.cat\/wp-content\/uploads\/2026\/04\/DESTACADES-WEB-1.png","articleSection":["Actualidad y publicaciones","Destacada","GL Noticia Destacada esp","GL Noticias Actualidad","Noticias del COMT"],"inLanguage":"es"},{"@type":"WebPage","@id":"https:\/\/comt.cat\/es\/no-te-pierdas-el-directe-de-la-ceremonia-de-graduacion-del-alumnado-del-grado-en-medicina-de-la-urv-2020-2026\/","url":"https:\/\/comt.cat\/es\/no-te-pierdas-el-directe-de-la-ceremonia-de-graduacion-del-alumnado-del-grado-en-medicina-de-la-urv-2020-2026\/","name":"No te pierdas el directe de la Ceremonia de graduaci\u00f3n del alumnado del grado en Medicina de la URV 2020-2026 - COMT","isPartOf":{"@id":"https:\/\/comt.cat\/#website"},"primaryImageOfPage":{"@id":"https:\/\/comt.cat\/es\/no-te-pierdas-el-directe-de-la-ceremonia-de-graduacion-del-alumnado-del-grado-en-medicina-de-la-urv-2020-2026\/#primaryimage"},"image":{"@id":"https:\/\/comt.cat\/es\/no-te-pierdas-el-directe-de-la-ceremonia-de-graduacion-del-alumnado-del-grado-en-medicina-de-la-urv-2020-2026\/#primaryimage"},"thumbnailUrl":"https:\/\/comt.cat\/wp-content\/uploads\/2026\/04\/DESTACADES-WEB-1.png","datePublished":"2026-04-30T19:54:31+00:00","dateModified":"2026-04-30T20:01:49+00:00","author":{"@id":"https:\/\/comt.cat\/#\/schema\/person\/c3d70cec3fd8489ddeff389e08b95ba8"},"breadcrumb":{"@id":"https:\/\/comt.cat\/es\/no-te-pierdas-el-directe-de-la-ceremonia-de-graduacion-del-alumnado-del-grado-en-medicina-de-la-urv-2020-2026\/#breadcrumb"},"inLanguage":"es","potentialAction":[{"@type":"ReadAction","target":["https:\/\/comt.cat\/es\/no-te-pierdas-el-directe-de-la-ceremonia-de-graduacion-del-alumnado-del-grado-en-medicina-de-la-urv-2020-2026\/"]}]},{"@type":"ImageObject","inLanguage":"es","@id":"https:\/\/comt.cat\/es\/no-te-pierdas-el-directe-de-la-ceremonia-de-graduacion-del-alumnado-del-grado-en-medicina-de-la-urv-2020-2026\/#primaryimage","url":"https:\/\/comt.cat\/wp-content\/uploads\/2026\/04\/DESTACADES-WEB-1.png","contentUrl":"https:\/\/comt.cat\/wp-content\/uploads\/2026\/04\/DESTACADES-WEB-1.png","width":1540,"height":700},{"@type":"BreadcrumbList","@id":"https:\/\/comt.cat\/es\/no-te-pierdas-el-directe-de-la-ceremonia-de-graduacion-del-alumnado-del-grado-en-medicina-de-la-urv-2020-2026\/#breadcrumb","itemListElement":[{"@type":"ListItem","position":1,"name":"Home","item":"https:\/\/comt.cat\/es\/"},{"@type":"ListItem","position":2,"name":"No te pierdas el directe de la Ceremonia de graduaci\u00f3n del alumnado del grado en Medicina de la URV 2020-2026"}]},{"@type":"WebSite","@id":"https:\/\/comt.cat\/#website","url":"https:\/\/comt.cat\/","name":"COMT","description":"Col\u00b7legi de Metges de Tarragona","potentialAction":[{"@type":"SearchAction","target":{"@type":"EntryPoint","urlTemplate":"https:\/\/comt.cat\/?s={search_term_string}"},"query-input":{"@type":"PropertyValueSpecification","valueRequired":true,"valueName":"search_term_string"}}],"inLanguage":"es"},{"@type":"Person","@id":"https:\/\/comt.cat\/#\/schema\/person\/c3d70cec3fd8489ddeff389e08b95ba8","name":"Maria L\u00f3pez","image":{"@type":"ImageObject","inLanguage":"es","@id":"https:\/\/secure.gravatar.com\/avatar\/a8afd87060c22d8e6c753e162f6c88f6b4ecbd183c58fcac573fefd9b36c19fe?s=96&d=mm&r=g","url":"https:\/\/secure.gravatar.com\/avatar\/a8afd87060c22d8e6c753e162f6c88f6b4ecbd183c58fcac573fefd9b36c19fe?s=96&d=mm&r=g","contentUrl":"https:\/\/secure.gravatar.com\/avatar\/a8afd87060c22d8e6c753e162f6c88f6b4ecbd183c58fcac573fefd9b36c19fe?s=96&d=mm&r=g","caption":"Maria L\u00f3pez"},"url":"https:\/\/comt.cat\/es\/author\/mlopez\/"}]}},"_links":{"self":[{"href":"https:\/\/comt.cat\/es\/wp-json\/wp\/v2\/posts\/48848","targetHints":{"allow":["GET"]}}],"collection":[{"href":"https:\/\/comt.cat\/es\/wp-json\/wp\/v2\/posts"}],"about":[{"href":"https:\/\/comt.cat\/es\/wp-json\/wp\/v2\/types\/post"}],"author":[{"embeddable":true,"href":"https:\/\/comt.cat\/es\/wp-json\/wp\/v2\/users\/3621"}],"replies":[{"embeddable":true,"href":"https:\/\/comt.cat\/es\/wp-json\/wp\/v2\/comments?post=48848"}],"version-history":[{"count":2,"href":"https:\/\/comt.cat\/es\/wp-json\/wp\/v2\/posts\/48848\/revisions"}],"predecessor-version":[{"id":48854,"href":"https:\/\/comt.cat\/es\/wp-json\/wp\/v2\/posts\/48848\/revisions\/48854"}],"wp:featuredmedia":[{"embeddable":true,"href":"https:\/\/comt.cat\/es\/wp-json\/wp\/v2\/media\/48849"}],"wp:attachment":[{"href":"https:\/\/comt.cat\/es\/wp-json\/wp\/v2\/media?parent=48848"}],"wp:term":[{"taxonomy":"category","embeddable":true,"href":"https:\/\/comt.cat\/es\/wp-json\/wp\/v2\/categories?post=48848"},{"taxonomy":"post_tag","embeddable":true,"href":"https:\/\/comt.cat\/es\/wp-json\/wp\/v2\/tags?post=48848"}],"curies":[{"name":"wp","href":"https:\/\/api.w.org\/{rel}","templated":true}]}}