{"id":5065,"date":"2019-03-04T00:39:00","date_gmt":"2019-03-04T00:39:00","guid":{"rendered":"http:\/\/comt.local\/sense-categoria\/servicio-de-atencion-social\/"},"modified":"2019-03-04T00:39:00","modified_gmt":"2019-03-04T00:39:00","slug":"servicio-de-atencion-social","status":"publish","type":"post","link":"https:\/\/comt.cat\/es\/servicio-de-atencion-social\/","title":{"rendered":"Servicio de atenci\u00f3n social"},"content":{"rendered":"<h4>\u00a0<\/h4>\n<h4>Definici\u00f3n<\/h4>\n<p>Servicio de informaci\u00f3n, valoraci\u00f3n y orientaci\u00f3n social, prestado por profesionales de la atenci\u00f3n psicosocial.<\/p>\n<p>\u00a0<\/p>\n<h4>Destinatarios<\/h4>\n<ul>\n<li>M\u00e9dicos colegiados<\/li>\n<li>C\u00f3nyuges o parejas de hecho, viudos\/as, hijos o padres de los colegiados.<\/li>\n<\/ul>\n<p>\u00a0<\/p>\n<h4>Funciones<\/h4>\n<p>Informaci\u00f3n y asesoramiento en el \u00e1mbito social, psicol\u00f3gico, as\u00ed como en el \u00e1rea jur\u00eddica y legal sobre temas relacionados con la discapacidad (pensiones, patrimonio protegido, tutelas y curatelas, accesibilidad, etc.)<\/p>\n<p>\u00a0<\/p>\n<h4>Informaci\u00f3n sobre las prestaciones<\/h4>\n<ul>\n<li>Orientaci\u00f3n y asesoramiento personalizado, sobre las actuaciones y recursos (p\u00fablicos y \/ o privados) m\u00e1s apropiados a cada usuario y unidad familiar, para la cobertura de sus necesidades de Protecci\u00f3n Social.<\/li>\n<li>Apoyo en las actuaciones espec\u00edficas para favorecer el logro de los objetivos de la propuesta de orientaci\u00f3n, en los casos que as\u00ed se determine a fin de minimizar el riesgo de exclusi\u00f3n social.<\/li>\n<li>Elaborar y difundir informaci\u00f3n especializada sobre recursos p\u00fablicos, con el objetivo de buscar la informaci\u00f3n a los colegiados y sus familias.<\/li>\n<\/ul>\n<p>\u00a0<\/p>\n<h4><span class=\"fa fa-hand-o-right\">\u00a0<\/span>Servicio gratuito<\/h4>\n<p>\u00a0\u00a0<\/p>\n<p><span class=\"fa fa-hand-o-right\">\u00a0<\/span><strong>Nivel I:<\/strong> Informaci\u00f3n telef\u00f3nica <a href=\"tel:+34977232012\" rel=\"alternate\">977 232 012<\/a> &#8211; <strong>Sra. Anna Bautista<\/strong><\/p>\n<p><span class=\"fa fa-hand-o-right\">\u00a0<\/span><strong>Nivel II:<\/strong> Informaci\u00f3n y orientaci\u00f3n presencial a trav\u00e9s del Colegio de M\u00e9dicos, previa petici\u00f3n de dia y hora.<\/p>\n<p>\u00a0<\/p>\n","protected":false},"excerpt":{"rendered":"<h4>\u00a0<\/h4>\n<h4>Definici\u00f3n<\/h4>\n<p>Servicio de informaci\u00f3n, valoraci\u00f3n y orientaci\u00f3n social, prestado por profesionales de la atenci\u00f3n psicosocial.<\/p>\n<p>\u00a0<\/p>\n<h4>Destinatarios<\/h4>\n<ul>\n<li>M\u00e9dicos colegiados<\/li>\n<li>C\u00f3nyuges o parejas de hecho, viudos\/as, hijos o padres de los colegiados.<\/li>\n<\/ul>\n<p>\u00a0<\/p>\n<h4>Funciones<\/h4>\n<p>Informaci\u00f3n y asesoramiento en el \u00e1mbito social, psicol\u00f3gico, as\u00ed como en el \u00e1rea jur\u00eddica y legal sobre temas relacionados con la discapacidad (pensiones, patrimonio protegido, tutelas y curatelas, accesibilidad, etc.)<\/p>\n<p>\u00a0<\/p>\n<h4>Informaci\u00f3n sobre las prestaciones<\/h4>\n<ul>\n<li>Orientaci\u00f3n y asesoramiento personalizado, sobre las actuaciones y recursos (p\u00fablicos y \/ o privados) m\u00e1s apropiados a cada usuario y unidad familiar, para la cobertura de sus necesidades de Protecci\u00f3n Social.<\/li>\n<li>Apoyo en las actuaciones espec\u00edficas para favorecer el logro de los objetivos de la propuesta de orientaci\u00f3n, en los casos que as\u00ed se determine a fin de minimizar el riesgo de exclusi\u00f3n social.<\/li>\n<li>Elaborar y difundir informaci\u00f3n especializada sobre recursos p\u00fablicos, con el objetivo de buscar la informaci\u00f3n a los colegiados y sus familias.<\/li>\n<\/ul>\n<p>\u00a0<\/p>\n<h4><span class=\"fa fa-hand-o-right\">\u00a0<\/span>Servicio gratuito<\/h4>\n<p>\u00a0\u00a0<\/p>\n<p><span class=\"fa fa-hand-o-right\">\u00a0<\/span><strong>Nivel I:<\/strong> Informaci\u00f3n telef\u00f3nica <a href=\"tel:+34977232012\" rel=\"alternate\">977 232 012<\/a> &#8211; <strong>Sra. Anna Bautista<\/strong><\/p>\n<p><span class=\"fa fa-hand-o-right\">\u00a0<\/span><strong>Nivel II:<\/strong> Informaci\u00f3n y orientaci\u00f3n presencial a trav\u00e9s del Colegio de M\u00e9dicos, previa petici\u00f3n de dia y hora.<\/p>\n<p>\u00a0<\/p>\n","protected":false},"author":1,"featured_media":0,"comment_status":"open","ping_status":"open","sticky":false,"template":"","format":"standard","meta":{"footnotes":""},"categories":[402],"tags":[],"class_list":["post-5065","post","type-post","status-publish","format-standard","hentry","category-servicio-de-atencion-social"],"yoast_head":"<!-- This site is optimized with the Yoast SEO plugin v27.5 - https:\/\/yoast.com\/product\/yoast-seo-wordpress\/ -->\n<title>Servicio de atenci\u00f3n social - COMT<\/title>\n<meta name=\"robots\" content=\"index, follow, max-snippet:-1, max-image-preview:large, max-video-preview:-1\" \/>\n<link rel=\"canonical\" href=\"https:\/\/comt.cat\/es\/servicio-de-atencion-social\/\" \/>\n<meta property=\"og:locale\" content=\"es_ES\" \/>\n<meta property=\"og:type\" content=\"article\" \/>\n<meta property=\"og:title\" content=\"Servicio de atenci\u00f3n social - COMT\" \/>\n<meta property=\"og:description\" content=\"\u00a0 Definici\u00f3n Servicio de informaci\u00f3n, valoraci\u00f3n y orientaci\u00f3n social, prestado por profesionales de la atenci\u00f3n psicosocial. \u00a0 Destinatarios  M\u00e9dicos colegiados C\u00f3nyuges o parejas de hecho, viudos\/as, hijos o padres de los colegiados.  \u00a0 Funciones Informaci\u00f3n y asesoramiento en el \u00e1mbito social, psicol\u00f3gico, as\u00ed como en el \u00e1rea jur\u00eddica y legal sobre temas relacionados con la discapacidad (pensiones, patrimonio protegido, tutelas y curatelas, accesibilidad, etc.) \u00a0 Informaci\u00f3n sobre las prestaciones  Orientaci\u00f3n y asesoramiento personalizado, sobre las actuaciones y recursos (p\u00fablicos y \/ o privados) m\u00e1s apropiados a cada usuario y unidad familiar, para la cobertura de sus necesidades de Protecci\u00f3n Social. Apoyo en las actuaciones espec\u00edficas para favorecer el logro de los objetivos de la propuesta de orientaci\u00f3n, en los casos que as\u00ed se determine a fin de minimizar el riesgo de exclusi\u00f3n social. Elaborar y difundir informaci\u00f3n especializada sobre recursos p\u00fablicos, con el objetivo de buscar la informaci\u00f3n a los colegiados y sus familias.  \u00a0 \u00a0Servicio gratuito \u00a0\u00a0 \u00a0Nivel I: Informaci\u00f3n telef\u00f3nica 977 232 012 - Sra. Anna Bautista \u00a0Nivel II: Informaci\u00f3n y orientaci\u00f3n presencial a trav\u00e9s del Colegio de M\u00e9dicos, previa petici\u00f3n de dia y hora. \u00a0\" \/>\n<meta property=\"og:url\" content=\"https:\/\/comt.cat\/es\/servicio-de-atencion-social\/\" \/>\n<meta property=\"og:site_name\" content=\"COMT\" \/>\n<meta property=\"article:published_time\" content=\"2019-03-04T00:39:00+00:00\" \/>\n<meta name=\"author\" content=\"comt\" \/>\n<meta name=\"twitter:card\" content=\"summary_large_image\" \/>\n<meta name=\"twitter:label1\" content=\"Escrito por\" \/>\n\t<meta name=\"twitter:data1\" content=\"comt\" \/>\n\t<meta name=\"twitter:label2\" content=\"Tiempo de lectura\" \/>\n\t<meta name=\"twitter:data2\" content=\"1 minuto\" \/>\n<script type=\"application\/ld+json\" class=\"yoast-schema-graph\">{\"@context\":\"https:\\\/\\\/schema.org\",\"@graph\":[{\"@type\":\"Article\",\"@id\":\"https:\\\/\\\/comt.cat\\\/es\\\/servicio-de-atencion-social\\\/#article\",\"isPartOf\":{\"@id\":\"https:\\\/\\\/comt.cat\\\/es\\\/servicio-de-atencion-social\\\/\"},\"author\":{\"name\":\"comt\",\"@id\":\"https:\\\/\\\/comt.cat\\\/#\\\/schema\\\/person\\\/e9c884d9eb13a1fd7c15c3899c93dbee\"},\"headline\":\"Servicio de atenci\u00f3n social\",\"datePublished\":\"2019-03-04T00:39:00+00:00\",\"mainEntityOfPage\":{\"@id\":\"https:\\\/\\\/comt.cat\\\/es\\\/servicio-de-atencion-social\\\/\"},\"wordCount\":211,\"commentCount\":0,\"articleSection\":[\"Servicio de atenci\u00f3n social\"],\"inLanguage\":\"es\",\"potentialAction\":[{\"@type\":\"CommentAction\",\"name\":\"Comment\",\"target\":[\"https:\\\/\\\/comt.cat\\\/es\\\/servicio-de-atencion-social\\\/#respond\"]}]},{\"@type\":\"WebPage\",\"@id\":\"https:\\\/\\\/comt.cat\\\/es\\\/servicio-de-atencion-social\\\/\",\"url\":\"https:\\\/\\\/comt.cat\\\/es\\\/servicio-de-atencion-social\\\/\",\"name\":\"Servicio de atenci\u00f3n social - COMT\",\"isPartOf\":{\"@id\":\"https:\\\/\\\/comt.cat\\\/#website\"},\"datePublished\":\"2019-03-04T00:39:00+00:00\",\"author\":{\"@id\":\"https:\\\/\\\/comt.cat\\\/#\\\/schema\\\/person\\\/e9c884d9eb13a1fd7c15c3899c93dbee\"},\"breadcrumb\":{\"@id\":\"https:\\\/\\\/comt.cat\\\/es\\\/servicio-de-atencion-social\\\/#breadcrumb\"},\"inLanguage\":\"es\",\"potentialAction\":[{\"@type\":\"ReadAction\",\"target\":[\"https:\\\/\\\/comt.cat\\\/es\\\/servicio-de-atencion-social\\\/\"]}]},{\"@type\":\"BreadcrumbList\",\"@id\":\"https:\\\/\\\/comt.cat\\\/es\\\/servicio-de-atencion-social\\\/#breadcrumb\",\"itemListElement\":[{\"@type\":\"ListItem\",\"position\":1,\"name\":\"Home\",\"item\":\"https:\\\/\\\/comt.cat\\\/es\\\/\"},{\"@type\":\"ListItem\",\"position\":2,\"name\":\"Servicio de atenci\u00f3n social\"}]},{\"@type\":\"WebSite\",\"@id\":\"https:\\\/\\\/comt.cat\\\/#website\",\"url\":\"https:\\\/\\\/comt.cat\\\/\",\"name\":\"COMT\",\"description\":\"Col\u00b7legi de Metges de Tarragona\",\"potentialAction\":[{\"@type\":\"SearchAction\",\"target\":{\"@type\":\"EntryPoint\",\"urlTemplate\":\"https:\\\/\\\/comt.cat\\\/?s={search_term_string}\"},\"query-input\":{\"@type\":\"PropertyValueSpecification\",\"valueRequired\":true,\"valueName\":\"search_term_string\"}}],\"inLanguage\":\"es\"},{\"@type\":\"Person\",\"@id\":\"https:\\\/\\\/comt.cat\\\/#\\\/schema\\\/person\\\/e9c884d9eb13a1fd7c15c3899c93dbee\",\"name\":\"comt\",\"image\":{\"@type\":\"ImageObject\",\"inLanguage\":\"es\",\"@id\":\"https:\\\/\\\/secure.gravatar.com\\\/avatar\\\/4973b6e675aecb45ab4d3cc8daea28d3f2f37d475c99290bc0b7e7fcc73af7be?s=96&d=mm&r=g\",\"url\":\"https:\\\/\\\/secure.gravatar.com\\\/avatar\\\/4973b6e675aecb45ab4d3cc8daea28d3f2f37d475c99290bc0b7e7fcc73af7be?s=96&d=mm&r=g\",\"contentUrl\":\"https:\\\/\\\/secure.gravatar.com\\\/avatar\\\/4973b6e675aecb45ab4d3cc8daea28d3f2f37d475c99290bc0b7e7fcc73af7be?s=96&d=mm&r=g\",\"caption\":\"comt\"},\"url\":\"https:\\\/\\\/comt.cat\\\/es\\\/author\\\/comt\\\/\"}]}<\/script>\n<!-- \/ Yoast SEO plugin. -->","yoast_head_json":{"title":"Servicio de atenci\u00f3n social - COMT","robots":{"index":"index","follow":"follow","max-snippet":"max-snippet:-1","max-image-preview":"max-image-preview:large","max-video-preview":"max-video-preview:-1"},"canonical":"https:\/\/comt.cat\/es\/servicio-de-atencion-social\/","og_locale":"es_ES","og_type":"article","og_title":"Servicio de atenci\u00f3n social - COMT","og_description":"\u00a0 Definici\u00f3n Servicio de informaci\u00f3n, valoraci\u00f3n y orientaci\u00f3n social, prestado por profesionales de la atenci\u00f3n psicosocial. \u00a0 Destinatarios  M\u00e9dicos colegiados C\u00f3nyuges o parejas de hecho, viudos\/as, hijos o padres de los colegiados.  \u00a0 Funciones Informaci\u00f3n y asesoramiento en el \u00e1mbito social, psicol\u00f3gico, as\u00ed como en el \u00e1rea jur\u00eddica y legal sobre temas relacionados con la discapacidad (pensiones, patrimonio protegido, tutelas y curatelas, accesibilidad, etc.) \u00a0 Informaci\u00f3n sobre las prestaciones  Orientaci\u00f3n y asesoramiento personalizado, sobre las actuaciones y recursos (p\u00fablicos y \/ o privados) m\u00e1s apropiados a cada usuario y unidad familiar, para la cobertura de sus necesidades de Protecci\u00f3n Social. Apoyo en las actuaciones espec\u00edficas para favorecer el logro de los objetivos de la propuesta de orientaci\u00f3n, en los casos que as\u00ed se determine a fin de minimizar el riesgo de exclusi\u00f3n social. Elaborar y difundir informaci\u00f3n especializada sobre recursos p\u00fablicos, con el objetivo de buscar la informaci\u00f3n a los colegiados y sus familias.  \u00a0 \u00a0Servicio gratuito \u00a0\u00a0 \u00a0Nivel I: Informaci\u00f3n telef\u00f3nica 977 232 012 - Sra. Anna Bautista \u00a0Nivel II: Informaci\u00f3n y orientaci\u00f3n presencial a trav\u00e9s del Colegio de M\u00e9dicos, previa petici\u00f3n de dia y hora. \u00a0","og_url":"https:\/\/comt.cat\/es\/servicio-de-atencion-social\/","og_site_name":"COMT","article_published_time":"2019-03-04T00:39:00+00:00","author":"comt","twitter_card":"summary_large_image","twitter_misc":{"Escrito por":"comt","Tiempo de lectura":"1 minuto"},"schema":{"@context":"https:\/\/schema.org","@graph":[{"@type":"Article","@id":"https:\/\/comt.cat\/es\/servicio-de-atencion-social\/#article","isPartOf":{"@id":"https:\/\/comt.cat\/es\/servicio-de-atencion-social\/"},"author":{"name":"comt","@id":"https:\/\/comt.cat\/#\/schema\/person\/e9c884d9eb13a1fd7c15c3899c93dbee"},"headline":"Servicio de atenci\u00f3n social","datePublished":"2019-03-04T00:39:00+00:00","mainEntityOfPage":{"@id":"https:\/\/comt.cat\/es\/servicio-de-atencion-social\/"},"wordCount":211,"commentCount":0,"articleSection":["Servicio de atenci\u00f3n social"],"inLanguage":"es","potentialAction":[{"@type":"CommentAction","name":"Comment","target":["https:\/\/comt.cat\/es\/servicio-de-atencion-social\/#respond"]}]},{"@type":"WebPage","@id":"https:\/\/comt.cat\/es\/servicio-de-atencion-social\/","url":"https:\/\/comt.cat\/es\/servicio-de-atencion-social\/","name":"Servicio de atenci\u00f3n social - COMT","isPartOf":{"@id":"https:\/\/comt.cat\/#website"},"datePublished":"2019-03-04T00:39:00+00:00","author":{"@id":"https:\/\/comt.cat\/#\/schema\/person\/e9c884d9eb13a1fd7c15c3899c93dbee"},"breadcrumb":{"@id":"https:\/\/comt.cat\/es\/servicio-de-atencion-social\/#breadcrumb"},"inLanguage":"es","potentialAction":[{"@type":"ReadAction","target":["https:\/\/comt.cat\/es\/servicio-de-atencion-social\/"]}]},{"@type":"BreadcrumbList","@id":"https:\/\/comt.cat\/es\/servicio-de-atencion-social\/#breadcrumb","itemListElement":[{"@type":"ListItem","position":1,"name":"Home","item":"https:\/\/comt.cat\/es\/"},{"@type":"ListItem","position":2,"name":"Servicio de atenci\u00f3n social"}]},{"@type":"WebSite","@id":"https:\/\/comt.cat\/#website","url":"https:\/\/comt.cat\/","name":"COMT","description":"Col\u00b7legi de Metges de Tarragona","potentialAction":[{"@type":"SearchAction","target":{"@type":"EntryPoint","urlTemplate":"https:\/\/comt.cat\/?s={search_term_string}"},"query-input":{"@type":"PropertyValueSpecification","valueRequired":true,"valueName":"search_term_string"}}],"inLanguage":"es"},{"@type":"Person","@id":"https:\/\/comt.cat\/#\/schema\/person\/e9c884d9eb13a1fd7c15c3899c93dbee","name":"comt","image":{"@type":"ImageObject","inLanguage":"es","@id":"https:\/\/secure.gravatar.com\/avatar\/4973b6e675aecb45ab4d3cc8daea28d3f2f37d475c99290bc0b7e7fcc73af7be?s=96&d=mm&r=g","url":"https:\/\/secure.gravatar.com\/avatar\/4973b6e675aecb45ab4d3cc8daea28d3f2f37d475c99290bc0b7e7fcc73af7be?s=96&d=mm&r=g","contentUrl":"https:\/\/secure.gravatar.com\/avatar\/4973b6e675aecb45ab4d3cc8daea28d3f2f37d475c99290bc0b7e7fcc73af7be?s=96&d=mm&r=g","caption":"comt"},"url":"https:\/\/comt.cat\/es\/author\/comt\/"}]}},"_links":{"self":[{"href":"https:\/\/comt.cat\/es\/wp-json\/wp\/v2\/posts\/5065","targetHints":{"allow":["GET"]}}],"collection":[{"href":"https:\/\/comt.cat\/es\/wp-json\/wp\/v2\/posts"}],"about":[{"href":"https:\/\/comt.cat\/es\/wp-json\/wp\/v2\/types\/post"}],"author":[{"embeddable":true,"href":"https:\/\/comt.cat\/es\/wp-json\/wp\/v2\/users\/1"}],"replies":[{"embeddable":true,"href":"https:\/\/comt.cat\/es\/wp-json\/wp\/v2\/comments?post=5065"}],"version-history":[{"count":0,"href":"https:\/\/comt.cat\/es\/wp-json\/wp\/v2\/posts\/5065\/revisions"}],"wp:attachment":[{"href":"https:\/\/comt.cat\/es\/wp-json\/wp\/v2\/media?parent=5065"}],"wp:term":[{"taxonomy":"category","embeddable":true,"href":"https:\/\/comt.cat\/es\/wp-json\/wp\/v2\/categories?post=5065"},{"taxonomy":"post_tag","embeddable":true,"href":"https:\/\/comt.cat\/es\/wp-json\/wp\/v2\/tags?post=5065"}],"curies":[{"name":"wp","href":"https:\/\/api.w.org\/{rel}","templated":true}]}}