{"id":50818,"date":"2026-09-01T09:38:25","date_gmt":"2026-09-01T07:38:25","guid":{"rendered":"https:\/\/comt.cat\/?p=50818"},"modified":"2026-09-01T09:56:42","modified_gmt":"2026-09-01T07:56:42","slug":"1a-jornada-de-patologia-del-suelo-pelvico-de-la-provincia","status":"publish","type":"post","link":"https:\/\/comt.cat\/es\/1a-jornada-de-patologia-del-suelo-pelvico-de-la-provincia\/","title":{"rendered":"1\u00aa Jornada de Patolog\u00eda del Suelo P\u00e9lvico de la provincia de Tarragona"},"content":{"rendered":"\n<p class=\"wp-block-paragraph\">El Hospital Viamed Tarragona y la Fundaci\u00f3n Dexeus Mujer organizan, el pr\u00f3ximo 30 de octubre, la primera edici\u00f3n de esta jornada monogr\u00e1fica dedicada a la patolog\u00eda del suelo p\u00e9lvico, una actividad avalada por el Colegio Oficial de M\u00e9dicos de Tarragona.<\/p>\n\n\n\n<p class=\"wp-block-paragraph\">Bajo la direcci\u00f3n del Dr. Juan R. Salinas Pe\u00f1a, especialista en ginecolog\u00eda y obstetricia de Dexeus Mujer y del Hospital Viamed Tarragona, la jornada reunir\u00e1 a profesionales de ginecolog\u00eda, urolog\u00eda, rehabilitaci\u00f3n, fisioterapia, cirug\u00eda general, neurofisiolog\u00eda y anestesiolog\u00eda especializada en dolor, con el objetivo de compartir experiencia cl\u00ednica y actualizar los criterios de prevenci\u00f3n, diagn\u00f3stico y tratamiento de las principales disfunciones del suelo p\u00e9lvico.<\/p>\n\n\n\n<p class=\"wp-block-paragraph\">El programa, estructurado en cinco mesas tem\u00e1ticas, abordar\u00e1 las alteraciones derivadas del embarazo y el parto, la incontinencia urinaria, el prolapso genital, la incontinencia fecal y el dolor p\u00e9lvico cr\u00f3nico. La sesi\u00f3n contar\u00e1 con la participaci\u00f3n de numerosos especialistas de centros de la demarcaci\u00f3n \u2014entre ellos el Hospital Joan XXIII, el Hospital Sant Joan de Reus, el Hospital Santa Tecla, el Hospital del Vendrell o varios ASSIR de la provincia\u2014 as\u00ed como con una ponencia magistral por videoconferencia desde Colombia.<\/p>\n\n\n\n<p class=\"wp-block-paragraph\">La jornada, de car\u00e1cter presencial, tendr\u00e1 lugar en el Auditorio del Hospital Viamed Monegal de Tarragona. <\/p>\n\n\n\n<p class=\"wp-block-paragraph\"><strong>Inscripciones<\/strong><br>La matr\u00edcula (100 \u20ac para m\u00e9dicos; 80 \u20ac para residentes, fisioterapeutas y matronas) puede formalizarse hasta el 29 de octubre a trav\u00e9s de la <a href=\"https:\/\/www.dexeuscampus.com\/ca\/activitats\/1a-jornada-patologia-sol-pelvia-tarragona\">p\u00e1gina de inscripci\u00f3n de Dexeus Campus<\/a>.<\/p>\n","protected":false},"excerpt":{"rendered":"<p>El Hospital Viamed Tarragona y la Fundaci\u00f3n Dexeus Mujer organizan, el pr\u00f3ximo 30 de octubre, la primera edici\u00f3n de esta jornada monogr\u00e1fica dedicada a la patolog\u00eda del suelo p\u00e9lvico, una actividad avalada por el Colegio Oficial de M\u00e9dicos de Tarragona. Bajo la direcci\u00f3n del Dr. Juan R. Salinas Pe\u00f1a, especialista en ginecolog\u00eda y obstetricia de&#8230;<\/p>\n","protected":false},"author":3621,"featured_media":50816,"comment_status":"closed","ping_status":"closed","sticky":false,"template":"","format":"standard","meta":{"footnotes":""},"categories":[551],"tags":[],"class_list":["post-50818","post","type-post","status-publish","format-standard","has-post-thumbnail","hentry","category-cursos-2-es"],"yoast_head":"<!-- This site is optimized with the Yoast SEO plugin v28.4 - https:\/\/yoast.com\/product\/yoast-seo-wordpress\/ -->\n<title>1\u00aa Jornada de Patolog\u00eda del Suelo P\u00e9lvico de la provincia de Tarragona - COMT<\/title>\n<meta name=\"robots\" content=\"index, follow, max-snippet:-1, max-image-preview:large, max-video-preview:-1\" \/>\n<link rel=\"canonical\" href=\"https:\/\/comt.cat\/es\/1a-jornada-de-patologia-del-suelo-pelvico-de-la-provincia\/\" \/>\n<meta property=\"og:locale\" content=\"es_ES\" \/>\n<meta property=\"og:type\" content=\"article\" \/>\n<meta property=\"og:title\" content=\"1\u00aa Jornada de Patolog\u00eda del Suelo P\u00e9lvico de la provincia de Tarragona - COMT\" \/>\n<meta property=\"og:description\" content=\"El Hospital Viamed Tarragona y la Fundaci\u00f3n Dexeus Mujer organizan, el pr\u00f3ximo 30 de octubre, la primera edici\u00f3n de esta jornada monogr\u00e1fica dedicada a la patolog\u00eda del suelo p\u00e9lvico, una actividad avalada por el Colegio Oficial de M\u00e9dicos de Tarragona. Bajo la direcci\u00f3n del Dr. Juan R. Salinas Pe\u00f1a, especialista en ginecolog\u00eda y obstetricia de...\" \/>\n<meta property=\"og:url\" content=\"https:\/\/comt.cat\/es\/1a-jornada-de-patologia-del-suelo-pelvico-de-la-provincia\/\" \/>\n<meta property=\"og:site_name\" content=\"COMT\" \/>\n<meta property=\"article:published_time\" content=\"2026-09-01T07:38:25+00:00\" \/>\n<meta property=\"article:modified_time\" content=\"2026-09-01T07:56:42+00:00\" \/>\n<meta property=\"og:image\" content=\"https:\/\/comt.cat\/wp-content\/uploads\/2026\/09\/Destacades-formacio-whatsapp-1540-x-700-px-4-1024x465.png\" \/>\n\t<meta property=\"og:image:width\" content=\"1024\" \/>\n\t<meta property=\"og:image:height\" content=\"465\" \/>\n\t<meta property=\"og:image:type\" content=\"image\/png\" \/>\n<meta name=\"author\" content=\"Maria L\u00f3pez\" \/>\n<meta name=\"twitter:card\" content=\"summary_large_image\" \/>\n<meta name=\"twitter:label1\" content=\"Escrito por\" \/>\n\t<meta name=\"twitter:data1\" content=\"Maria L\u00f3pez\" \/>\n\t<meta name=\"twitter:label2\" content=\"Tiempo de lectura\" \/>\n\t<meta name=\"twitter:data2\" content=\"1 minuto\" \/>\n<script type=\"application\/ld+json\" class=\"yoast-schema-graph\">{\"@context\":\"https:\\\/\\\/schema.org\",\"@graph\":[{\"@type\":\"Article\",\"@id\":\"https:\\\/\\\/comt.cat\\\/es\\\/1a-jornada-de-patologia-del-suelo-pelvico-de-la-provincia\\\/#article\",\"isPartOf\":{\"@id\":\"https:\\\/\\\/comt.cat\\\/es\\\/1a-jornada-de-patologia-del-suelo-pelvico-de-la-provincia\\\/\"},\"author\":{\"name\":\"Maria L\u00f3pez\",\"@id\":\"https:\\\/\\\/comt.cat\\\/#\\\/schema\\\/person\\\/c3d70cec3fd8489ddeff389e08b95ba8\"},\"headline\":\"1\u00aa Jornada de Patolog\u00eda del Suelo P\u00e9lvico de la provincia de Tarragona\",\"datePublished\":\"2026-09-01T07:38:25+00:00\",\"dateModified\":\"2026-09-01T07:56:42+00:00\",\"mainEntityOfPage\":{\"@id\":\"https:\\\/\\\/comt.cat\\\/es\\\/1a-jornada-de-patologia-del-suelo-pelvico-de-la-provincia\\\/\"},\"wordCount\":269,\"image\":{\"@id\":\"https:\\\/\\\/comt.cat\\\/es\\\/1a-jornada-de-patologia-del-suelo-pelvico-de-la-provincia\\\/#primaryimage\"},\"thumbnailUrl\":\"https:\\\/\\\/comt.cat\\\/wp-content\\\/uploads\\\/2026\\\/09\\\/Destacades-formacio-whatsapp-1540-x-700-px-4.png\",\"articleSection\":[\"Cursos 2\"],\"inLanguage\":\"es\"},{\"@type\":\"WebPage\",\"@id\":\"https:\\\/\\\/comt.cat\\\/es\\\/1a-jornada-de-patologia-del-suelo-pelvico-de-la-provincia\\\/\",\"url\":\"https:\\\/\\\/comt.cat\\\/es\\\/1a-jornada-de-patologia-del-suelo-pelvico-de-la-provincia\\\/\",\"name\":\"1\u00aa Jornada de Patolog\u00eda del Suelo P\u00e9lvico de la provincia de Tarragona - COMT\",\"isPartOf\":{\"@id\":\"https:\\\/\\\/comt.cat\\\/#website\"},\"primaryImageOfPage\":{\"@id\":\"https:\\\/\\\/comt.cat\\\/es\\\/1a-jornada-de-patologia-del-suelo-pelvico-de-la-provincia\\\/#primaryimage\"},\"image\":{\"@id\":\"https:\\\/\\\/comt.cat\\\/es\\\/1a-jornada-de-patologia-del-suelo-pelvico-de-la-provincia\\\/#primaryimage\"},\"thumbnailUrl\":\"https:\\\/\\\/comt.cat\\\/wp-content\\\/uploads\\\/2026\\\/09\\\/Destacades-formacio-whatsapp-1540-x-700-px-4.png\",\"datePublished\":\"2026-09-01T07:38:25+00:00\",\"dateModified\":\"2026-09-01T07:56:42+00:00\",\"author\":{\"@id\":\"https:\\\/\\\/comt.cat\\\/#\\\/schema\\\/person\\\/c3d70cec3fd8489ddeff389e08b95ba8\"},\"breadcrumb\":{\"@id\":\"https:\\\/\\\/comt.cat\\\/es\\\/1a-jornada-de-patologia-del-suelo-pelvico-de-la-provincia\\\/#breadcrumb\"},\"inLanguage\":\"es\",\"potentialAction\":[{\"@type\":\"ReadAction\",\"target\":[\"https:\\\/\\\/comt.cat\\\/es\\\/1a-jornada-de-patologia-del-suelo-pelvico-de-la-provincia\\\/\"]}]},{\"@type\":\"ImageObject\",\"inLanguage\":\"es\",\"@id\":\"https:\\\/\\\/comt.cat\\\/es\\\/1a-jornada-de-patologia-del-suelo-pelvico-de-la-provincia\\\/#primaryimage\",\"url\":\"https:\\\/\\\/comt.cat\\\/wp-content\\\/uploads\\\/2026\\\/09\\\/Destacades-formacio-whatsapp-1540-x-700-px-4.png\",\"contentUrl\":\"https:\\\/\\\/comt.cat\\\/wp-content\\\/uploads\\\/2026\\\/09\\\/Destacades-formacio-whatsapp-1540-x-700-px-4.png\",\"width\":1540,\"height\":700},{\"@type\":\"BreadcrumbList\",\"@id\":\"https:\\\/\\\/comt.cat\\\/es\\\/1a-jornada-de-patologia-del-suelo-pelvico-de-la-provincia\\\/#breadcrumb\",\"itemListElement\":[{\"@type\":\"ListItem\",\"position\":1,\"name\":\"Home\",\"item\":\"https:\\\/\\\/comt.cat\\\/es\\\/\"},{\"@type\":\"ListItem\",\"position\":2,\"name\":\"1\u00aa Jornada de Patolog\u00eda del Suelo P\u00e9lvico de la provincia de Tarragona\"}]},{\"@type\":\"WebSite\",\"@id\":\"https:\\\/\\\/comt.cat\\\/#website\",\"url\":\"https:\\\/\\\/comt.cat\\\/\",\"name\":\"COMT\",\"description\":\"Col\u00b7legi de Metges de Tarragona\",\"potentialAction\":[{\"@type\":\"SearchAction\",\"target\":{\"@type\":\"EntryPoint\",\"urlTemplate\":\"https:\\\/\\\/comt.cat\\\/?s={search_term_string}\"},\"query-input\":{\"@type\":\"PropertyValueSpecification\",\"valueRequired\":true,\"valueName\":\"search_term_string\"}}],\"inLanguage\":\"es\"},{\"@type\":\"Person\",\"@id\":\"https:\\\/\\\/comt.cat\\\/#\\\/schema\\\/person\\\/c3d70cec3fd8489ddeff389e08b95ba8\",\"name\":\"Maria L\u00f3pez\",\"image\":{\"@type\":\"ImageObject\",\"inLanguage\":\"es\",\"@id\":\"https:\\\/\\\/secure.gravatar.com\\\/avatar\\\/a8afd87060c22d8e6c753e162f6c88f6b4ecbd183c58fcac573fefd9b36c19fe?s=96&d=mm&r=g\",\"url\":\"https:\\\/\\\/secure.gravatar.com\\\/avatar\\\/a8afd87060c22d8e6c753e162f6c88f6b4ecbd183c58fcac573fefd9b36c19fe?s=96&d=mm&r=g\",\"contentUrl\":\"https:\\\/\\\/secure.gravatar.com\\\/avatar\\\/a8afd87060c22d8e6c753e162f6c88f6b4ecbd183c58fcac573fefd9b36c19fe?s=96&d=mm&r=g\",\"caption\":\"Maria L\u00f3pez\"},\"url\":\"https:\\\/\\\/comt.cat\\\/es\\\/author\\\/mlopez\\\/\"}]}<\/script>\n<!-- \/ Yoast SEO plugin. -->","yoast_head_json":{"title":"1\u00aa Jornada de Patolog\u00eda del Suelo P\u00e9lvico de la provincia de Tarragona - COMT","robots":{"index":"index","follow":"follow","max-snippet":"max-snippet:-1","max-image-preview":"max-image-preview:large","max-video-preview":"max-video-preview:-1"},"canonical":"https:\/\/comt.cat\/es\/1a-jornada-de-patologia-del-suelo-pelvico-de-la-provincia\/","og_locale":"es_ES","og_type":"article","og_title":"1\u00aa Jornada de Patolog\u00eda del Suelo P\u00e9lvico de la provincia de Tarragona - COMT","og_description":"El Hospital Viamed Tarragona y la Fundaci\u00f3n Dexeus Mujer organizan, el pr\u00f3ximo 30 de octubre, la primera edici\u00f3n de esta jornada monogr\u00e1fica dedicada a la patolog\u00eda del suelo p\u00e9lvico, una actividad avalada por el Colegio Oficial de M\u00e9dicos de Tarragona. Bajo la direcci\u00f3n del Dr. Juan R. Salinas Pe\u00f1a, especialista en ginecolog\u00eda y obstetricia de...","og_url":"https:\/\/comt.cat\/es\/1a-jornada-de-patologia-del-suelo-pelvico-de-la-provincia\/","og_site_name":"COMT","article_published_time":"2026-09-01T07:38:25+00:00","article_modified_time":"2026-09-01T07:56:42+00:00","og_image":[{"width":1024,"height":465,"url":"https:\/\/comt.cat\/wp-content\/uploads\/2026\/09\/Destacades-formacio-whatsapp-1540-x-700-px-4-1024x465.png","type":"image\/png"}],"author":"Maria L\u00f3pez","twitter_card":"summary_large_image","twitter_misc":{"Escrito por":"Maria L\u00f3pez","Tiempo de lectura":"1 minuto"},"schema":{"@context":"https:\/\/schema.org","@graph":[{"@type":"Article","@id":"https:\/\/comt.cat\/es\/1a-jornada-de-patologia-del-suelo-pelvico-de-la-provincia\/#article","isPartOf":{"@id":"https:\/\/comt.cat\/es\/1a-jornada-de-patologia-del-suelo-pelvico-de-la-provincia\/"},"author":{"name":"Maria L\u00f3pez","@id":"https:\/\/comt.cat\/#\/schema\/person\/c3d70cec3fd8489ddeff389e08b95ba8"},"headline":"1\u00aa Jornada de Patolog\u00eda del Suelo P\u00e9lvico de la provincia de Tarragona","datePublished":"2026-09-01T07:38:25+00:00","dateModified":"2026-09-01T07:56:42+00:00","mainEntityOfPage":{"@id":"https:\/\/comt.cat\/es\/1a-jornada-de-patologia-del-suelo-pelvico-de-la-provincia\/"},"wordCount":269,"image":{"@id":"https:\/\/comt.cat\/es\/1a-jornada-de-patologia-del-suelo-pelvico-de-la-provincia\/#primaryimage"},"thumbnailUrl":"https:\/\/comt.cat\/wp-content\/uploads\/2026\/09\/Destacades-formacio-whatsapp-1540-x-700-px-4.png","articleSection":["Cursos 2"],"inLanguage":"es"},{"@type":"WebPage","@id":"https:\/\/comt.cat\/es\/1a-jornada-de-patologia-del-suelo-pelvico-de-la-provincia\/","url":"https:\/\/comt.cat\/es\/1a-jornada-de-patologia-del-suelo-pelvico-de-la-provincia\/","name":"1\u00aa Jornada de Patolog\u00eda del Suelo P\u00e9lvico de la provincia de Tarragona - COMT","isPartOf":{"@id":"https:\/\/comt.cat\/#website"},"primaryImageOfPage":{"@id":"https:\/\/comt.cat\/es\/1a-jornada-de-patologia-del-suelo-pelvico-de-la-provincia\/#primaryimage"},"image":{"@id":"https:\/\/comt.cat\/es\/1a-jornada-de-patologia-del-suelo-pelvico-de-la-provincia\/#primaryimage"},"thumbnailUrl":"https:\/\/comt.cat\/wp-content\/uploads\/2026\/09\/Destacades-formacio-whatsapp-1540-x-700-px-4.png","datePublished":"2026-09-01T07:38:25+00:00","dateModified":"2026-09-01T07:56:42+00:00","author":{"@id":"https:\/\/comt.cat\/#\/schema\/person\/c3d70cec3fd8489ddeff389e08b95ba8"},"breadcrumb":{"@id":"https:\/\/comt.cat\/es\/1a-jornada-de-patologia-del-suelo-pelvico-de-la-provincia\/#breadcrumb"},"inLanguage":"es","potentialAction":[{"@type":"ReadAction","target":["https:\/\/comt.cat\/es\/1a-jornada-de-patologia-del-suelo-pelvico-de-la-provincia\/"]}]},{"@type":"ImageObject","inLanguage":"es","@id":"https:\/\/comt.cat\/es\/1a-jornada-de-patologia-del-suelo-pelvico-de-la-provincia\/#primaryimage","url":"https:\/\/comt.cat\/wp-content\/uploads\/2026\/09\/Destacades-formacio-whatsapp-1540-x-700-px-4.png","contentUrl":"https:\/\/comt.cat\/wp-content\/uploads\/2026\/09\/Destacades-formacio-whatsapp-1540-x-700-px-4.png","width":1540,"height":700},{"@type":"BreadcrumbList","@id":"https:\/\/comt.cat\/es\/1a-jornada-de-patologia-del-suelo-pelvico-de-la-provincia\/#breadcrumb","itemListElement":[{"@type":"ListItem","position":1,"name":"Home","item":"https:\/\/comt.cat\/es\/"},{"@type":"ListItem","position":2,"name":"1\u00aa Jornada de Patolog\u00eda del Suelo P\u00e9lvico de la provincia de Tarragona"}]},{"@type":"WebSite","@id":"https:\/\/comt.cat\/#website","url":"https:\/\/comt.cat\/","name":"COMT","description":"Col\u00b7legi de Metges de Tarragona","potentialAction":[{"@type":"SearchAction","target":{"@type":"EntryPoint","urlTemplate":"https:\/\/comt.cat\/?s={search_term_string}"},"query-input":{"@type":"PropertyValueSpecification","valueRequired":true,"valueName":"search_term_string"}}],"inLanguage":"es"},{"@type":"Person","@id":"https:\/\/comt.cat\/#\/schema\/person\/c3d70cec3fd8489ddeff389e08b95ba8","name":"Maria L\u00f3pez","image":{"@type":"ImageObject","inLanguage":"es","@id":"https:\/\/secure.gravatar.com\/avatar\/a8afd87060c22d8e6c753e162f6c88f6b4ecbd183c58fcac573fefd9b36c19fe?s=96&d=mm&r=g","url":"https:\/\/secure.gravatar.com\/avatar\/a8afd87060c22d8e6c753e162f6c88f6b4ecbd183c58fcac573fefd9b36c19fe?s=96&d=mm&r=g","contentUrl":"https:\/\/secure.gravatar.com\/avatar\/a8afd87060c22d8e6c753e162f6c88f6b4ecbd183c58fcac573fefd9b36c19fe?s=96&d=mm&r=g","caption":"Maria L\u00f3pez"},"url":"https:\/\/comt.cat\/es\/author\/mlopez\/"}]}},"_links":{"self":[{"href":"https:\/\/comt.cat\/es\/wp-json\/wp\/v2\/posts\/50818","targetHints":{"allow":["GET"]}}],"collection":[{"href":"https:\/\/comt.cat\/es\/wp-json\/wp\/v2\/posts"}],"about":[{"href":"https:\/\/comt.cat\/es\/wp-json\/wp\/v2\/types\/post"}],"author":[{"embeddable":true,"href":"https:\/\/comt.cat\/es\/wp-json\/wp\/v2\/users\/3621"}],"replies":[{"embeddable":true,"href":"https:\/\/comt.cat\/es\/wp-json\/wp\/v2\/comments?post=50818"}],"version-history":[{"count":2,"href":"https:\/\/comt.cat\/es\/wp-json\/wp\/v2\/posts\/50818\/revisions"}],"predecessor-version":[{"id":50821,"href":"https:\/\/comt.cat\/es\/wp-json\/wp\/v2\/posts\/50818\/revisions\/50821"}],"wp:featuredmedia":[{"embeddable":true,"href":"https:\/\/comt.cat\/es\/wp-json\/wp\/v2\/media\/50816"}],"wp:attachment":[{"href":"https:\/\/comt.cat\/es\/wp-json\/wp\/v2\/media?parent=50818"}],"wp:term":[{"taxonomy":"category","embeddable":true,"href":"https:\/\/comt.cat\/es\/wp-json\/wp\/v2\/categories?post=50818"},{"taxonomy":"post_tag","embeddable":true,"href":"https:\/\/comt.cat\/es\/wp-json\/wp\/v2\/tags?post=50818"}],"curies":[{"name":"wp","href":"https:\/\/api.w.org\/{rel}","templated":true}]}}