{"id":50886,"date":"2026-09-03T12:13:36","date_gmt":"2026-09-03T10:13:36","guid":{"rendered":"https:\/\/comt.cat\/?p=50886"},"modified":"2026-09-03T12:13:38","modified_gmt":"2026-09-03T10:13:38","slug":"maraton-donantes-sangre-plasma-tarragona","status":"publish","type":"post","link":"https:\/\/comt.cat\/es\/maraton-donantes-sangre-plasma-tarragona\/","title":{"rendered":"Tarragona acoge una nueva Marat\u00f3n de Donantes de Sangre y Plasma"},"content":{"rendered":"\n<p class=\"wp-block-paragraph\">El <strong>Teatre Tarragona<\/strong> acoger\u00e1 los d\u00edas <strong>17, 18 y 19 de septiembre<\/strong> una nueva edici\u00f3n de la <strong>Marat\u00f3n de Donantes de Sangre y Plasma de Tarragona<\/strong>, una iniciativa del Banc de Sang i Teixits que invita a la ciudadan\u00eda a participar en un gesto solidario imprescindible para garantizar las reservas de sangre.<\/p>\n\n\n\n<p class=\"wp-block-paragraph\">Bajo el lema <strong>\u00abEl vincle que ens fa immensos\u00bb<\/strong>, la Marat\u00f3n quiere movilizar a Tarragona durante tres jornadas y facilitar al m\u00e1ximo la participaci\u00f3n de todas las personas que quieran donar sangre o plasma.<\/p>\n\n\n\n<p class=\"wp-block-paragraph\">La campa\u00f1a tendr\u00e1 lugar en el <strong>Teatre Tarragona (Rambla Nova, 11)<\/strong> en los siguientes horarios:<\/p>\n\n\n\n<ul class=\"wp-block-list\">\n<li><strong>Jueves 17 de septiembre:<\/strong> de 15 a 21 h<\/li>\n\n\n\n<li><strong>Viernes 18 de septiembre:<\/strong> de 9 a 21 h<\/li>\n\n\n\n<li><strong>S\u00e1bado 19 de septiembre:<\/strong> de 9 a 14 h<\/li>\n<\/ul>\n\n\n\n<p class=\"wp-block-paragraph\">Para donar es necesario llevar un <strong>documento identificativo oficial<\/strong> y <strong>no acudir en ayunas<\/strong>. Se recomienda reservar cita previamente a trav\u00e9s de la web del Banc de Sang i Teixits.<\/p>\n\n\n\n<p class=\"has-text-align-center has-vivid-red-color has-text-color has-link-color wp-elements-1 wp-block-paragraph\"><strong><a href=\"https:\/\/www.bancsang.net\/ca\/donacions\/sang\/recollida\/poblacio\/4385\/tarragona\/17-09-2026\">RESERVA CITA PARA DONAR SANGRE O PLASMA<\/a><\/strong><\/p>\n\n\n\n<p class=\"wp-block-paragraph\">La Marat\u00f3n est\u00e1 impulsada por el <strong>Banc de Sang i Teixits<\/strong>, con la participaci\u00f3n de la Generalitat de Catalunya, la Associaci\u00f3 de Donants de Sang de Tarragona y el Ajuntament de Tarragona.<\/p>\n","protected":false},"excerpt":{"rendered":"<p>El Teatre Tarragona acoger\u00e1 los d\u00edas 17, 18 y 19 de septiembre una nueva edici\u00f3n de la Marat\u00f3n de Donantes de Sangre y Plasma de Tarragona, una iniciativa del Banc de Sang i Teixits que invita a la ciudadan\u00eda a participar en un gesto solidario imprescindible para garantizar las reservas de sangre. Bajo el lema&#8230;<\/p>\n","protected":false},"author":4449,"featured_media":50884,"comment_status":"closed","ping_status":"closed","sticky":false,"template":"","format":"standard","meta":{"footnotes":""},"categories":[274,493,276],"tags":[],"class_list":["post-50886","post","type-post","status-publish","format-standard","has-post-thumbnail","hentry","category-actualidad-y-publicaciones","category-destacada-es","category-comt-noticias"],"yoast_head":"<!-- This site is optimized with the Yoast SEO plugin v28.4 - https:\/\/yoast.com\/product\/yoast-seo-wordpress\/ -->\n<title>Tarragona acoge una nueva Marat\u00f3n de Donantes de Sangre y Plasma - COMT<\/title>\n<meta name=\"description\" content=\"Tarragona acoge la Marat\u00f3n de Donantes de Sangre y Plasma los d\u00edas 17, 18 y 19 de septiembre en el Teatre Tarragona. Reserva cita y participa.\" \/>\n<meta name=\"robots\" content=\"index, follow, max-snippet:-1, max-image-preview:large, max-video-preview:-1\" \/>\n<link rel=\"canonical\" href=\"https:\/\/comt.cat\/es\/maraton-donantes-sangre-plasma-tarragona\/\" \/>\n<meta property=\"og:locale\" content=\"es_ES\" \/>\n<meta property=\"og:type\" content=\"article\" \/>\n<meta property=\"og:title\" content=\"Tarragona acoge una nueva Marat\u00f3n de Donantes de Sangre y Plasma - COMT\" \/>\n<meta property=\"og:description\" content=\"Tarragona acoge la Marat\u00f3n de Donantes de Sangre y Plasma los d\u00edas 17, 18 y 19 de septiembre en el Teatre Tarragona. Reserva cita y participa.\" \/>\n<meta property=\"og:url\" content=\"https:\/\/comt.cat\/es\/maraton-donantes-sangre-plasma-tarragona\/\" \/>\n<meta property=\"og:site_name\" content=\"COMT\" \/>\n<meta property=\"article:published_time\" content=\"2026-09-03T10:13:36+00:00\" \/>\n<meta property=\"article:modified_time\" content=\"2026-09-03T10:13:38+00:00\" \/>\n<meta property=\"og:image\" content=\"https:\/\/comt.cat\/wp-content\/uploads\/2026\/09\/DESTACADES-WEB-SEP26-1024x465.png\" \/>\n\t<meta property=\"og:image:width\" content=\"1024\" \/>\n\t<meta property=\"og:image:height\" content=\"465\" \/>\n\t<meta property=\"og:image:type\" content=\"image\/png\" \/>\n<meta name=\"author\" content=\"Anna Gonzalez\" \/>\n<meta name=\"twitter:card\" content=\"summary_large_image\" \/>\n<meta name=\"twitter:label1\" content=\"Escrito por\" \/>\n\t<meta name=\"twitter:data1\" content=\"Anna Gonzalez\" \/>\n\t<meta name=\"twitter:label2\" content=\"Tiempo de lectura\" \/>\n\t<meta name=\"twitter:data2\" content=\"1 minuto\" \/>\n<script type=\"application\/ld+json\" class=\"yoast-schema-graph\">{\"@context\":\"https:\\\/\\\/schema.org\",\"@graph\":[{\"@type\":\"Article\",\"@id\":\"https:\\\/\\\/comt.cat\\\/es\\\/maraton-donantes-sangre-plasma-tarragona\\\/#article\",\"isPartOf\":{\"@id\":\"https:\\\/\\\/comt.cat\\\/es\\\/maraton-donantes-sangre-plasma-tarragona\\\/\"},\"author\":{\"name\":\"Anna Gonzalez\",\"@id\":\"https:\\\/\\\/comt.cat\\\/#\\\/schema\\\/person\\\/24d46080be080ea35b823114da9e610b\"},\"headline\":\"Tarragona acoge una nueva Marat\u00f3n de Donantes de Sangre y Plasma\",\"datePublished\":\"2026-09-03T10:13:36+00:00\",\"dateModified\":\"2026-09-03T10:13:38+00:00\",\"mainEntityOfPage\":{\"@id\":\"https:\\\/\\\/comt.cat\\\/es\\\/maraton-donantes-sangre-plasma-tarragona\\\/\"},\"wordCount\":208,\"image\":{\"@id\":\"https:\\\/\\\/comt.cat\\\/es\\\/maraton-donantes-sangre-plasma-tarragona\\\/#primaryimage\"},\"thumbnailUrl\":\"https:\\\/\\\/comt.cat\\\/wp-content\\\/uploads\\\/2026\\\/09\\\/DESTACADES-WEB-SEP26.png\",\"articleSection\":[\"Actualidad y publicaciones\",\"Destacada\",\"Noticias del COMT\"],\"inLanguage\":\"es\"},{\"@type\":\"WebPage\",\"@id\":\"https:\\\/\\\/comt.cat\\\/es\\\/maraton-donantes-sangre-plasma-tarragona\\\/\",\"url\":\"https:\\\/\\\/comt.cat\\\/es\\\/maraton-donantes-sangre-plasma-tarragona\\\/\",\"name\":\"Tarragona acoge una nueva Marat\u00f3n de Donantes de Sangre y Plasma - COMT\",\"isPartOf\":{\"@id\":\"https:\\\/\\\/comt.cat\\\/#website\"},\"primaryImageOfPage\":{\"@id\":\"https:\\\/\\\/comt.cat\\\/es\\\/maraton-donantes-sangre-plasma-tarragona\\\/#primaryimage\"},\"image\":{\"@id\":\"https:\\\/\\\/comt.cat\\\/es\\\/maraton-donantes-sangre-plasma-tarragona\\\/#primaryimage\"},\"thumbnailUrl\":\"https:\\\/\\\/comt.cat\\\/wp-content\\\/uploads\\\/2026\\\/09\\\/DESTACADES-WEB-SEP26.png\",\"datePublished\":\"2026-09-03T10:13:36+00:00\",\"dateModified\":\"2026-09-03T10:13:38+00:00\",\"author\":{\"@id\":\"https:\\\/\\\/comt.cat\\\/#\\\/schema\\\/person\\\/24d46080be080ea35b823114da9e610b\"},\"description\":\"Tarragona acoge la Marat\u00f3n de Donantes de Sangre y Plasma los d\u00edas 17, 18 y 19 de septiembre en el Teatre Tarragona. Reserva cita y participa.\",\"breadcrumb\":{\"@id\":\"https:\\\/\\\/comt.cat\\\/es\\\/maraton-donantes-sangre-plasma-tarragona\\\/#breadcrumb\"},\"inLanguage\":\"es\",\"potentialAction\":[{\"@type\":\"ReadAction\",\"target\":[\"https:\\\/\\\/comt.cat\\\/es\\\/maraton-donantes-sangre-plasma-tarragona\\\/\"]}]},{\"@type\":\"ImageObject\",\"inLanguage\":\"es\",\"@id\":\"https:\\\/\\\/comt.cat\\\/es\\\/maraton-donantes-sangre-plasma-tarragona\\\/#primaryimage\",\"url\":\"https:\\\/\\\/comt.cat\\\/wp-content\\\/uploads\\\/2026\\\/09\\\/DESTACADES-WEB-SEP26.png\",\"contentUrl\":\"https:\\\/\\\/comt.cat\\\/wp-content\\\/uploads\\\/2026\\\/09\\\/DESTACADES-WEB-SEP26.png\",\"width\":1540,\"height\":700},{\"@type\":\"BreadcrumbList\",\"@id\":\"https:\\\/\\\/comt.cat\\\/es\\\/maraton-donantes-sangre-plasma-tarragona\\\/#breadcrumb\",\"itemListElement\":[{\"@type\":\"ListItem\",\"position\":1,\"name\":\"Home\",\"item\":\"https:\\\/\\\/comt.cat\\\/es\\\/\"},{\"@type\":\"ListItem\",\"position\":2,\"name\":\"Tarragona acoge una nueva Marat\u00f3n de Donantes de Sangre y Plasma\"}]},{\"@type\":\"WebSite\",\"@id\":\"https:\\\/\\\/comt.cat\\\/#website\",\"url\":\"https:\\\/\\\/comt.cat\\\/\",\"name\":\"COMT\",\"description\":\"Col\u00b7legi de Metges de Tarragona\",\"potentialAction\":[{\"@type\":\"SearchAction\",\"target\":{\"@type\":\"EntryPoint\",\"urlTemplate\":\"https:\\\/\\\/comt.cat\\\/?s={search_term_string}\"},\"query-input\":{\"@type\":\"PropertyValueSpecification\",\"valueRequired\":true,\"valueName\":\"search_term_string\"}}],\"inLanguage\":\"es\"},{\"@type\":\"Person\",\"@id\":\"https:\\\/\\\/comt.cat\\\/#\\\/schema\\\/person\\\/24d46080be080ea35b823114da9e610b\",\"name\":\"Anna Gonzalez\",\"image\":{\"@type\":\"ImageObject\",\"inLanguage\":\"es\",\"@id\":\"https:\\\/\\\/secure.gravatar.com\\\/avatar\\\/67d4cc4df5c1ae05e96e243bb158ac8a385cb5c954cbe83a0699619ad39baa15?s=96&d=mm&r=g\",\"url\":\"https:\\\/\\\/secure.gravatar.com\\\/avatar\\\/67d4cc4df5c1ae05e96e243bb158ac8a385cb5c954cbe83a0699619ad39baa15?s=96&d=mm&r=g\",\"contentUrl\":\"https:\\\/\\\/secure.gravatar.com\\\/avatar\\\/67d4cc4df5c1ae05e96e243bb158ac8a385cb5c954cbe83a0699619ad39baa15?s=96&d=mm&r=g\",\"caption\":\"Anna Gonzalez\"},\"url\":\"https:\\\/\\\/comt.cat\\\/es\\\/author\\\/agonzalez\\\/\"}]}<\/script>\n<!-- \/ Yoast SEO plugin. -->","yoast_head_json":{"title":"Tarragona acoge una nueva Marat\u00f3n de Donantes de Sangre y Plasma - COMT","description":"Tarragona acoge la Marat\u00f3n de Donantes de Sangre y Plasma los d\u00edas 17, 18 y 19 de septiembre en el Teatre Tarragona. Reserva cita y participa.","robots":{"index":"index","follow":"follow","max-snippet":"max-snippet:-1","max-image-preview":"max-image-preview:large","max-video-preview":"max-video-preview:-1"},"canonical":"https:\/\/comt.cat\/es\/maraton-donantes-sangre-plasma-tarragona\/","og_locale":"es_ES","og_type":"article","og_title":"Tarragona acoge una nueva Marat\u00f3n de Donantes de Sangre y Plasma - COMT","og_description":"Tarragona acoge la Marat\u00f3n de Donantes de Sangre y Plasma los d\u00edas 17, 18 y 19 de septiembre en el Teatre Tarragona. Reserva cita y participa.","og_url":"https:\/\/comt.cat\/es\/maraton-donantes-sangre-plasma-tarragona\/","og_site_name":"COMT","article_published_time":"2026-09-03T10:13:36+00:00","article_modified_time":"2026-09-03T10:13:38+00:00","og_image":[{"width":1024,"height":465,"url":"https:\/\/comt.cat\/wp-content\/uploads\/2026\/09\/DESTACADES-WEB-SEP26-1024x465.png","type":"image\/png"}],"author":"Anna Gonzalez","twitter_card":"summary_large_image","twitter_misc":{"Escrito por":"Anna Gonzalez","Tiempo de lectura":"1 minuto"},"schema":{"@context":"https:\/\/schema.org","@graph":[{"@type":"Article","@id":"https:\/\/comt.cat\/es\/maraton-donantes-sangre-plasma-tarragona\/#article","isPartOf":{"@id":"https:\/\/comt.cat\/es\/maraton-donantes-sangre-plasma-tarragona\/"},"author":{"name":"Anna Gonzalez","@id":"https:\/\/comt.cat\/#\/schema\/person\/24d46080be080ea35b823114da9e610b"},"headline":"Tarragona acoge una nueva Marat\u00f3n de Donantes de Sangre y Plasma","datePublished":"2026-09-03T10:13:36+00:00","dateModified":"2026-09-03T10:13:38+00:00","mainEntityOfPage":{"@id":"https:\/\/comt.cat\/es\/maraton-donantes-sangre-plasma-tarragona\/"},"wordCount":208,"image":{"@id":"https:\/\/comt.cat\/es\/maraton-donantes-sangre-plasma-tarragona\/#primaryimage"},"thumbnailUrl":"https:\/\/comt.cat\/wp-content\/uploads\/2026\/09\/DESTACADES-WEB-SEP26.png","articleSection":["Actualidad y publicaciones","Destacada","Noticias del COMT"],"inLanguage":"es"},{"@type":"WebPage","@id":"https:\/\/comt.cat\/es\/maraton-donantes-sangre-plasma-tarragona\/","url":"https:\/\/comt.cat\/es\/maraton-donantes-sangre-plasma-tarragona\/","name":"Tarragona acoge una nueva Marat\u00f3n de Donantes de Sangre y Plasma - COMT","isPartOf":{"@id":"https:\/\/comt.cat\/#website"},"primaryImageOfPage":{"@id":"https:\/\/comt.cat\/es\/maraton-donantes-sangre-plasma-tarragona\/#primaryimage"},"image":{"@id":"https:\/\/comt.cat\/es\/maraton-donantes-sangre-plasma-tarragona\/#primaryimage"},"thumbnailUrl":"https:\/\/comt.cat\/wp-content\/uploads\/2026\/09\/DESTACADES-WEB-SEP26.png","datePublished":"2026-09-03T10:13:36+00:00","dateModified":"2026-09-03T10:13:38+00:00","author":{"@id":"https:\/\/comt.cat\/#\/schema\/person\/24d46080be080ea35b823114da9e610b"},"description":"Tarragona acoge la Marat\u00f3n de Donantes de Sangre y Plasma los d\u00edas 17, 18 y 19 de septiembre en el Teatre Tarragona. Reserva cita y participa.","breadcrumb":{"@id":"https:\/\/comt.cat\/es\/maraton-donantes-sangre-plasma-tarragona\/#breadcrumb"},"inLanguage":"es","potentialAction":[{"@type":"ReadAction","target":["https:\/\/comt.cat\/es\/maraton-donantes-sangre-plasma-tarragona\/"]}]},{"@type":"ImageObject","inLanguage":"es","@id":"https:\/\/comt.cat\/es\/maraton-donantes-sangre-plasma-tarragona\/#primaryimage","url":"https:\/\/comt.cat\/wp-content\/uploads\/2026\/09\/DESTACADES-WEB-SEP26.png","contentUrl":"https:\/\/comt.cat\/wp-content\/uploads\/2026\/09\/DESTACADES-WEB-SEP26.png","width":1540,"height":700},{"@type":"BreadcrumbList","@id":"https:\/\/comt.cat\/es\/maraton-donantes-sangre-plasma-tarragona\/#breadcrumb","itemListElement":[{"@type":"ListItem","position":1,"name":"Home","item":"https:\/\/comt.cat\/es\/"},{"@type":"ListItem","position":2,"name":"Tarragona acoge una nueva Marat\u00f3n de Donantes de Sangre y Plasma"}]},{"@type":"WebSite","@id":"https:\/\/comt.cat\/#website","url":"https:\/\/comt.cat\/","name":"COMT","description":"Col\u00b7legi de Metges de Tarragona","potentialAction":[{"@type":"SearchAction","target":{"@type":"EntryPoint","urlTemplate":"https:\/\/comt.cat\/?s={search_term_string}"},"query-input":{"@type":"PropertyValueSpecification","valueRequired":true,"valueName":"search_term_string"}}],"inLanguage":"es"},{"@type":"Person","@id":"https:\/\/comt.cat\/#\/schema\/person\/24d46080be080ea35b823114da9e610b","name":"Anna Gonzalez","image":{"@type":"ImageObject","inLanguage":"es","@id":"https:\/\/secure.gravatar.com\/avatar\/67d4cc4df5c1ae05e96e243bb158ac8a385cb5c954cbe83a0699619ad39baa15?s=96&d=mm&r=g","url":"https:\/\/secure.gravatar.com\/avatar\/67d4cc4df5c1ae05e96e243bb158ac8a385cb5c954cbe83a0699619ad39baa15?s=96&d=mm&r=g","contentUrl":"https:\/\/secure.gravatar.com\/avatar\/67d4cc4df5c1ae05e96e243bb158ac8a385cb5c954cbe83a0699619ad39baa15?s=96&d=mm&r=g","caption":"Anna Gonzalez"},"url":"https:\/\/comt.cat\/es\/author\/agonzalez\/"}]}},"_links":{"self":[{"href":"https:\/\/comt.cat\/es\/wp-json\/wp\/v2\/posts\/50886","targetHints":{"allow":["GET"]}}],"collection":[{"href":"https:\/\/comt.cat\/es\/wp-json\/wp\/v2\/posts"}],"about":[{"href":"https:\/\/comt.cat\/es\/wp-json\/wp\/v2\/types\/post"}],"author":[{"embeddable":true,"href":"https:\/\/comt.cat\/es\/wp-json\/wp\/v2\/users\/4449"}],"replies":[{"embeddable":true,"href":"https:\/\/comt.cat\/es\/wp-json\/wp\/v2\/comments?post=50886"}],"version-history":[{"count":1,"href":"https:\/\/comt.cat\/es\/wp-json\/wp\/v2\/posts\/50886\/revisions"}],"predecessor-version":[{"id":50887,"href":"https:\/\/comt.cat\/es\/wp-json\/wp\/v2\/posts\/50886\/revisions\/50887"}],"wp:featuredmedia":[{"embeddable":true,"href":"https:\/\/comt.cat\/es\/wp-json\/wp\/v2\/media\/50884"}],"wp:attachment":[{"href":"https:\/\/comt.cat\/es\/wp-json\/wp\/v2\/media?parent=50886"}],"wp:term":[{"taxonomy":"category","embeddable":true,"href":"https:\/\/comt.cat\/es\/wp-json\/wp\/v2\/categories?post=50886"},{"taxonomy":"post_tag","embeddable":true,"href":"https:\/\/comt.cat\/es\/wp-json\/wp\/v2\/tags?post=50886"}],"curies":[{"name":"wp","href":"https:\/\/api.w.org\/{rel}","templated":true}]}}