{"id":5117,"date":"2019-03-05T01:20:00","date_gmt":"2019-03-05T01:20:00","guid":{"rendered":"http:\/\/comt.local\/sense-categoria\/prestaciones-educacionales\/"},"modified":"2019-03-05T01:20:00","modified_gmt":"2019-03-05T01:20:00","slug":"prestaciones-educacionales","status":"publish","type":"post","link":"https:\/\/comt.cat\/es\/prestaciones-educacionales\/","title":{"rendered":"Prestaciones educacionales"},"content":{"rendered":"<p>\u00a0<\/p>\n<p style=\"padding: 10px; border: 1px solid #cb8bad; text-align: center;\"><a href=\"#menors21\"><span class=\"fa fa-hand-o-right\">\u00a0<\/span> Prestaci\u00f3n educacional mensual para menores de 21 a\u00f1os<\/a><br \/> <a href=\"#despres21\"><span class=\"fa fa-hand-o-right\">\u00a0<\/span> Pr\u00f3rroga de estudios despu\u00e9s de los 21 a\u00f1os<\/a><br \/> <a href=\"#beca\"><span class=\"fa fa-hand-o-right\">\u00a0<\/span> Beca para estudios oficiales<\/a><br \/> <a href=\"#titols\"><span class=\"fa fa-hand-o-right\">\u00a0<\/span> Expedici\u00f3n de t\u00edtulos oficiales<\/a><\/p>\n<p>\u00a0<\/p>\n<h4><u><a name=\"menors21\"><\/a>PRESTACI\u00d3N EDUCACIONAL MENSUAL PARA MENORES DE 21 A\u00d1OS<\/u><\/h4>\n<p>\u00a0<\/p>\n<h4>Definici\u00f3n<\/h4>\n<p>Ayuda econ\u00f3mica de car\u00e1cter mensual destinatada a cubrir gastos educacionales de los hu\u00e9rfanos menores de 21 a\u00f1os.<\/p>\n<p>\u00a0<\/p>\n<h4>Destinatarios<\/h4>\n<p>Hu\u00e9rfanos de m\u00e9dicos colegiados o hijos de m\u00e9dicos colegiados jubilados o discapacitados sin recursos y menores de 21 a\u00f1os.<\/p>\n<p>\u00a0<\/p>\n<h4>Funciones<\/h4>\n<p>Ayudar econ\u00f3micamente a los beneficiarios menores de 21 a\u00f1os en la cobertura de gastos educacionales.<\/p>\n<p>\u00a0<\/p>\n<h4>Aportaci\u00f3n del PPS COMT<\/h4>\n<ul>\n<li>367 \u20ac con car\u00e1cter mensual para hu\u00e9rfanos de padre o madre o hijos de m\u00e9dicos jubilados o discapacitados.<\/li>\n<li>502 \u20ac con car\u00e1cter mensual para hu\u00e9rfanos (absolutos) de padre y madre.<\/li>\n<li>1.003 \u20ac con car\u00e1cter mensual para hu\u00e9rfanos (absolutos) de padre y madre, ambos m\u00e9dicos.<\/li>\n<\/ul>\n<p>\u00a0<\/p>\n<h4><u><a name=\"despres21\"><\/a>PR\u00d3RROGA DE ESTUDIOS DESPU\u00c9S DE LOS 21 A\u00d1OS<\/u><\/h4>\n<p>\u00a0<\/p>\n<h4>Definici\u00f3n<\/h4>\n<p>Ayuda econ\u00f3mica de car\u00e1cter mensual destinado a prorrogar la cobertura del coste de la educaci\u00f3n de los hu\u00e9rfanos hasta finalizar el curso.<\/p>\n<p>\u00a0<\/p>\n<h4>Destinatarios<\/h4>\n<p>Hu\u00e9rfanos sin recursos que estando realizando estudios oficiales, cumplan 21 a\u00f1os en el periodo comprendido entre el 1 de enero y el 31 de agosto de ese mismo a\u00f1o.<\/p>\n<p>\u00a0<\/p>\n<h4>Funciones<\/h4>\n<p>Ayudar econ\u00f3micamente a los beneficiarios que se encuentren realizando estudios oficiales y cumplan 21 a\u00f1os antes de finalizar el curso.<\/p>\n<p>\u00a0<\/p>\n<h4>Aportaci\u00f3n del PPS COMT<\/h4>\n<ul>\n<li>367 \u20ac hasta septiembre de ese mismo a\u00f1o para hu\u00e9rfanos \/ hijos de padre o madre.<\/li>\n<li>502 \u20ac para hu\u00e9rfanos (absolutos) de padre y madre, hasta septiembre de ese mismo a\u00f1o.<\/li>\n<li>1.003 \u20ac para hu\u00e9rfanos (absolutos) de padre y madre, ambos m\u00e9dicos hasta septiembre de ese mismo a\u00f1o.<\/li>\n<\/ul>\n<p>\u00a0\u00a0<\/p>\n<h4><u><a name=\"beca\"><\/a>BECA PARA ESTUDIOS OFICIALES<\/u><\/h4>\n<p>\u00a0<\/p>\n<h4>Definici\u00f3n<\/h4>\n<p>Ayuda econ\u00f3mica por curso acad\u00e9mico, a recibir hasta tres cursos o cuatro en carreras de 6 a\u00f1os, destinado a contribuir a paliar los gastos originados por la realizaci\u00f3n de estudios oficiales.<\/p>\n<p>\u00a0<\/p>\n<h4>Destinatarios<\/h4>\n<p>Hu\u00e9rfanos de m\u00e9dicos colegiados o hijos de m\u00e9dicos colegiados jubilados o discapacitados que se encuentren matriculados de un curso completo, o su equivalente en n\u00famero de cr\u00e9ditos (estudios oficiales), tengan m\u00e1s de 21 a\u00f1os y hayan solicitado la beca en el plazo indicado.<\/p>\n<p>\u00a0<\/p>\n<h4>Funciones<\/h4>\n<p>Ayudar econ\u00f3micamente a los beneficiarios que se encuentren realizando estudios oficiales.<\/p>\n<p>\u00a0<\/p>\n<h4>Aportaci\u00f3n del PPS COMT<\/h4>\n<ul>\n<li>3.629 \u20ac para estudios superiores (Grado, Master de grado).<\/li>\n<li>3.221 \u20ac (FPII).<\/li>\n<li>2.822 \u20ac para otros estudios oficiales (FPI, Bachiller, Grado Medio, etc.).<\/li>\n<li>4.221 \u20ac para hu\u00e9rfanos absolutos (hu\u00e9rfanos de padre y madre).<\/li>\n<li>8.433 \u20ac para hu\u00e9rfanos absolutos (hu\u00e9rfanos de padre y madre, ambos m\u00e9dicos).<\/li>\n<\/ul>\n<p>\u00a0<\/p>\n<h4><u><a name=\"titols\"><\/a>EXPEDICI\u00d3N DE T\u00cdTULOS OFICIALES<\/u><\/h4>\n<p>\u00a0<\/p>\n<h4>Definici\u00f3n<\/h4>\n<p>Ayuda econ\u00f3mica destinado a cubrir los gastos originados por la expedici\u00f3n del t\u00edtulo oficial de los estudios realizados.<\/p>\n<p>\u00a0<\/p>\n<h4>Destinatarios<\/h4>\n<p>Hu\u00e9rfanos de m\u00e9dicos colegiados o hijos de m\u00e9dicos colegiados jubilados o discapacitados que hayan finalizado sus estudios oficiales.<\/p>\n<p>\u00a0<\/p>\n<h4>Funciones<\/h4>\n<p>Cubrir los gastos originados por la expedici\u00f3n del t\u00edtulo oficial de los estudios realizados por los beneficiarios de esta prestaci\u00f3n.<\/p>\n<p>\u00a0<\/p>\n<h4>Aportaci\u00f3n del PPS COMT<\/h4>\n<p>Reintegro de la cantidad econ\u00f3mica correspondiente a la expedici\u00f3n del t\u00edtulo.<\/p>\n<p>\u00a0<\/p>\n<p>\u00a0<\/p>\n<h4>M\u00e1s informaci\u00f3n:<\/h4>\n<p><a href=\"\/wp-content\/uploads\/joomla_images\/CatalegServeis\/condicionsAcces.pdf\">Condiciones de acceso <span class=\"fa fa-download\">\u00a0<\/span><\/a><\/p>\n<p><a href=\"\/wp-content\/uploads\/joomla_images\/CatalegServeis\/FormulariAtencioConciliacio.pdf\">Formulario de solicitud <span class=\"fa fa-download\">\u00a0<\/span><\/a><\/p>\n<p><a href=\"\/wp-content\/uploads\/joomla_images\/CatalegServeis\/mod145_es_es.pdf\">Modelo 145 <span class=\"fa fa-download\">\u00a0<\/span><\/a><\/p>\n<p><a href=\"\/wp-content\/uploads\/joomla_images\/CatalegServeis\/pr\u00f2rrogaAnual.pdf\">Solicitud de pr\u00f3rroga anual <span class=\"fa fa-download\">\u00a0<\/span><\/a><\/p>\n<p>\u00a0<\/p>\n","protected":false},"excerpt":{"rendered":"<p>\u00a0<\/p>\n<p style=\"padding: 10px; border: 1px solid #cb8bad; text-align: center;\"><a href=\"#menors21\"><span class=\"fa fa-hand-o-right\">\u00a0<\/span> Prestaci\u00f3n educacional mensual para menores de 21 a\u00f1os<\/a><br \/> <a href=\"#despres21\"><span class=\"fa fa-hand-o-right\">\u00a0<\/span> Pr\u00f3rroga de estudios despu\u00e9s de los 21 a\u00f1os<\/a><br \/> <a href=\"#beca\"><span class=\"fa fa-hand-o-right\">\u00a0<\/span> Beca para estudios oficiales<\/a><br \/> <a href=\"#titols\"><span class=\"fa fa-hand-o-right\">\u00a0<\/span> Expedici\u00f3n de t\u00edtulos oficiales<\/a><\/p>\n<p>\u00a0<\/p>\n<h4><u><a name=\"menors21\"><\/a>PRESTACI\u00d3N EDUCACIONAL MENSUAL PARA MENORES DE 21 A\u00d1OS<\/u><\/h4>\n<p>\u00a0<\/p>\n<h4>Definici\u00f3n<\/h4>\n<p>Ayuda econ\u00f3mica de car\u00e1cter mensual destinatada a cubrir gastos educacionales de los hu\u00e9rfanos menores de 21 a\u00f1os.<\/p>\n<p>\u00a0<\/p>\n<h4>Destinatarios<\/h4>\n<p>Hu\u00e9rfanos de m\u00e9dicos colegiados o hijos de m\u00e9dicos colegiados jubilados o discapacitados sin recursos y menores de 21 a\u00f1os.<\/p>\n<p>\u00a0<\/p>\n<h4>Funciones<\/h4>\n<p>Ayudar econ\u00f3micamente a los beneficiarios menores de 21 a\u00f1os en la cobertura de gastos educacionales.<\/p>\n<p>\u00a0<\/p>\n<h4>Aportaci\u00f3n del PPS COMT<\/h4>\n<ul>\n<li>367 \u20ac con car\u00e1cter mensual para hu\u00e9rfanos de padre o madre o hijos de m\u00e9dicos jubilados o discapacitados.<\/li>\n<li>502 \u20ac con car\u00e1cter mensual para hu\u00e9rfanos (absolutos) de padre y madre.<\/li>\n<li>1.003 \u20ac con car\u00e1cter mensual para hu\u00e9rfanos (absolutos) de padre y madre, ambos m\u00e9dicos.<\/li>\n<\/ul>\n<p>\u00a0<\/p>\n<h4><u><a name=\"despres21\"><\/a>PR\u00d3RROGA DE ESTUDIOS DESPU\u00c9S DE LOS 21 A\u00d1OS<\/u><\/h4>\n<p>\u00a0<\/p>\n<h4>Definici\u00f3n<\/h4>\n<p>Ayuda econ\u00f3mica de car\u00e1cter mensual destinado a prorrogar la cobertura del coste de la educaci\u00f3n de los hu\u00e9rfanos hasta finalizar el curso.<\/p>\n<p>\u00a0<\/p>\n<h4>Destinatarios<\/h4>\n<p>Hu\u00e9rfanos sin recursos que estando realizando estudios oficiales, cumplan 21 a\u00f1os en el periodo comprendido entre el 1 de enero y el 31 de agosto de ese mismo a\u00f1o.<\/p>\n<p>\u00a0<\/p>\n<h4>Funciones<\/h4>\n<p>Ayudar econ\u00f3micamente a los beneficiarios que se encuentren realizando estudios oficiales y cumplan 21 a\u00f1os antes de finalizar el curso.<\/p>\n<p>\u00a0<\/p>\n<h4>Aportaci\u00f3n del PPS COMT<\/h4>\n<ul>\n<li>367 \u20ac hasta septiembre de ese mismo a\u00f1o para hu\u00e9rfanos \/ hijos de padre o madre.<\/li>\n<li>502 \u20ac para hu\u00e9rfanos (absolutos) de padre y madre, hasta septiembre de ese mismo a\u00f1o.<\/li>\n<li>1.003 \u20ac para hu\u00e9rfanos (absolutos) de padre y madre, ambos m\u00e9dicos hasta septiembre de ese mismo a\u00f1o.<\/li>\n<\/ul>\n<p>\u00a0\u00a0<\/p>\n<h4><u><a name=\"beca\"><\/a>BECA PARA ESTUDIOS OFICIALES<\/u><\/h4>\n<p>\u00a0<\/p>\n<h4>Definici\u00f3n<\/h4>\n<p>Ayuda econ\u00f3mica por curso acad\u00e9mico, a recibir hasta tres cursos o cuatro en carreras de 6 a\u00f1os, destinado a contribuir a paliar los gastos originados por la realizaci\u00f3n de estudios oficiales.<\/p>\n<p>\u00a0<\/p>\n<h4>Destinatarios<\/h4>\n<p>Hu\u00e9rfanos de m\u00e9dicos colegiados o hijos de m\u00e9dicos colegiados jubilados o discapacitados que se encuentren matriculados de un curso completo, o su equivalente en n\u00famero de cr\u00e9ditos (estudios oficiales), tengan m\u00e1s de 21 a\u00f1os y hayan solicitado la beca en el plazo indicado.<\/p>\n<p>\u00a0<\/p>\n<h4>Funciones<\/h4>\n<p>Ayudar econ\u00f3micamente a los beneficiarios que se encuentren realizando estudios oficiales.<\/p>\n<p>\u00a0<\/p>\n<h4>Aportaci\u00f3n del PPS COMT<\/h4>\n<ul>\n<li>3.629 \u20ac para estudios superiores (Grado, Master de grado).<\/li>\n<li>3.221 \u20ac (FPII).<\/li>\n<li>2.822 \u20ac para otros estudios oficiales (FPI, Bachiller, Grado Medio, etc.).<\/li>\n<li>4.221 \u20ac para hu\u00e9rfanos absolutos (hu\u00e9rfanos de padre y madre).<\/li>\n<li>8.433 \u20ac para hu\u00e9rfanos absolutos (hu\u00e9rfanos de padre y madre, ambos m\u00e9dicos).<\/li>\n<\/ul>\n<p>\u00a0<\/p>\n<h4><u><a name=\"titols\"><\/a>EXPEDICI\u00d3N DE T\u00cdTULOS OFICIALES<\/u><\/h4>\n<p>\u00a0<\/p>\n<h4>Definici\u00f3n<\/h4>\n<p>Ayuda econ\u00f3mica destinado a cubrir los gastos originados por la expedici\u00f3n del t\u00edtulo oficial de los estudios realizados.<\/p>\n<p>\u00a0<\/p>\n<h4>Destinatarios<\/h4>\n<p>Hu\u00e9rfanos de m\u00e9dicos colegiados o hijos de m\u00e9dicos colegiados jubilados o discapacitados que hayan finalizado sus estudios oficiales.<\/p>\n<p>\u00a0<\/p>\n<h4>Funciones<\/h4>\n<p>Cubrir los gastos originados por la expedici\u00f3n del t\u00edtulo oficial de los estudios realizados por los beneficiarios de esta prestaci\u00f3n.<\/p>\n<p>\u00a0<\/p>\n<h4>Aportaci\u00f3n del PPS COMT<\/h4>\n<p>Reintegro de la cantidad econ\u00f3mica correspondiente a la expedici\u00f3n del t\u00edtulo.<\/p>\n<p>\u00a0<\/p>\n<p>\u00a0<\/p>\n<h4>M\u00e1s informaci\u00f3n:<\/h4>\n<p><a href=\"\/wp-content\/uploads\/joomla_images\/CatalegServeis\/condicionsAcces.pdf\">Condiciones de acceso <span class=\"fa fa-download\">\u00a0<\/span><\/a><\/p>\n<p><a href=\"\/wp-content\/uploads\/joomla_images\/CatalegServeis\/FormulariAtencioConciliacio.pdf\">Formulario de solicitud <span class=\"fa fa-download\">\u00a0<\/span><\/a><\/p>\n<p><a href=\"\/wp-content\/uploads\/joomla_images\/CatalegServeis\/mod145_es_es.pdf\">Modelo 145 <span class=\"fa fa-download\">\u00a0<\/span><\/a><\/p>\n<p><a href=\"\/wp-content\/uploads\/joomla_images\/CatalegServeis\/pr\u00f2rrogaAnual.pdf\">Solicitud de pr\u00f3rroga anual <span class=\"fa fa-download\">\u00a0<\/span><\/a><\/p>\n<p>\u00a0<\/p>\n","protected":false},"author":1,"featured_media":0,"comment_status":"open","ping_status":"open","sticky":false,"template":"","format":"standard","meta":{"footnotes":""},"categories":[358],"tags":[],"class_list":["post-5117","post","type-post","status-publish","format-standard","hentry","category-prestaciones-educacionales"],"yoast_head":"<!-- This site is optimized with the Yoast SEO plugin v27.5 - https:\/\/yoast.com\/product\/yoast-seo-wordpress\/ -->\n<title>Prestaciones educacionales - COMT<\/title>\n<meta name=\"robots\" content=\"index, follow, max-snippet:-1, max-image-preview:large, max-video-preview:-1\" \/>\n<link rel=\"canonical\" href=\"https:\/\/comt.cat\/es\/prestaciones-educacionales\/\" \/>\n<meta property=\"og:locale\" content=\"es_ES\" \/>\n<meta property=\"og:type\" content=\"article\" \/>\n<meta property=\"og:title\" content=\"Prestaciones educacionales - COMT\" \/>\n<meta property=\"og:description\" content=\"\u00a0 \u00a0 Prestaci\u00f3n educacional mensual para menores de 21 a\u00f1os \u00a0 Pr\u00f3rroga de estudios despu\u00e9s de los 21 a\u00f1os \u00a0 Beca para estudios oficiales \u00a0 Expedici\u00f3n de t\u00edtulos oficiales \u00a0 PRESTACI\u00d3N EDUCACIONAL MENSUAL PARA MENORES DE 21 A\u00d1OS \u00a0 Definici\u00f3n Ayuda econ\u00f3mica de car\u00e1cter mensual destinatada a cubrir gastos educacionales de los hu\u00e9rfanos menores de 21 a\u00f1os. \u00a0 Destinatarios Hu\u00e9rfanos de m\u00e9dicos colegiados o hijos de m\u00e9dicos colegiados jubilados o discapacitados sin recursos y menores de 21 a\u00f1os. \u00a0 Funciones Ayudar econ\u00f3micamente a los beneficiarios menores de 21 a\u00f1os en la cobertura de gastos educacionales. \u00a0 Aportaci\u00f3n del PPS COMT  367 \u20ac con car\u00e1cter mensual para hu\u00e9rfanos de padre o madre o hijos de m\u00e9dicos jubilados o discapacitados. 502 \u20ac con car\u00e1cter mensual para hu\u00e9rfanos (absolutos) de padre y madre. 1.003 \u20ac con car\u00e1cter mensual para hu\u00e9rfanos (absolutos) de padre y madre, ambos m\u00e9dicos.  \u00a0 PR\u00d3RROGA DE ESTUDIOS DESPU\u00c9S DE LOS 21 A\u00d1OS \u00a0 Definici\u00f3n Ayuda econ\u00f3mica de car\u00e1cter mensual destinado a prorrogar la cobertura del coste de la educaci\u00f3n de los hu\u00e9rfanos hasta finalizar el curso. \u00a0 Destinatarios Hu\u00e9rfanos sin recursos que estando realizando estudios oficiales, cumplan 21 a\u00f1os en el periodo comprendido entre el 1 de enero y el 31 de agosto de ese mismo a\u00f1o. \u00a0 Funciones Ayudar econ\u00f3micamente a los beneficiarios que se encuentren realizando estudios oficiales y cumplan 21 a\u00f1os antes de finalizar el curso. \u00a0 Aportaci\u00f3n del PPS COMT  367 \u20ac hasta septiembre de ese mismo a\u00f1o para hu\u00e9rfanos \/ hijos de padre o madre. 502 \u20ac para hu\u00e9rfanos (absolutos) de padre y madre, hasta septiembre de ese mismo a\u00f1o. 1.003 \u20ac para hu\u00e9rfanos (absolutos) de padre y madre, ambos m\u00e9dicos hasta septiembre de ese mismo a\u00f1o.  \u00a0\u00a0 BECA PARA ESTUDIOS OFICIALES \u00a0 Definici\u00f3n Ayuda econ\u00f3mica por curso acad\u00e9mico, a recibir hasta tres cursos o cuatro en carreras de 6 a\u00f1os, destinado a contribuir a paliar los gastos originados por la realizaci\u00f3n de estudios oficiales. \u00a0 Destinatarios Hu\u00e9rfanos de m\u00e9dicos colegiados o hijos de m\u00e9dicos colegiados jubilados o discapacitados que se encuentren matriculados de un curso completo, o su equivalente en n\u00famero de cr\u00e9ditos (estudios oficiales), tengan m\u00e1s de 21 a\u00f1os y hayan solicitado la beca en el plazo indicado. \u00a0 Funciones Ayudar econ\u00f3micamente a los beneficiarios que se encuentren realizando estudios oficiales. \u00a0 Aportaci\u00f3n del PPS COMT  3.629 \u20ac para estudios superiores (Grado, Master de grado). 3.221 \u20ac (FPII). 2.822 \u20ac para otros estudios oficiales (FPI, Bachiller, Grado Medio, etc.). 4.221 \u20ac para hu\u00e9rfanos absolutos (hu\u00e9rfanos de padre y madre). 8.433 \u20ac para hu\u00e9rfanos absolutos (hu\u00e9rfanos de padre y madre, ambos m\u00e9dicos).  \u00a0 EXPEDICI\u00d3N DE T\u00cdTULOS OFICIALES \u00a0 Definici\u00f3n Ayuda econ\u00f3mica destinado a cubrir los gastos originados por la expedici\u00f3n del t\u00edtulo oficial de los estudios realizados. \u00a0 Destinatarios Hu\u00e9rfanos de m\u00e9dicos colegiados o hijos de m\u00e9dicos colegiados jubilados o discapacitados que hayan finalizado sus estudios oficiales. \u00a0 Funciones Cubrir los gastos originados por la expedici\u00f3n del t\u00edtulo oficial de los estudios realizados por los beneficiarios de esta prestaci\u00f3n. \u00a0 Aportaci\u00f3n del PPS COMT Reintegro de la cantidad econ\u00f3mica correspondiente a la expedici\u00f3n del t\u00edtulo. \u00a0 \u00a0 M\u00e1s informaci\u00f3n: Condiciones de acceso \u00a0 Formulario de solicitud \u00a0 Modelo 145 \u00a0 Solicitud de pr\u00f3rroga anual \u00a0 \u00a0\" \/>\n<meta property=\"og:url\" content=\"https:\/\/comt.cat\/es\/prestaciones-educacionales\/\" \/>\n<meta property=\"og:site_name\" content=\"COMT\" \/>\n<meta property=\"article:published_time\" content=\"2019-03-05T01:20:00+00:00\" \/>\n<meta name=\"author\" content=\"comt\" \/>\n<meta name=\"twitter:card\" content=\"summary_large_image\" \/>\n<meta name=\"twitter:label1\" content=\"Escrito por\" \/>\n\t<meta name=\"twitter:data1\" content=\"comt\" \/>\n\t<meta name=\"twitter:label2\" content=\"Tiempo de lectura\" \/>\n\t<meta name=\"twitter:data2\" content=\"3 minutos\" \/>\n<script type=\"application\/ld+json\" class=\"yoast-schema-graph\">{\"@context\":\"https:\\\/\\\/schema.org\",\"@graph\":[{\"@type\":\"Article\",\"@id\":\"https:\\\/\\\/comt.cat\\\/es\\\/prestaciones-educacionales\\\/#article\",\"isPartOf\":{\"@id\":\"https:\\\/\\\/comt.cat\\\/es\\\/prestaciones-educacionales\\\/\"},\"author\":{\"name\":\"comt\",\"@id\":\"https:\\\/\\\/comt.cat\\\/#\\\/schema\\\/person\\\/e9c884d9eb13a1fd7c15c3899c93dbee\"},\"headline\":\"Prestaciones educacionales\",\"datePublished\":\"2019-03-05T01:20:00+00:00\",\"mainEntityOfPage\":{\"@id\":\"https:\\\/\\\/comt.cat\\\/es\\\/prestaciones-educacionales\\\/\"},\"wordCount\":554,\"commentCount\":0,\"articleSection\":[\"Prestaciones educacionales\"],\"inLanguage\":\"es\",\"potentialAction\":[{\"@type\":\"CommentAction\",\"name\":\"Comment\",\"target\":[\"https:\\\/\\\/comt.cat\\\/es\\\/prestaciones-educacionales\\\/#respond\"]}]},{\"@type\":\"WebPage\",\"@id\":\"https:\\\/\\\/comt.cat\\\/es\\\/prestaciones-educacionales\\\/\",\"url\":\"https:\\\/\\\/comt.cat\\\/es\\\/prestaciones-educacionales\\\/\",\"name\":\"Prestaciones educacionales - COMT\",\"isPartOf\":{\"@id\":\"https:\\\/\\\/comt.cat\\\/#website\"},\"datePublished\":\"2019-03-05T01:20:00+00:00\",\"author\":{\"@id\":\"https:\\\/\\\/comt.cat\\\/#\\\/schema\\\/person\\\/e9c884d9eb13a1fd7c15c3899c93dbee\"},\"breadcrumb\":{\"@id\":\"https:\\\/\\\/comt.cat\\\/es\\\/prestaciones-educacionales\\\/#breadcrumb\"},\"inLanguage\":\"es\",\"potentialAction\":[{\"@type\":\"ReadAction\",\"target\":[\"https:\\\/\\\/comt.cat\\\/es\\\/prestaciones-educacionales\\\/\"]}]},{\"@type\":\"BreadcrumbList\",\"@id\":\"https:\\\/\\\/comt.cat\\\/es\\\/prestaciones-educacionales\\\/#breadcrumb\",\"itemListElement\":[{\"@type\":\"ListItem\",\"position\":1,\"name\":\"Home\",\"item\":\"https:\\\/\\\/comt.cat\\\/es\\\/\"},{\"@type\":\"ListItem\",\"position\":2,\"name\":\"Prestaciones educacionales\"}]},{\"@type\":\"WebSite\",\"@id\":\"https:\\\/\\\/comt.cat\\\/#website\",\"url\":\"https:\\\/\\\/comt.cat\\\/\",\"name\":\"COMT\",\"description\":\"Col\u00b7legi de Metges de Tarragona\",\"potentialAction\":[{\"@type\":\"SearchAction\",\"target\":{\"@type\":\"EntryPoint\",\"urlTemplate\":\"https:\\\/\\\/comt.cat\\\/?s={search_term_string}\"},\"query-input\":{\"@type\":\"PropertyValueSpecification\",\"valueRequired\":true,\"valueName\":\"search_term_string\"}}],\"inLanguage\":\"es\"},{\"@type\":\"Person\",\"@id\":\"https:\\\/\\\/comt.cat\\\/#\\\/schema\\\/person\\\/e9c884d9eb13a1fd7c15c3899c93dbee\",\"name\":\"comt\",\"image\":{\"@type\":\"ImageObject\",\"inLanguage\":\"es\",\"@id\":\"https:\\\/\\\/secure.gravatar.com\\\/avatar\\\/4973b6e675aecb45ab4d3cc8daea28d3f2f37d475c99290bc0b7e7fcc73af7be?s=96&d=mm&r=g\",\"url\":\"https:\\\/\\\/secure.gravatar.com\\\/avatar\\\/4973b6e675aecb45ab4d3cc8daea28d3f2f37d475c99290bc0b7e7fcc73af7be?s=96&d=mm&r=g\",\"contentUrl\":\"https:\\\/\\\/secure.gravatar.com\\\/avatar\\\/4973b6e675aecb45ab4d3cc8daea28d3f2f37d475c99290bc0b7e7fcc73af7be?s=96&d=mm&r=g\",\"caption\":\"comt\"},\"url\":\"https:\\\/\\\/comt.cat\\\/es\\\/author\\\/comt\\\/\"}]}<\/script>\n<!-- \/ Yoast SEO plugin. -->","yoast_head_json":{"title":"Prestaciones educacionales - COMT","robots":{"index":"index","follow":"follow","max-snippet":"max-snippet:-1","max-image-preview":"max-image-preview:large","max-video-preview":"max-video-preview:-1"},"canonical":"https:\/\/comt.cat\/es\/prestaciones-educacionales\/","og_locale":"es_ES","og_type":"article","og_title":"Prestaciones educacionales - COMT","og_description":"\u00a0 \u00a0 Prestaci\u00f3n educacional mensual para menores de 21 a\u00f1os \u00a0 Pr\u00f3rroga de estudios despu\u00e9s de los 21 a\u00f1os \u00a0 Beca para estudios oficiales \u00a0 Expedici\u00f3n de t\u00edtulos oficiales \u00a0 PRESTACI\u00d3N EDUCACIONAL MENSUAL PARA MENORES DE 21 A\u00d1OS \u00a0 Definici\u00f3n Ayuda econ\u00f3mica de car\u00e1cter mensual destinatada a cubrir gastos educacionales de los hu\u00e9rfanos menores de 21 a\u00f1os. \u00a0 Destinatarios Hu\u00e9rfanos de m\u00e9dicos colegiados o hijos de m\u00e9dicos colegiados jubilados o discapacitados sin recursos y menores de 21 a\u00f1os. \u00a0 Funciones Ayudar econ\u00f3micamente a los beneficiarios menores de 21 a\u00f1os en la cobertura de gastos educacionales. \u00a0 Aportaci\u00f3n del PPS COMT  367 \u20ac con car\u00e1cter mensual para hu\u00e9rfanos de padre o madre o hijos de m\u00e9dicos jubilados o discapacitados. 502 \u20ac con car\u00e1cter mensual para hu\u00e9rfanos (absolutos) de padre y madre. 1.003 \u20ac con car\u00e1cter mensual para hu\u00e9rfanos (absolutos) de padre y madre, ambos m\u00e9dicos.  \u00a0 PR\u00d3RROGA DE ESTUDIOS DESPU\u00c9S DE LOS 21 A\u00d1OS \u00a0 Definici\u00f3n Ayuda econ\u00f3mica de car\u00e1cter mensual destinado a prorrogar la cobertura del coste de la educaci\u00f3n de los hu\u00e9rfanos hasta finalizar el curso. \u00a0 Destinatarios Hu\u00e9rfanos sin recursos que estando realizando estudios oficiales, cumplan 21 a\u00f1os en el periodo comprendido entre el 1 de enero y el 31 de agosto de ese mismo a\u00f1o. \u00a0 Funciones Ayudar econ\u00f3micamente a los beneficiarios que se encuentren realizando estudios oficiales y cumplan 21 a\u00f1os antes de finalizar el curso. \u00a0 Aportaci\u00f3n del PPS COMT  367 \u20ac hasta septiembre de ese mismo a\u00f1o para hu\u00e9rfanos \/ hijos de padre o madre. 502 \u20ac para hu\u00e9rfanos (absolutos) de padre y madre, hasta septiembre de ese mismo a\u00f1o. 1.003 \u20ac para hu\u00e9rfanos (absolutos) de padre y madre, ambos m\u00e9dicos hasta septiembre de ese mismo a\u00f1o.  \u00a0\u00a0 BECA PARA ESTUDIOS OFICIALES \u00a0 Definici\u00f3n Ayuda econ\u00f3mica por curso acad\u00e9mico, a recibir hasta tres cursos o cuatro en carreras de 6 a\u00f1os, destinado a contribuir a paliar los gastos originados por la realizaci\u00f3n de estudios oficiales. \u00a0 Destinatarios Hu\u00e9rfanos de m\u00e9dicos colegiados o hijos de m\u00e9dicos colegiados jubilados o discapacitados que se encuentren matriculados de un curso completo, o su equivalente en n\u00famero de cr\u00e9ditos (estudios oficiales), tengan m\u00e1s de 21 a\u00f1os y hayan solicitado la beca en el plazo indicado. \u00a0 Funciones Ayudar econ\u00f3micamente a los beneficiarios que se encuentren realizando estudios oficiales. \u00a0 Aportaci\u00f3n del PPS COMT  3.629 \u20ac para estudios superiores (Grado, Master de grado). 3.221 \u20ac (FPII). 2.822 \u20ac para otros estudios oficiales (FPI, Bachiller, Grado Medio, etc.). 4.221 \u20ac para hu\u00e9rfanos absolutos (hu\u00e9rfanos de padre y madre). 8.433 \u20ac para hu\u00e9rfanos absolutos (hu\u00e9rfanos de padre y madre, ambos m\u00e9dicos).  \u00a0 EXPEDICI\u00d3N DE T\u00cdTULOS OFICIALES \u00a0 Definici\u00f3n Ayuda econ\u00f3mica destinado a cubrir los gastos originados por la expedici\u00f3n del t\u00edtulo oficial de los estudios realizados. \u00a0 Destinatarios Hu\u00e9rfanos de m\u00e9dicos colegiados o hijos de m\u00e9dicos colegiados jubilados o discapacitados que hayan finalizado sus estudios oficiales. \u00a0 Funciones Cubrir los gastos originados por la expedici\u00f3n del t\u00edtulo oficial de los estudios realizados por los beneficiarios de esta prestaci\u00f3n. \u00a0 Aportaci\u00f3n del PPS COMT Reintegro de la cantidad econ\u00f3mica correspondiente a la expedici\u00f3n del t\u00edtulo. \u00a0 \u00a0 M\u00e1s informaci\u00f3n: Condiciones de acceso \u00a0 Formulario de solicitud \u00a0 Modelo 145 \u00a0 Solicitud de pr\u00f3rroga anual \u00a0 \u00a0","og_url":"https:\/\/comt.cat\/es\/prestaciones-educacionales\/","og_site_name":"COMT","article_published_time":"2019-03-05T01:20:00+00:00","author":"comt","twitter_card":"summary_large_image","twitter_misc":{"Escrito por":"comt","Tiempo de lectura":"3 minutos"},"schema":{"@context":"https:\/\/schema.org","@graph":[{"@type":"Article","@id":"https:\/\/comt.cat\/es\/prestaciones-educacionales\/#article","isPartOf":{"@id":"https:\/\/comt.cat\/es\/prestaciones-educacionales\/"},"author":{"name":"comt","@id":"https:\/\/comt.cat\/#\/schema\/person\/e9c884d9eb13a1fd7c15c3899c93dbee"},"headline":"Prestaciones educacionales","datePublished":"2019-03-05T01:20:00+00:00","mainEntityOfPage":{"@id":"https:\/\/comt.cat\/es\/prestaciones-educacionales\/"},"wordCount":554,"commentCount":0,"articleSection":["Prestaciones educacionales"],"inLanguage":"es","potentialAction":[{"@type":"CommentAction","name":"Comment","target":["https:\/\/comt.cat\/es\/prestaciones-educacionales\/#respond"]}]},{"@type":"WebPage","@id":"https:\/\/comt.cat\/es\/prestaciones-educacionales\/","url":"https:\/\/comt.cat\/es\/prestaciones-educacionales\/","name":"Prestaciones educacionales - COMT","isPartOf":{"@id":"https:\/\/comt.cat\/#website"},"datePublished":"2019-03-05T01:20:00+00:00","author":{"@id":"https:\/\/comt.cat\/#\/schema\/person\/e9c884d9eb13a1fd7c15c3899c93dbee"},"breadcrumb":{"@id":"https:\/\/comt.cat\/es\/prestaciones-educacionales\/#breadcrumb"},"inLanguage":"es","potentialAction":[{"@type":"ReadAction","target":["https:\/\/comt.cat\/es\/prestaciones-educacionales\/"]}]},{"@type":"BreadcrumbList","@id":"https:\/\/comt.cat\/es\/prestaciones-educacionales\/#breadcrumb","itemListElement":[{"@type":"ListItem","position":1,"name":"Home","item":"https:\/\/comt.cat\/es\/"},{"@type":"ListItem","position":2,"name":"Prestaciones educacionales"}]},{"@type":"WebSite","@id":"https:\/\/comt.cat\/#website","url":"https:\/\/comt.cat\/","name":"COMT","description":"Col\u00b7legi de Metges de Tarragona","potentialAction":[{"@type":"SearchAction","target":{"@type":"EntryPoint","urlTemplate":"https:\/\/comt.cat\/?s={search_term_string}"},"query-input":{"@type":"PropertyValueSpecification","valueRequired":true,"valueName":"search_term_string"}}],"inLanguage":"es"},{"@type":"Person","@id":"https:\/\/comt.cat\/#\/schema\/person\/e9c884d9eb13a1fd7c15c3899c93dbee","name":"comt","image":{"@type":"ImageObject","inLanguage":"es","@id":"https:\/\/secure.gravatar.com\/avatar\/4973b6e675aecb45ab4d3cc8daea28d3f2f37d475c99290bc0b7e7fcc73af7be?s=96&d=mm&r=g","url":"https:\/\/secure.gravatar.com\/avatar\/4973b6e675aecb45ab4d3cc8daea28d3f2f37d475c99290bc0b7e7fcc73af7be?s=96&d=mm&r=g","contentUrl":"https:\/\/secure.gravatar.com\/avatar\/4973b6e675aecb45ab4d3cc8daea28d3f2f37d475c99290bc0b7e7fcc73af7be?s=96&d=mm&r=g","caption":"comt"},"url":"https:\/\/comt.cat\/es\/author\/comt\/"}]}},"_links":{"self":[{"href":"https:\/\/comt.cat\/es\/wp-json\/wp\/v2\/posts\/5117","targetHints":{"allow":["GET"]}}],"collection":[{"href":"https:\/\/comt.cat\/es\/wp-json\/wp\/v2\/posts"}],"about":[{"href":"https:\/\/comt.cat\/es\/wp-json\/wp\/v2\/types\/post"}],"author":[{"embeddable":true,"href":"https:\/\/comt.cat\/es\/wp-json\/wp\/v2\/users\/1"}],"replies":[{"embeddable":true,"href":"https:\/\/comt.cat\/es\/wp-json\/wp\/v2\/comments?post=5117"}],"version-history":[{"count":0,"href":"https:\/\/comt.cat\/es\/wp-json\/wp\/v2\/posts\/5117\/revisions"}],"wp:attachment":[{"href":"https:\/\/comt.cat\/es\/wp-json\/wp\/v2\/media?parent=5117"}],"wp:term":[{"taxonomy":"category","embeddable":true,"href":"https:\/\/comt.cat\/es\/wp-json\/wp\/v2\/categories?post=5117"},{"taxonomy":"post_tag","embeddable":true,"href":"https:\/\/comt.cat\/es\/wp-json\/wp\/v2\/tags?post=5117"}],"curies":[{"name":"wp","href":"https:\/\/api.w.org\/{rel}","templated":true}]}}