{"id":515,"date":"2015-03-16T14:00:58","date_gmt":"2015-03-16T14:00:58","guid":{"rendered":"http:\/\/comt.local\/sense-categoria\/formulario-de-solicitud-para-reclamar-una-parte-del-pago-extraordinario-y-adicional-mes-de-diciembre-de-2012\/"},"modified":"2015-03-16T14:00:58","modified_gmt":"2015-03-16T14:00:58","slug":"formulario-de-solicitud-para-reclamar-una-parte-del-pago-extraordinario-y-adicional-mes-de-diciembre-de-2012","status":"publish","type":"post","link":"https:\/\/comt.cat\/es\/formulario-de-solicitud-para-reclamar-una-parte-del-pago-extraordinario-y-adicional-mes-de-diciembre-de-2012\/","title":{"rendered":"Formulario de solicitud para reclamar una parte del pago extraordinario y adicional mes de diciembre de 2012"},"content":{"rendered":"<p>El gobierno catal\u00e1n anunci\u00f3 la semana los trabajadores p\u00fablicos y centros privados que no sean leves este mes pasada de marzo los primeros 44 d\u00edas de pago extraordinario del mes de diciembre de 2012. El personal que actualmente trabaja en la administraci\u00f3n del gobierno debe solicitar el pago de esta cantidad <a href=\"http:\/\/governacio.gencat.cat\/ca\/pgov_ambits_d_actuacio\/pgov_funcio_publica\/pgov_empleats_publics\/pgov_retribucions\">a trav\u00e9s de esta solicitud<\/a>, en un plazo de tres meses desde la fecha de publicaci\u00f3n de la resoluci\u00f3n de la Generalitat de Catalunya, es decir, hasta el 10 de junio de 2015.<\/p>\n<p>En caso de fallecimiento de la persona que pag\u00f3 los servicios para la administraci\u00f3n en la fecha del devengo paga extraordinaria y de conformidad con la legislaci\u00f3n civil de aplicaci\u00f3n, ser\u00e1n que sus herederos son leg\u00edtimas si van a presentar esta solicitud.<\/p>\n","protected":false},"excerpt":{"rendered":"<p>El gobierno catal\u00e1n anunci\u00f3 la semana los trabajadores p\u00fablicos y centros privados que no sean leves este mes pasada de marzo los primeros 44 d\u00edas de pago extraordinario del mes de diciembre de 2012. El personal que actualmente trabaja en la administraci\u00f3n del gobierno debe solicitar el pago de esta cantidad <a href=\"http:\/\/governacio.gencat.cat\/ca\/pgov_ambits_d_actuacio\/pgov_funcio_publica\/pgov_empleats_publics\/pgov_retribucions\">a trav\u00e9s de esta solicitud<\/a>, en un plazo de tres meses desde la fecha de publicaci\u00f3n de la resoluci\u00f3n de la Generalitat de Catalunya, es decir, hasta el 10 de junio de 2015.<\/p>\n<p>En caso de fallecimiento de la persona que pag\u00f3 los servicios para la administraci\u00f3n en la fecha del devengo paga extraordinaria y de conformidad con la legislaci\u00f3n civil de aplicaci\u00f3n, ser\u00e1n que sus herederos son leg\u00edtimas si van a presentar esta solicitud.<\/p>\n","protected":false},"author":1,"featured_media":0,"comment_status":"open","ping_status":"open","sticky":false,"template":"","format":"standard","meta":{"footnotes":""},"categories":[125],"tags":[],"class_list":["post-515","post","type-post","status-publish","format-standard","hentry","category-comt-noticies"],"yoast_head":"<!-- This site is optimized with the Yoast SEO plugin v27.4 - https:\/\/yoast.com\/product\/yoast-seo-wordpress\/ -->\n<title>Formulario de solicitud para reclamar una parte del pago extraordinario y adicional mes de diciembre de 2012 - COMT<\/title>\n<meta name=\"robots\" content=\"index, follow, max-snippet:-1, max-image-preview:large, max-video-preview:-1\" \/>\n<link rel=\"canonical\" href=\"https:\/\/comt.cat\/formulario-de-solicitud-para-reclamar-una-parte-del-pago-extraordinario-y-adicional-mes-de-diciembre-de-2012\/\" \/>\n<meta property=\"og:locale\" content=\"es_ES\" \/>\n<meta property=\"og:type\" content=\"article\" \/>\n<meta property=\"og:title\" content=\"Formulario de solicitud para reclamar una parte del pago extraordinario y adicional mes de diciembre de 2012 - COMT\" \/>\n<meta property=\"og:description\" content=\"El gobierno catal\u00e1n anunci\u00f3 la semana los trabajadores p\u00fablicos y centros privados que no sean leves este mes pasada de marzo los primeros 44 d\u00edas de pago extraordinario del mes de diciembre de 2012. El personal que actualmente trabaja en la administraci\u00f3n del gobierno debe solicitar el pago de esta cantidad a trav\u00e9s de esta solicitud, en un plazo de tres meses desde la fecha de publicaci\u00f3n de la resoluci\u00f3n de la Generalitat de Catalunya, es decir, hasta el 10 de junio de 2015. En caso de fallecimiento de la persona que pag\u00f3 los servicios para la administraci\u00f3n en la fecha del devengo paga extraordinaria y de conformidad con la legislaci\u00f3n civil de aplicaci\u00f3n, ser\u00e1n que sus herederos son leg\u00edtimas si van a presentar esta solicitud.\" \/>\n<meta property=\"og:url\" content=\"https:\/\/comt.cat\/formulario-de-solicitud-para-reclamar-una-parte-del-pago-extraordinario-y-adicional-mes-de-diciembre-de-2012\/\" \/>\n<meta property=\"og:site_name\" content=\"COMT\" \/>\n<meta property=\"article:published_time\" content=\"2015-03-16T14:00:58+00:00\" \/>\n<meta name=\"author\" content=\"comt\" \/>\n<meta name=\"twitter:card\" content=\"summary_large_image\" \/>\n<meta name=\"twitter:label1\" content=\"Escrito por\" \/>\n\t<meta name=\"twitter:data1\" content=\"comt\" \/>\n\t<meta name=\"twitter:label2\" content=\"Tiempo de lectura\" \/>\n\t<meta name=\"twitter:data2\" content=\"1 minuto\" \/>\n<script type=\"application\/ld+json\" class=\"yoast-schema-graph\">{\"@context\":\"https:\\\/\\\/schema.org\",\"@graph\":[{\"@type\":\"Article\",\"@id\":\"https:\\\/\\\/comt.cat\\\/formulario-de-solicitud-para-reclamar-una-parte-del-pago-extraordinario-y-adicional-mes-de-diciembre-de-2012\\\/#article\",\"isPartOf\":{\"@id\":\"https:\\\/\\\/comt.cat\\\/formulario-de-solicitud-para-reclamar-una-parte-del-pago-extraordinario-y-adicional-mes-de-diciembre-de-2012\\\/\"},\"author\":{\"name\":\"comt\",\"@id\":\"https:\\\/\\\/comt.cat\\\/#\\\/schema\\\/person\\\/e9c884d9eb13a1fd7c15c3899c93dbee\"},\"headline\":\"Formulario de solicitud para reclamar una parte del pago extraordinario y adicional mes de diciembre de 2012\",\"datePublished\":\"2015-03-16T14:00:58+00:00\",\"mainEntityOfPage\":{\"@id\":\"https:\\\/\\\/comt.cat\\\/formulario-de-solicitud-para-reclamar-una-parte-del-pago-extraordinario-y-adicional-mes-de-diciembre-de-2012\\\/\"},\"wordCount\":150,\"commentCount\":0,\"articleSection\":[\"Not\u00edcies del COMT\"],\"inLanguage\":\"es\",\"potentialAction\":[{\"@type\":\"CommentAction\",\"name\":\"Comment\",\"target\":[\"https:\\\/\\\/comt.cat\\\/formulario-de-solicitud-para-reclamar-una-parte-del-pago-extraordinario-y-adicional-mes-de-diciembre-de-2012\\\/#respond\"]}]},{\"@type\":\"WebPage\",\"@id\":\"https:\\\/\\\/comt.cat\\\/formulario-de-solicitud-para-reclamar-una-parte-del-pago-extraordinario-y-adicional-mes-de-diciembre-de-2012\\\/\",\"url\":\"https:\\\/\\\/comt.cat\\\/formulario-de-solicitud-para-reclamar-una-parte-del-pago-extraordinario-y-adicional-mes-de-diciembre-de-2012\\\/\",\"name\":\"Formulario de solicitud para reclamar una parte del pago extraordinario y adicional mes de diciembre de 2012 - COMT\",\"isPartOf\":{\"@id\":\"https:\\\/\\\/comt.cat\\\/#website\"},\"datePublished\":\"2015-03-16T14:00:58+00:00\",\"author\":{\"@id\":\"https:\\\/\\\/comt.cat\\\/#\\\/schema\\\/person\\\/e9c884d9eb13a1fd7c15c3899c93dbee\"},\"breadcrumb\":{\"@id\":\"https:\\\/\\\/comt.cat\\\/formulario-de-solicitud-para-reclamar-una-parte-del-pago-extraordinario-y-adicional-mes-de-diciembre-de-2012\\\/#breadcrumb\"},\"inLanguage\":\"es\",\"potentialAction\":[{\"@type\":\"ReadAction\",\"target\":[\"https:\\\/\\\/comt.cat\\\/formulario-de-solicitud-para-reclamar-una-parte-del-pago-extraordinario-y-adicional-mes-de-diciembre-de-2012\\\/\"]}]},{\"@type\":\"BreadcrumbList\",\"@id\":\"https:\\\/\\\/comt.cat\\\/formulario-de-solicitud-para-reclamar-una-parte-del-pago-extraordinario-y-adicional-mes-de-diciembre-de-2012\\\/#breadcrumb\",\"itemListElement\":[{\"@type\":\"ListItem\",\"position\":1,\"name\":\"Home\",\"item\":\"https:\\\/\\\/comt.cat\\\/es\\\/\"},{\"@type\":\"ListItem\",\"position\":2,\"name\":\"Formulario de solicitud para reclamar una parte del pago extraordinario y adicional mes de diciembre de 2012\"}]},{\"@type\":\"WebSite\",\"@id\":\"https:\\\/\\\/comt.cat\\\/#website\",\"url\":\"https:\\\/\\\/comt.cat\\\/\",\"name\":\"COMT\",\"description\":\"Col\u00b7legi de Metges de Tarragona\",\"potentialAction\":[{\"@type\":\"SearchAction\",\"target\":{\"@type\":\"EntryPoint\",\"urlTemplate\":\"https:\\\/\\\/comt.cat\\\/?s={search_term_string}\"},\"query-input\":{\"@type\":\"PropertyValueSpecification\",\"valueRequired\":true,\"valueName\":\"search_term_string\"}}],\"inLanguage\":\"es\"},{\"@type\":\"Person\",\"@id\":\"https:\\\/\\\/comt.cat\\\/#\\\/schema\\\/person\\\/e9c884d9eb13a1fd7c15c3899c93dbee\",\"name\":\"comt\",\"image\":{\"@type\":\"ImageObject\",\"inLanguage\":\"es\",\"@id\":\"https:\\\/\\\/secure.gravatar.com\\\/avatar\\\/4973b6e675aecb45ab4d3cc8daea28d3f2f37d475c99290bc0b7e7fcc73af7be?s=96&d=mm&r=g\",\"url\":\"https:\\\/\\\/secure.gravatar.com\\\/avatar\\\/4973b6e675aecb45ab4d3cc8daea28d3f2f37d475c99290bc0b7e7fcc73af7be?s=96&d=mm&r=g\",\"contentUrl\":\"https:\\\/\\\/secure.gravatar.com\\\/avatar\\\/4973b6e675aecb45ab4d3cc8daea28d3f2f37d475c99290bc0b7e7fcc73af7be?s=96&d=mm&r=g\",\"caption\":\"comt\"},\"url\":\"https:\\\/\\\/comt.cat\\\/es\\\/author\\\/comt\\\/\"}]}<\/script>\n<!-- \/ Yoast SEO plugin. -->","yoast_head_json":{"title":"Formulario de solicitud para reclamar una parte del pago extraordinario y adicional mes de diciembre de 2012 - COMT","robots":{"index":"index","follow":"follow","max-snippet":"max-snippet:-1","max-image-preview":"max-image-preview:large","max-video-preview":"max-video-preview:-1"},"canonical":"https:\/\/comt.cat\/formulario-de-solicitud-para-reclamar-una-parte-del-pago-extraordinario-y-adicional-mes-de-diciembre-de-2012\/","og_locale":"es_ES","og_type":"article","og_title":"Formulario de solicitud para reclamar una parte del pago extraordinario y adicional mes de diciembre de 2012 - COMT","og_description":"El gobierno catal\u00e1n anunci\u00f3 la semana los trabajadores p\u00fablicos y centros privados que no sean leves este mes pasada de marzo los primeros 44 d\u00edas de pago extraordinario del mes de diciembre de 2012. El personal que actualmente trabaja en la administraci\u00f3n del gobierno debe solicitar el pago de esta cantidad a trav\u00e9s de esta solicitud, en un plazo de tres meses desde la fecha de publicaci\u00f3n de la resoluci\u00f3n de la Generalitat de Catalunya, es decir, hasta el 10 de junio de 2015. En caso de fallecimiento de la persona que pag\u00f3 los servicios para la administraci\u00f3n en la fecha del devengo paga extraordinaria y de conformidad con la legislaci\u00f3n civil de aplicaci\u00f3n, ser\u00e1n que sus herederos son leg\u00edtimas si van a presentar esta solicitud.","og_url":"https:\/\/comt.cat\/formulario-de-solicitud-para-reclamar-una-parte-del-pago-extraordinario-y-adicional-mes-de-diciembre-de-2012\/","og_site_name":"COMT","article_published_time":"2015-03-16T14:00:58+00:00","author":"comt","twitter_card":"summary_large_image","twitter_misc":{"Escrito por":"comt","Tiempo de lectura":"1 minuto"},"schema":{"@context":"https:\/\/schema.org","@graph":[{"@type":"Article","@id":"https:\/\/comt.cat\/formulario-de-solicitud-para-reclamar-una-parte-del-pago-extraordinario-y-adicional-mes-de-diciembre-de-2012\/#article","isPartOf":{"@id":"https:\/\/comt.cat\/formulario-de-solicitud-para-reclamar-una-parte-del-pago-extraordinario-y-adicional-mes-de-diciembre-de-2012\/"},"author":{"name":"comt","@id":"https:\/\/comt.cat\/#\/schema\/person\/e9c884d9eb13a1fd7c15c3899c93dbee"},"headline":"Formulario de solicitud para reclamar una parte del pago extraordinario y adicional mes de diciembre de 2012","datePublished":"2015-03-16T14:00:58+00:00","mainEntityOfPage":{"@id":"https:\/\/comt.cat\/formulario-de-solicitud-para-reclamar-una-parte-del-pago-extraordinario-y-adicional-mes-de-diciembre-de-2012\/"},"wordCount":150,"commentCount":0,"articleSection":["Not\u00edcies del COMT"],"inLanguage":"es","potentialAction":[{"@type":"CommentAction","name":"Comment","target":["https:\/\/comt.cat\/formulario-de-solicitud-para-reclamar-una-parte-del-pago-extraordinario-y-adicional-mes-de-diciembre-de-2012\/#respond"]}]},{"@type":"WebPage","@id":"https:\/\/comt.cat\/formulario-de-solicitud-para-reclamar-una-parte-del-pago-extraordinario-y-adicional-mes-de-diciembre-de-2012\/","url":"https:\/\/comt.cat\/formulario-de-solicitud-para-reclamar-una-parte-del-pago-extraordinario-y-adicional-mes-de-diciembre-de-2012\/","name":"Formulario de solicitud para reclamar una parte del pago extraordinario y adicional mes de diciembre de 2012 - COMT","isPartOf":{"@id":"https:\/\/comt.cat\/#website"},"datePublished":"2015-03-16T14:00:58+00:00","author":{"@id":"https:\/\/comt.cat\/#\/schema\/person\/e9c884d9eb13a1fd7c15c3899c93dbee"},"breadcrumb":{"@id":"https:\/\/comt.cat\/formulario-de-solicitud-para-reclamar-una-parte-del-pago-extraordinario-y-adicional-mes-de-diciembre-de-2012\/#breadcrumb"},"inLanguage":"es","potentialAction":[{"@type":"ReadAction","target":["https:\/\/comt.cat\/formulario-de-solicitud-para-reclamar-una-parte-del-pago-extraordinario-y-adicional-mes-de-diciembre-de-2012\/"]}]},{"@type":"BreadcrumbList","@id":"https:\/\/comt.cat\/formulario-de-solicitud-para-reclamar-una-parte-del-pago-extraordinario-y-adicional-mes-de-diciembre-de-2012\/#breadcrumb","itemListElement":[{"@type":"ListItem","position":1,"name":"Home","item":"https:\/\/comt.cat\/es\/"},{"@type":"ListItem","position":2,"name":"Formulario de solicitud para reclamar una parte del pago extraordinario y adicional mes de diciembre de 2012"}]},{"@type":"WebSite","@id":"https:\/\/comt.cat\/#website","url":"https:\/\/comt.cat\/","name":"COMT","description":"Col\u00b7legi de Metges de Tarragona","potentialAction":[{"@type":"SearchAction","target":{"@type":"EntryPoint","urlTemplate":"https:\/\/comt.cat\/?s={search_term_string}"},"query-input":{"@type":"PropertyValueSpecification","valueRequired":true,"valueName":"search_term_string"}}],"inLanguage":"es"},{"@type":"Person","@id":"https:\/\/comt.cat\/#\/schema\/person\/e9c884d9eb13a1fd7c15c3899c93dbee","name":"comt","image":{"@type":"ImageObject","inLanguage":"es","@id":"https:\/\/secure.gravatar.com\/avatar\/4973b6e675aecb45ab4d3cc8daea28d3f2f37d475c99290bc0b7e7fcc73af7be?s=96&d=mm&r=g","url":"https:\/\/secure.gravatar.com\/avatar\/4973b6e675aecb45ab4d3cc8daea28d3f2f37d475c99290bc0b7e7fcc73af7be?s=96&d=mm&r=g","contentUrl":"https:\/\/secure.gravatar.com\/avatar\/4973b6e675aecb45ab4d3cc8daea28d3f2f37d475c99290bc0b7e7fcc73af7be?s=96&d=mm&r=g","caption":"comt"},"url":"https:\/\/comt.cat\/es\/author\/comt\/"}]}},"_links":{"self":[{"href":"https:\/\/comt.cat\/es\/wp-json\/wp\/v2\/posts\/515","targetHints":{"allow":["GET"]}}],"collection":[{"href":"https:\/\/comt.cat\/es\/wp-json\/wp\/v2\/posts"}],"about":[{"href":"https:\/\/comt.cat\/es\/wp-json\/wp\/v2\/types\/post"}],"author":[{"embeddable":true,"href":"https:\/\/comt.cat\/es\/wp-json\/wp\/v2\/users\/1"}],"replies":[{"embeddable":true,"href":"https:\/\/comt.cat\/es\/wp-json\/wp\/v2\/comments?post=515"}],"version-history":[{"count":0,"href":"https:\/\/comt.cat\/es\/wp-json\/wp\/v2\/posts\/515\/revisions"}],"wp:attachment":[{"href":"https:\/\/comt.cat\/es\/wp-json\/wp\/v2\/media?parent=515"}],"wp:term":[{"taxonomy":"category","embeddable":true,"href":"https:\/\/comt.cat\/es\/wp-json\/wp\/v2\/categories?post=515"},{"taxonomy":"post_tag","embeddable":true,"href":"https:\/\/comt.cat\/es\/wp-json\/wp\/v2\/tags?post=515"}],"curies":[{"name":"wp","href":"https:\/\/api.w.org\/{rel}","templated":true}]}}