{"id":6336,"date":"2019-07-16T14:58:00","date_gmt":"2019-07-16T14:58:00","guid":{"rendered":"http:\/\/comt.local\/sense-categoria\/movil\/"},"modified":"2019-07-16T14:58:00","modified_gmt":"2019-07-16T14:58:00","slug":"movil","status":"publish","type":"post","link":"https:\/\/comt.cat\/es\/movil\/","title":{"rendered":"M\u00f3vil"},"content":{"rendered":"<p>{loadposition slide_es_app}<\/p>\n<p><!--div style=\"margin-bottom: -20px; border: 1px solid #842C3D; -webkit-box-shadow: 0px 0px 10px 0px rgba(132,44,61,1); -moz-box-shadow: 0px 0px 10px 0px rgba(132,44,61,1); box-shadow: 0px 0px 10px 0px rgba(132,44,61,1);\"><a class=\"ecomt\" href=\"es\/actualidad-y-publicaciones\/elecciones-2020\"><img decoding=\"async\" src=\"\/wp-content\/uploads\/joomla_images\/icones\/elecciones2020_720x180.png\" width=\"100%\" height=\"auto\" \/><\/a><\/div-->\n<p>\u00a0<\/p>\n<hr \/>\n<div style=\"width: 50%; float: left;\"><a style=\"text-decoration: none;\" title=\"Ofertas de trabajo\" href=\"https:\/\/www.comt.cat\/es\/app\/bolsa-trabajo\"><img loading=\"lazy\" decoding=\"async\" class=\"img-responsive\" style=\"margin: 0 auto;\" src=\"\/wp-content\/uploads\/joomla_images\/icones\/treball120x120.png\" alt=\"Treball\" width=\"120\" height=\"120\" \/><\/a><\/p>\n<h3 style=\"text-align: center;\"><a style=\"text-decoration: none;\" title=\"Ofertas de trabajo\" href=\"https:\/\/www.comt.cat\/es\/app\/bolsa-trabajo\">Trabajo<\/a><\/h3>\n<\/div>\n<div style=\"width: 50%; float: right;\"><a style=\"text-decoration: none;\" title=\"Oferta de formaci\u00f3n\" href=\"https:\/\/www.comt.cat\/es\/app\/formacion\"><img loading=\"lazy\" decoding=\"async\" class=\"img-responsive\" style=\"margin: 0 auto;\" src=\"\/wp-content\/uploads\/joomla_images\/icones\/formacio120x120.png\" alt=\"Formaci\u00f3\" width=\"120\" height=\"120\" \/><\/a><\/p>\n<h3 style=\"text-align: center;\"><a style=\"text-decoration: none;\" title=\"Oferta de formaci\u00f3n\" href=\"https:\/\/www.comt.cat\/es\/app\/formacion\">Formaci\u00f3n<\/a><\/h3>\n<\/div>\n<p>\u00a0<\/p>\n<hr \/>\n<p><a href=\"https:\/\/www.comt.cat\/es\/app\/noticias\/\" rel=\"alternate\">{loadposition ultimas_noticias_app}<\/a><\/p>\n<hr \/>\n<div class=\"color-brand-danger\" style=\"width: 100%; min-height: 100px; position: relative; background: #cc0000; color: #fff; padding: 0px 10px 0px 10px; margin-bottom: -20px; -webkit-box-shadow: 0px 0px 10px 0px rgba(139,59,112,1); -moz-box-shadow: 0px 0px 10px 0px rgba(139,59,112,1); box-shadow: 0px 0px 10px 0px rgba(139,59,112,1);\">\n<dl style=\"padding: 10px;\">\n<dt>*Aviso importante<\/dt>\n<dd><a style=\"color: white;\" href=\"es\/app\/noticias\/7696-el-colegio-oficial-de-medicos-de-tarragona-suspende-de-forma-temporal-todos-sus-actividades-programadas-app\">El Colegio Oficial de M\u00e9dicos de Tarragona suspende de forma temporal todas sus actividades <strong>presenciales<\/strong> programadas.<br \/><strong>M\u00e1s informaci\u00f3n&#8230;<\/strong><\/a><\/dd>\n<\/dl>\n<\/div>\n<p style=\"margin: 40px 0 40px 0;\">{loadposition agenda_app_es}<\/p>\n<p><!--p style=\"margin: 40px 0 40px 0;\">{ loadmodule mod_iccalendar }<\/p-->\n<hr \/>\n<p><!--\n\n<p>{ loadmodule mod_ic_event_list }<\/p>\n\n--><\/p>\n<p><a href=\"https:\/\/www.comt.cat\/es\/app\/bolsa-trabajo\" rel=\"alternate\">{loadposition bolsa_trabajo_app}<\/a><\/p>\n<hr \/>\n<p><a href=\"https:\/\/www.comt.cat\/es\/app\/formacion\" rel=\"alternate\">{loadposition formacio_app}<\/a><\/p>\n","protected":false},"excerpt":{"rendered":"<p>{loadposition slide_es_app}<\/p>\n<p><!--div style=\"margin-bottom: -20px; border: 1px solid #842C3D; -webkit-box-shadow: 0px 0px 10px 0px rgba(132,44,61,1); -moz-box-shadow: 0px 0px 10px 0px rgba(132,44,61,1); box-shadow: 0px 0px 10px 0px rgba(132,44,61,1);\"><a class=\"ecomt\" href=\"es\/actualidad-y-publicaciones\/elecciones-2020\"><img decoding=\"async\" src=\"\/wp-content\/uploads\/joomla_images\/icones\/elecciones2020_720x180.png\" width=\"100%\" height=\"auto\" \/><\/a><\/div-->\n<p>\u00a0<\/p>\n<hr \/>\n<div style=\"width: 50%; float: left;\"><a style=\"text-decoration: none;\" title=\"Ofertas de trabajo\" href=\"https:\/\/www.comt.cat\/es\/app\/bolsa-trabajo\"><img loading=\"lazy\" decoding=\"async\" class=\"img-responsive\" style=\"margin: 0 auto;\" src=\"\/wp-content\/uploads\/joomla_images\/icones\/treball120x120.png\" alt=\"Treball\" width=\"120\" height=\"120\" \/><\/a><\/p>\n<h3 style=\"text-align: center;\"><a style=\"text-decoration: none;\" title=\"Ofertas de trabajo\" href=\"https:\/\/www.comt.cat\/es\/app\/bolsa-trabajo\">Trabajo<\/a><\/h3>\n<\/div>\n<div style=\"width: 50%; float: right;\"><a style=\"text-decoration: none;\" title=\"Oferta de formaci\u00f3n\" href=\"https:\/\/www.comt.cat\/es\/app\/formacion\"><img loading=\"lazy\" decoding=\"async\" class=\"img-responsive\" style=\"margin: 0 auto;\" src=\"\/wp-content\/uploads\/joomla_images\/icones\/formacio120x120.png\" alt=\"Formaci\u00f3\" width=\"120\" height=\"120\" \/><\/a><\/p>\n<h3 style=\"text-align: center;\"><a style=\"text-decoration: none;\" title=\"Oferta de formaci\u00f3n\" href=\"https:\/\/www.comt.cat\/es\/app\/formacion\">Formaci\u00f3n<\/a><\/h3>\n<\/div>\n<p>\u00a0<\/p>\n<hr \/>\n<p><a href=\"https:\/\/www.comt.cat\/es\/app\/noticias\/\" rel=\"alternate\">{loadposition ultimas_noticias_app}<\/a><\/p>\n<hr \/>\n<div class=\"color-brand-danger\" style=\"width: 100%; min-height: 100px; position: relative; background: #cc0000; color: #fff; padding: 0px 10px 0px 10px; margin-bottom: -20px; -webkit-box-shadow: 0px 0px 10px 0px rgba(139,59,112,1); -moz-box-shadow: 0px 0px 10px 0px rgba(139,59,112,1); box-shadow: 0px 0px 10px 0px rgba(139,59,112,1);\">\n<dl style=\"padding: 10px;\">\n<dt>*Aviso importante<\/dt>\n<dd><a style=\"color: white;\" href=\"es\/app\/noticias\/7696-el-colegio-oficial-de-medicos-de-tarragona-suspende-de-forma-temporal-todos-sus-actividades-programadas-app\">El Colegio Oficial de M\u00e9dicos de Tarragona suspende de forma temporal todas sus actividades <strong>presenciales<\/strong> programadas.<br \/><strong>M\u00e1s informaci\u00f3n&#8230;<\/strong><\/a><\/dd>\n<\/dl>\n<\/div>\n<p style=\"margin: 40px 0 40px 0;\">{loadposition agenda_app_es}<\/p>\n<p><!--p style=\"margin: 40px 0 40px 0;\">{ loadmodule mod_iccalendar }<\/p-->\n<hr \/>\n<p><!--\n\n<p>{ loadmodule mod_ic_event_list }<\/p>\n\n--><\/p>\n<p><a href=\"https:\/\/www.comt.cat\/es\/app\/bolsa-trabajo\" rel=\"alternate\">{loadposition bolsa_trabajo_app}<\/a><\/p>\n<hr \/>\n<p><a href=\"https:\/\/www.comt.cat\/es\/app\/formacion\" rel=\"alternate\">{loadposition formacio_app}<\/a><\/p>\n","protected":false},"author":1,"featured_media":0,"comment_status":"open","ping_status":"open","sticky":false,"template":"","format":"standard","meta":{"footnotes":""},"categories":[418],"tags":[],"class_list":["post-6336","post","type-post","status-publish","format-standard","hentry","category-app-movil"],"yoast_head":"<!-- This site is optimized with the Yoast SEO plugin v27.5 - https:\/\/yoast.com\/product\/yoast-seo-wordpress\/ -->\n<title>M\u00f3vil - COMT<\/title>\n<meta name=\"robots\" content=\"index, follow, max-snippet:-1, max-image-preview:large, max-video-preview:-1\" \/>\n<link rel=\"canonical\" href=\"https:\/\/comt.cat\/es\/movil\/\" \/>\n<meta property=\"og:locale\" content=\"es_ES\" \/>\n<meta property=\"og:type\" content=\"article\" \/>\n<meta property=\"og:title\" content=\"M\u00f3vil - COMT\" \/>\n<meta property=\"og:description\" content=\"{loadposition slide_es_app}  \u00a0   Trabajo   Formaci\u00f3n  \u00a0  {loadposition ultimas_noticias_app}    *Aviso importante El Colegio Oficial de M\u00e9dicos de Tarragona suspende de forma temporal todas sus actividades presenciales programadas.M\u00e1s informaci\u00f3n...   {loadposition agenda_app_es}  {loadposition bolsa_trabajo_app}  {loadposition formacio_app}\" \/>\n<meta property=\"og:url\" content=\"https:\/\/comt.cat\/es\/movil\/\" \/>\n<meta property=\"og:site_name\" content=\"COMT\" \/>\n<meta property=\"article:published_time\" content=\"2019-07-16T14:58:00+00:00\" \/>\n<meta name=\"author\" content=\"comt\" \/>\n<meta name=\"twitter:card\" content=\"summary_large_image\" \/>\n<meta name=\"twitter:label1\" content=\"Escrito por\" \/>\n\t<meta name=\"twitter:data1\" content=\"comt\" \/>\n<script type=\"application\/ld+json\" class=\"yoast-schema-graph\">{\"@context\":\"https:\\\/\\\/schema.org\",\"@graph\":[{\"@type\":\"Article\",\"@id\":\"https:\\\/\\\/comt.cat\\\/es\\\/movil\\\/#article\",\"isPartOf\":{\"@id\":\"https:\\\/\\\/comt.cat\\\/es\\\/movil\\\/\"},\"author\":{\"name\":\"comt\",\"@id\":\"https:\\\/\\\/comt.cat\\\/#\\\/schema\\\/person\\\/e9c884d9eb13a1fd7c15c3899c93dbee\"},\"headline\":\"M\u00f3vil\",\"datePublished\":\"2019-07-16T14:58:00+00:00\",\"mainEntityOfPage\":{\"@id\":\"https:\\\/\\\/comt.cat\\\/es\\\/movil\\\/\"},\"wordCount\":47,\"commentCount\":0,\"articleSection\":[\"App M\u00f3vil\"],\"inLanguage\":\"es\",\"potentialAction\":[{\"@type\":\"CommentAction\",\"name\":\"Comment\",\"target\":[\"https:\\\/\\\/comt.cat\\\/es\\\/movil\\\/#respond\"]}]},{\"@type\":\"WebPage\",\"@id\":\"https:\\\/\\\/comt.cat\\\/es\\\/movil\\\/\",\"url\":\"https:\\\/\\\/comt.cat\\\/es\\\/movil\\\/\",\"name\":\"M\u00f3vil - COMT\",\"isPartOf\":{\"@id\":\"https:\\\/\\\/comt.cat\\\/#website\"},\"datePublished\":\"2019-07-16T14:58:00+00:00\",\"author\":{\"@id\":\"https:\\\/\\\/comt.cat\\\/#\\\/schema\\\/person\\\/e9c884d9eb13a1fd7c15c3899c93dbee\"},\"breadcrumb\":{\"@id\":\"https:\\\/\\\/comt.cat\\\/es\\\/movil\\\/#breadcrumb\"},\"inLanguage\":\"es\",\"potentialAction\":[{\"@type\":\"ReadAction\",\"target\":[\"https:\\\/\\\/comt.cat\\\/es\\\/movil\\\/\"]}]},{\"@type\":\"BreadcrumbList\",\"@id\":\"https:\\\/\\\/comt.cat\\\/es\\\/movil\\\/#breadcrumb\",\"itemListElement\":[{\"@type\":\"ListItem\",\"position\":1,\"name\":\"Home\",\"item\":\"https:\\\/\\\/comt.cat\\\/es\\\/\"},{\"@type\":\"ListItem\",\"position\":2,\"name\":\"M\u00f3vil\"}]},{\"@type\":\"WebSite\",\"@id\":\"https:\\\/\\\/comt.cat\\\/#website\",\"url\":\"https:\\\/\\\/comt.cat\\\/\",\"name\":\"COMT\",\"description\":\"Col\u00b7legi de Metges de Tarragona\",\"potentialAction\":[{\"@type\":\"SearchAction\",\"target\":{\"@type\":\"EntryPoint\",\"urlTemplate\":\"https:\\\/\\\/comt.cat\\\/?s={search_term_string}\"},\"query-input\":{\"@type\":\"PropertyValueSpecification\",\"valueRequired\":true,\"valueName\":\"search_term_string\"}}],\"inLanguage\":\"es\"},{\"@type\":\"Person\",\"@id\":\"https:\\\/\\\/comt.cat\\\/#\\\/schema\\\/person\\\/e9c884d9eb13a1fd7c15c3899c93dbee\",\"name\":\"comt\",\"image\":{\"@type\":\"ImageObject\",\"inLanguage\":\"es\",\"@id\":\"https:\\\/\\\/secure.gravatar.com\\\/avatar\\\/4973b6e675aecb45ab4d3cc8daea28d3f2f37d475c99290bc0b7e7fcc73af7be?s=96&d=mm&r=g\",\"url\":\"https:\\\/\\\/secure.gravatar.com\\\/avatar\\\/4973b6e675aecb45ab4d3cc8daea28d3f2f37d475c99290bc0b7e7fcc73af7be?s=96&d=mm&r=g\",\"contentUrl\":\"https:\\\/\\\/secure.gravatar.com\\\/avatar\\\/4973b6e675aecb45ab4d3cc8daea28d3f2f37d475c99290bc0b7e7fcc73af7be?s=96&d=mm&r=g\",\"caption\":\"comt\"},\"url\":\"https:\\\/\\\/comt.cat\\\/es\\\/author\\\/comt\\\/\"}]}<\/script>\n<!-- \/ Yoast SEO plugin. -->","yoast_head_json":{"title":"M\u00f3vil - COMT","robots":{"index":"index","follow":"follow","max-snippet":"max-snippet:-1","max-image-preview":"max-image-preview:large","max-video-preview":"max-video-preview:-1"},"canonical":"https:\/\/comt.cat\/es\/movil\/","og_locale":"es_ES","og_type":"article","og_title":"M\u00f3vil - COMT","og_description":"{loadposition slide_es_app}  \u00a0   Trabajo   Formaci\u00f3n  \u00a0  {loadposition ultimas_noticias_app}    *Aviso importante El Colegio Oficial de M\u00e9dicos de Tarragona suspende de forma temporal todas sus actividades presenciales programadas.M\u00e1s informaci\u00f3n...   {loadposition agenda_app_es}  {loadposition bolsa_trabajo_app}  {loadposition formacio_app}","og_url":"https:\/\/comt.cat\/es\/movil\/","og_site_name":"COMT","article_published_time":"2019-07-16T14:58:00+00:00","author":"comt","twitter_card":"summary_large_image","twitter_misc":{"Escrito por":"comt"},"schema":{"@context":"https:\/\/schema.org","@graph":[{"@type":"Article","@id":"https:\/\/comt.cat\/es\/movil\/#article","isPartOf":{"@id":"https:\/\/comt.cat\/es\/movil\/"},"author":{"name":"comt","@id":"https:\/\/comt.cat\/#\/schema\/person\/e9c884d9eb13a1fd7c15c3899c93dbee"},"headline":"M\u00f3vil","datePublished":"2019-07-16T14:58:00+00:00","mainEntityOfPage":{"@id":"https:\/\/comt.cat\/es\/movil\/"},"wordCount":47,"commentCount":0,"articleSection":["App M\u00f3vil"],"inLanguage":"es","potentialAction":[{"@type":"CommentAction","name":"Comment","target":["https:\/\/comt.cat\/es\/movil\/#respond"]}]},{"@type":"WebPage","@id":"https:\/\/comt.cat\/es\/movil\/","url":"https:\/\/comt.cat\/es\/movil\/","name":"M\u00f3vil - COMT","isPartOf":{"@id":"https:\/\/comt.cat\/#website"},"datePublished":"2019-07-16T14:58:00+00:00","author":{"@id":"https:\/\/comt.cat\/#\/schema\/person\/e9c884d9eb13a1fd7c15c3899c93dbee"},"breadcrumb":{"@id":"https:\/\/comt.cat\/es\/movil\/#breadcrumb"},"inLanguage":"es","potentialAction":[{"@type":"ReadAction","target":["https:\/\/comt.cat\/es\/movil\/"]}]},{"@type":"BreadcrumbList","@id":"https:\/\/comt.cat\/es\/movil\/#breadcrumb","itemListElement":[{"@type":"ListItem","position":1,"name":"Home","item":"https:\/\/comt.cat\/es\/"},{"@type":"ListItem","position":2,"name":"M\u00f3vil"}]},{"@type":"WebSite","@id":"https:\/\/comt.cat\/#website","url":"https:\/\/comt.cat\/","name":"COMT","description":"Col\u00b7legi de Metges de Tarragona","potentialAction":[{"@type":"SearchAction","target":{"@type":"EntryPoint","urlTemplate":"https:\/\/comt.cat\/?s={search_term_string}"},"query-input":{"@type":"PropertyValueSpecification","valueRequired":true,"valueName":"search_term_string"}}],"inLanguage":"es"},{"@type":"Person","@id":"https:\/\/comt.cat\/#\/schema\/person\/e9c884d9eb13a1fd7c15c3899c93dbee","name":"comt","image":{"@type":"ImageObject","inLanguage":"es","@id":"https:\/\/secure.gravatar.com\/avatar\/4973b6e675aecb45ab4d3cc8daea28d3f2f37d475c99290bc0b7e7fcc73af7be?s=96&d=mm&r=g","url":"https:\/\/secure.gravatar.com\/avatar\/4973b6e675aecb45ab4d3cc8daea28d3f2f37d475c99290bc0b7e7fcc73af7be?s=96&d=mm&r=g","contentUrl":"https:\/\/secure.gravatar.com\/avatar\/4973b6e675aecb45ab4d3cc8daea28d3f2f37d475c99290bc0b7e7fcc73af7be?s=96&d=mm&r=g","caption":"comt"},"url":"https:\/\/comt.cat\/es\/author\/comt\/"}]}},"_links":{"self":[{"href":"https:\/\/comt.cat\/es\/wp-json\/wp\/v2\/posts\/6336","targetHints":{"allow":["GET"]}}],"collection":[{"href":"https:\/\/comt.cat\/es\/wp-json\/wp\/v2\/posts"}],"about":[{"href":"https:\/\/comt.cat\/es\/wp-json\/wp\/v2\/types\/post"}],"author":[{"embeddable":true,"href":"https:\/\/comt.cat\/es\/wp-json\/wp\/v2\/users\/1"}],"replies":[{"embeddable":true,"href":"https:\/\/comt.cat\/es\/wp-json\/wp\/v2\/comments?post=6336"}],"version-history":[{"count":0,"href":"https:\/\/comt.cat\/es\/wp-json\/wp\/v2\/posts\/6336\/revisions"}],"wp:attachment":[{"href":"https:\/\/comt.cat\/es\/wp-json\/wp\/v2\/media?parent=6336"}],"wp:term":[{"taxonomy":"category","embeddable":true,"href":"https:\/\/comt.cat\/es\/wp-json\/wp\/v2\/categories?post=6336"},{"taxonomy":"post_tag","embeddable":true,"href":"https:\/\/comt.cat\/es\/wp-json\/wp\/v2\/tags?post=6336"}],"curies":[{"name":"wp","href":"https:\/\/api.w.org\/{rel}","templated":true}]}}