{"id":661,"date":"2015-03-04T13:05:00","date_gmt":"2015-03-04T13:05:00","guid":{"rendered":"http:\/\/comt.local\/sense-categoria\/el-colegio-de-medicos-entrega-una-veintena-de-titulos-honorificos-a-los-profesionales-del-tarragones-y-el-baix-camp\/"},"modified":"2015-03-04T13:05:00","modified_gmt":"2015-03-04T13:05:00","slug":"el-colegio-de-medicos-entrega-una-veintena-de-titulos-honorificos-a-los-profesionales-del-tarragones-y-el-baix-camp","status":"publish","type":"post","link":"https:\/\/comt.cat\/es\/el-colegio-de-medicos-entrega-una-veintena-de-titulos-honorificos-a-los-profesionales-del-tarragones-y-el-baix-camp\/","title":{"rendered":"El Colegio de M\u00e9dicos entrega una veintena de t\u00edtulos honor\u00edficos a los profesionales del Tarragon\u00e8s y el Baix Camp"},"content":{"rendered":"<h5>*Esta condici\u00f3n la reconoce el Consejo General de Colegios Oficiales de M\u00e9dicos de Espa\u00f1a al cumplir los 70 a\u00f1os de edad.<\/h5>\n<p><strong>Tarragona, 4 de Marzo de 2015.-<\/strong> El Colegio Oficial de M\u00e9dicos de Tarragona ha realizado esta ma\u00f1ana un acto para entregar los t\u00edtulos honor\u00edficos a la veintena de profesionales del Tarragon\u00e8s y el Baix Camp que cumplieron setenta a\u00f1os de edad durante el 2014. Esta condici\u00f3n la reconoce el Consejo General de Colegios Oficiales de M\u00e9dicos de Espa\u00f1a.<\/p>\n<p>El presidente del Colegio Oficial de M\u00e9dicos de Tarragona, Dr. Fernando Vizcarro, acompa\u00f1ado del director de los servicios territoriales de Salud en el Camp de Tarragona, Dr. Josep Mercad\u00e9 y del teniente de alcalde de trabajo, promoci\u00f3n econ\u00f3mica, proyectos y vivienda del Ayuntamiento de Tarragona, Xavier Tarr\u00e9s, han hecho entrega de los t\u00edtulos honor\u00edficos.<\/p>\n<p>Los m\u00e9dicos que han recibido esta distinci\u00f3n son:<\/p>\n<ul class=\"list-unstyled\">\n<li>Dr. Pedro Cabrero Castill\u00f3n<\/li>\n<li>Dr. Jes\u00fas Chamorro Cuesta<\/li>\n<li>Dr. Pedro Cobos Carb\u00f3<\/li>\n<li>Dr. Rigoberto Corrales Cruz<\/li>\n<li>Dr. Francisco Esqu\u00e9 Ruiz<\/li>\n<li>Dr. F\u00e9lix Furquet Garc\u00eda<\/li>\n<li>Dr. Pablo Galan Nieto<\/li>\n<li>Dr. Roberto Garc\u00eda Fern\u00e1ndez<\/li>\n<li>Dr. Rodrigo Miralles Marrero<\/li>\n<li>Dr. Francisco Javier Pastor Molas<\/li>\n<li>Dr. Domingo Ramos D\u00edaz<\/li>\n<li>Dr. Jos\u00e9 Lu\u00eds Rodr\u00edguez Miguel<\/li>\n<li>Dr. Francisco Romero Nogu\u00e9s<\/li>\n<li>Dr. Juan Antonio S\u00e1nchez Palau<\/li>\n<li>Dr. Carlos S\u00e1nchez-Pe\u00f1a Lampasona<\/li>\n<li>Dr. Jos\u00e9 Mar\u00eda Santamar\u00eda Puig<\/li>\n<li>Dra. Maria Aranzaz\u00fa Ugarriza Sagasta<\/li>\n<li>Dr. Gerardo Virg\u00f3s Rovira<\/li>\n<li>Dra. Concepci\u00f3n Zambrano Rioja<\/li>\n<li>Dr. Eugenio Zornoza Boy<\/li>\n<\/ul>\n","protected":false},"excerpt":{"rendered":"<h5>*Esta condici\u00f3n la reconoce el Consejo General de Colegios Oficiales de M\u00e9dicos de Espa\u00f1a al cumplir los 70 a\u00f1os de edad.<\/h5>\n<p><strong>Tarragona, 4 de Marzo de 2015.-<\/strong> El Colegio Oficial de M\u00e9dicos de Tarragona ha realizado esta ma\u00f1ana un acto para entregar los t\u00edtulos honor\u00edficos a la veintena de profesionales del Tarragon\u00e8s y el Baix Camp que cumplieron setenta a\u00f1os de edad durante el 2014. Esta condici\u00f3n la reconoce el Consejo General de Colegios Oficiales de M\u00e9dicos de Espa\u00f1a.<\/p>\n<p>El presidente del Colegio Oficial de M\u00e9dicos de Tarragona, Dr. Fernando Vizcarro, acompa\u00f1ado del director de los servicios territoriales de Salud en el Camp de Tarragona, Dr. Josep Mercad\u00e9 y del teniente de alcalde de trabajo, promoci\u00f3n econ\u00f3mica, proyectos y vivienda del Ayuntamiento de Tarragona, Xavier Tarr\u00e9s, han hecho entrega de los t\u00edtulos honor\u00edficos.<\/p>\n<p>Los m\u00e9dicos que han recibido esta distinci\u00f3n son:<\/p>\n<ul class=\"list-unstyled\">\n<li>Dr. Pedro Cabrero Castill\u00f3n<\/li>\n<li>Dr. Jes\u00fas Chamorro Cuesta<\/li>\n<li>Dr. Pedro Cobos Carb\u00f3<\/li>\n<li>Dr. Rigoberto Corrales Cruz<\/li>\n<li>Dr. Francisco Esqu\u00e9 Ruiz<\/li>\n<li>Dr. F\u00e9lix Furquet Garc\u00eda<\/li>\n<li>Dr. Pablo Galan Nieto<\/li>\n<li>Dr. Roberto Garc\u00eda Fern\u00e1ndez<\/li>\n<li>Dr. Rodrigo Miralles Marrero<\/li>\n<li>Dr. Francisco Javier Pastor Molas<\/li>\n<li>Dr. Domingo Ramos D\u00edaz<\/li>\n<li>Dr. Jos\u00e9 Lu\u00eds Rodr\u00edguez Miguel<\/li>\n<li>Dr. Francisco Romero Nogu\u00e9s<\/li>\n<li>Dr. Juan Antonio S\u00e1nchez Palau<\/li>\n<li>Dr. Carlos S\u00e1nchez-Pe\u00f1a Lampasona<\/li>\n<li>Dr. Jos\u00e9 Mar\u00eda Santamar\u00eda Puig<\/li>\n<li>Dra. Maria Aranzaz\u00fa Ugarriza Sagasta<\/li>\n<li>Dr. Gerardo Virg\u00f3s Rovira<\/li>\n<li>Dra. Concepci\u00f3n Zambrano Rioja<\/li>\n<li>Dr. Eugenio Zornoza Boy<\/li>\n<\/ul>\n","protected":false},"author":1,"featured_media":0,"comment_status":"open","ping_status":"open","sticky":false,"template":"","format":"standard","meta":{"footnotes":""},"categories":[289],"tags":[],"class_list":["post-661","post","type-post","status-publish","format-standard","hentry","category-comunicados-de-prensa"],"yoast_head":"<!-- This site is optimized with the Yoast SEO plugin v27.4 - https:\/\/yoast.com\/product\/yoast-seo-wordpress\/ -->\n<title>El Colegio de M\u00e9dicos entrega una veintena de t\u00edtulos honor\u00edficos a los profesionales del Tarragon\u00e8s y el Baix Camp - COMT<\/title>\n<meta name=\"robots\" content=\"index, follow, max-snippet:-1, max-image-preview:large, max-video-preview:-1\" \/>\n<link rel=\"canonical\" href=\"https:\/\/comt.cat\/es\/el-colegio-de-medicos-entrega-una-veintena-de-titulos-honorificos-a-los-profesionales-del-tarragones-y-el-baix-camp\/\" \/>\n<meta property=\"og:locale\" content=\"es_ES\" \/>\n<meta property=\"og:type\" content=\"article\" \/>\n<meta property=\"og:title\" content=\"El Colegio de M\u00e9dicos entrega una veintena de t\u00edtulos honor\u00edficos a los profesionales del Tarragon\u00e8s y el Baix Camp - COMT\" \/>\n<meta property=\"og:description\" content=\"*Esta condici\u00f3n la reconoce el Consejo General de Colegios Oficiales de M\u00e9dicos de Espa\u00f1a al cumplir los 70 a\u00f1os de edad. Tarragona, 4 de Marzo de 2015.- El Colegio Oficial de M\u00e9dicos de Tarragona ha realizado esta ma\u00f1ana un acto para entregar los t\u00edtulos honor\u00edficos a la veintena de profesionales del Tarragon\u00e8s y el Baix Camp que cumplieron setenta a\u00f1os de edad durante el 2014. Esta condici\u00f3n la reconoce el Consejo General de Colegios Oficiales de M\u00e9dicos de Espa\u00f1a.  El presidente del Colegio Oficial de M\u00e9dicos de Tarragona, Dr. Fernando Vizcarro, acompa\u00f1ado del director de los servicios territoriales de Salud en el Camp de Tarragona, Dr. Josep Mercad\u00e9 y del teniente de alcalde de trabajo, promoci\u00f3n econ\u00f3mica, proyectos y vivienda del Ayuntamiento de Tarragona, Xavier Tarr\u00e9s, han hecho entrega de los t\u00edtulos honor\u00edficos.  Los m\u00e9dicos que han recibido esta distinci\u00f3n son: Dr. Pedro Cabrero Castill\u00f3n Dr. Jes\u00fas Chamorro Cuesta Dr. Pedro Cobos Carb\u00f3 Dr. Rigoberto Corrales Cruz Dr. Francisco Esqu\u00e9 Ruiz Dr. F\u00e9lix Furquet Garc\u00eda Dr. Pablo Galan Nieto Dr. Roberto Garc\u00eda Fern\u00e1ndez Dr. Rodrigo Miralles Marrero Dr. Francisco Javier Pastor Molas Dr. Domingo Ramos D\u00edaz Dr. Jos\u00e9 Lu\u00eds Rodr\u00edguez Miguel Dr. Francisco Romero Nogu\u00e9s Dr. Juan Antonio S\u00e1nchez Palau Dr. Carlos S\u00e1nchez-Pe\u00f1a Lampasona Dr. Jos\u00e9 Mar\u00eda Santamar\u00eda Puig Dra. Maria Aranzaz\u00fa Ugarriza Sagasta Dr. Gerardo Virg\u00f3s Rovira Dra. Concepci\u00f3n Zambrano Rioja Dr. Eugenio Zornoza Boy\" \/>\n<meta property=\"og:url\" content=\"https:\/\/comt.cat\/es\/el-colegio-de-medicos-entrega-una-veintena-de-titulos-honorificos-a-los-profesionales-del-tarragones-y-el-baix-camp\/\" \/>\n<meta property=\"og:site_name\" content=\"COMT\" \/>\n<meta property=\"article:published_time\" content=\"2015-03-04T13:05:00+00:00\" \/>\n<meta name=\"author\" content=\"comt\" \/>\n<meta name=\"twitter:card\" content=\"summary_large_image\" \/>\n<meta name=\"twitter:label1\" content=\"Escrito por\" \/>\n\t<meta name=\"twitter:data1\" content=\"comt\" \/>\n\t<meta name=\"twitter:label2\" content=\"Tiempo de lectura\" \/>\n\t<meta name=\"twitter:data2\" content=\"1 minuto\" \/>\n<script type=\"application\/ld+json\" class=\"yoast-schema-graph\">{\"@context\":\"https:\\\/\\\/schema.org\",\"@graph\":[{\"@type\":\"Article\",\"@id\":\"https:\\\/\\\/comt.cat\\\/es\\\/el-colegio-de-medicos-entrega-una-veintena-de-titulos-honorificos-a-los-profesionales-del-tarragones-y-el-baix-camp\\\/#article\",\"isPartOf\":{\"@id\":\"https:\\\/\\\/comt.cat\\\/es\\\/el-colegio-de-medicos-entrega-una-veintena-de-titulos-honorificos-a-los-profesionales-del-tarragones-y-el-baix-camp\\\/\"},\"author\":{\"name\":\"comt\",\"@id\":\"https:\\\/\\\/comt.cat\\\/#\\\/schema\\\/person\\\/e9c884d9eb13a1fd7c15c3899c93dbee\"},\"headline\":\"El Colegio de M\u00e9dicos entrega una veintena de t\u00edtulos honor\u00edficos a los profesionales del Tarragon\u00e8s y el Baix Camp\",\"datePublished\":\"2015-03-04T13:05:00+00:00\",\"mainEntityOfPage\":{\"@id\":\"https:\\\/\\\/comt.cat\\\/es\\\/el-colegio-de-medicos-entrega-una-veintena-de-titulos-honorificos-a-los-profesionales-del-tarragones-y-el-baix-camp\\\/\"},\"wordCount\":285,\"commentCount\":0,\"articleSection\":[\"Comunicados de prensa\"],\"inLanguage\":\"es\",\"potentialAction\":[{\"@type\":\"CommentAction\",\"name\":\"Comment\",\"target\":[\"https:\\\/\\\/comt.cat\\\/es\\\/el-colegio-de-medicos-entrega-una-veintena-de-titulos-honorificos-a-los-profesionales-del-tarragones-y-el-baix-camp\\\/#respond\"]}]},{\"@type\":\"WebPage\",\"@id\":\"https:\\\/\\\/comt.cat\\\/es\\\/el-colegio-de-medicos-entrega-una-veintena-de-titulos-honorificos-a-los-profesionales-del-tarragones-y-el-baix-camp\\\/\",\"url\":\"https:\\\/\\\/comt.cat\\\/es\\\/el-colegio-de-medicos-entrega-una-veintena-de-titulos-honorificos-a-los-profesionales-del-tarragones-y-el-baix-camp\\\/\",\"name\":\"El Colegio de M\u00e9dicos entrega una veintena de t\u00edtulos honor\u00edficos a los profesionales del Tarragon\u00e8s y el Baix Camp - COMT\",\"isPartOf\":{\"@id\":\"https:\\\/\\\/comt.cat\\\/#website\"},\"datePublished\":\"2015-03-04T13:05:00+00:00\",\"author\":{\"@id\":\"https:\\\/\\\/comt.cat\\\/#\\\/schema\\\/person\\\/e9c884d9eb13a1fd7c15c3899c93dbee\"},\"breadcrumb\":{\"@id\":\"https:\\\/\\\/comt.cat\\\/es\\\/el-colegio-de-medicos-entrega-una-veintena-de-titulos-honorificos-a-los-profesionales-del-tarragones-y-el-baix-camp\\\/#breadcrumb\"},\"inLanguage\":\"es\",\"potentialAction\":[{\"@type\":\"ReadAction\",\"target\":[\"https:\\\/\\\/comt.cat\\\/es\\\/el-colegio-de-medicos-entrega-una-veintena-de-titulos-honorificos-a-los-profesionales-del-tarragones-y-el-baix-camp\\\/\"]}]},{\"@type\":\"BreadcrumbList\",\"@id\":\"https:\\\/\\\/comt.cat\\\/es\\\/el-colegio-de-medicos-entrega-una-veintena-de-titulos-honorificos-a-los-profesionales-del-tarragones-y-el-baix-camp\\\/#breadcrumb\",\"itemListElement\":[{\"@type\":\"ListItem\",\"position\":1,\"name\":\"Home\",\"item\":\"https:\\\/\\\/comt.cat\\\/es\\\/\"},{\"@type\":\"ListItem\",\"position\":2,\"name\":\"El Colegio de M\u00e9dicos entrega una veintena de t\u00edtulos honor\u00edficos a los profesionales del Tarragon\u00e8s y el Baix Camp\"}]},{\"@type\":\"WebSite\",\"@id\":\"https:\\\/\\\/comt.cat\\\/#website\",\"url\":\"https:\\\/\\\/comt.cat\\\/\",\"name\":\"COMT\",\"description\":\"Col\u00b7legi de Metges de Tarragona\",\"potentialAction\":[{\"@type\":\"SearchAction\",\"target\":{\"@type\":\"EntryPoint\",\"urlTemplate\":\"https:\\\/\\\/comt.cat\\\/?s={search_term_string}\"},\"query-input\":{\"@type\":\"PropertyValueSpecification\",\"valueRequired\":true,\"valueName\":\"search_term_string\"}}],\"inLanguage\":\"es\"},{\"@type\":\"Person\",\"@id\":\"https:\\\/\\\/comt.cat\\\/#\\\/schema\\\/person\\\/e9c884d9eb13a1fd7c15c3899c93dbee\",\"name\":\"comt\",\"image\":{\"@type\":\"ImageObject\",\"inLanguage\":\"es\",\"@id\":\"https:\\\/\\\/secure.gravatar.com\\\/avatar\\\/4973b6e675aecb45ab4d3cc8daea28d3f2f37d475c99290bc0b7e7fcc73af7be?s=96&d=mm&r=g\",\"url\":\"https:\\\/\\\/secure.gravatar.com\\\/avatar\\\/4973b6e675aecb45ab4d3cc8daea28d3f2f37d475c99290bc0b7e7fcc73af7be?s=96&d=mm&r=g\",\"contentUrl\":\"https:\\\/\\\/secure.gravatar.com\\\/avatar\\\/4973b6e675aecb45ab4d3cc8daea28d3f2f37d475c99290bc0b7e7fcc73af7be?s=96&d=mm&r=g\",\"caption\":\"comt\"},\"url\":\"https:\\\/\\\/comt.cat\\\/es\\\/author\\\/comt\\\/\"}]}<\/script>\n<!-- \/ Yoast SEO plugin. -->","yoast_head_json":{"title":"El Colegio de M\u00e9dicos entrega una veintena de t\u00edtulos honor\u00edficos a los profesionales del Tarragon\u00e8s y el Baix Camp - COMT","robots":{"index":"index","follow":"follow","max-snippet":"max-snippet:-1","max-image-preview":"max-image-preview:large","max-video-preview":"max-video-preview:-1"},"canonical":"https:\/\/comt.cat\/es\/el-colegio-de-medicos-entrega-una-veintena-de-titulos-honorificos-a-los-profesionales-del-tarragones-y-el-baix-camp\/","og_locale":"es_ES","og_type":"article","og_title":"El Colegio de M\u00e9dicos entrega una veintena de t\u00edtulos honor\u00edficos a los profesionales del Tarragon\u00e8s y el Baix Camp - COMT","og_description":"*Esta condici\u00f3n la reconoce el Consejo General de Colegios Oficiales de M\u00e9dicos de Espa\u00f1a al cumplir los 70 a\u00f1os de edad. Tarragona, 4 de Marzo de 2015.- El Colegio Oficial de M\u00e9dicos de Tarragona ha realizado esta ma\u00f1ana un acto para entregar los t\u00edtulos honor\u00edficos a la veintena de profesionales del Tarragon\u00e8s y el Baix Camp que cumplieron setenta a\u00f1os de edad durante el 2014. Esta condici\u00f3n la reconoce el Consejo General de Colegios Oficiales de M\u00e9dicos de Espa\u00f1a.  El presidente del Colegio Oficial de M\u00e9dicos de Tarragona, Dr. Fernando Vizcarro, acompa\u00f1ado del director de los servicios territoriales de Salud en el Camp de Tarragona, Dr. Josep Mercad\u00e9 y del teniente de alcalde de trabajo, promoci\u00f3n econ\u00f3mica, proyectos y vivienda del Ayuntamiento de Tarragona, Xavier Tarr\u00e9s, han hecho entrega de los t\u00edtulos honor\u00edficos.  Los m\u00e9dicos que han recibido esta distinci\u00f3n son: Dr. Pedro Cabrero Castill\u00f3n Dr. Jes\u00fas Chamorro Cuesta Dr. Pedro Cobos Carb\u00f3 Dr. Rigoberto Corrales Cruz Dr. Francisco Esqu\u00e9 Ruiz Dr. F\u00e9lix Furquet Garc\u00eda Dr. Pablo Galan Nieto Dr. Roberto Garc\u00eda Fern\u00e1ndez Dr. Rodrigo Miralles Marrero Dr. Francisco Javier Pastor Molas Dr. Domingo Ramos D\u00edaz Dr. Jos\u00e9 Lu\u00eds Rodr\u00edguez Miguel Dr. Francisco Romero Nogu\u00e9s Dr. Juan Antonio S\u00e1nchez Palau Dr. Carlos S\u00e1nchez-Pe\u00f1a Lampasona Dr. Jos\u00e9 Mar\u00eda Santamar\u00eda Puig Dra. Maria Aranzaz\u00fa Ugarriza Sagasta Dr. Gerardo Virg\u00f3s Rovira Dra. Concepci\u00f3n Zambrano Rioja Dr. Eugenio Zornoza Boy","og_url":"https:\/\/comt.cat\/es\/el-colegio-de-medicos-entrega-una-veintena-de-titulos-honorificos-a-los-profesionales-del-tarragones-y-el-baix-camp\/","og_site_name":"COMT","article_published_time":"2015-03-04T13:05:00+00:00","author":"comt","twitter_card":"summary_large_image","twitter_misc":{"Escrito por":"comt","Tiempo de lectura":"1 minuto"},"schema":{"@context":"https:\/\/schema.org","@graph":[{"@type":"Article","@id":"https:\/\/comt.cat\/es\/el-colegio-de-medicos-entrega-una-veintena-de-titulos-honorificos-a-los-profesionales-del-tarragones-y-el-baix-camp\/#article","isPartOf":{"@id":"https:\/\/comt.cat\/es\/el-colegio-de-medicos-entrega-una-veintena-de-titulos-honorificos-a-los-profesionales-del-tarragones-y-el-baix-camp\/"},"author":{"name":"comt","@id":"https:\/\/comt.cat\/#\/schema\/person\/e9c884d9eb13a1fd7c15c3899c93dbee"},"headline":"El Colegio de M\u00e9dicos entrega una veintena de t\u00edtulos honor\u00edficos a los profesionales del Tarragon\u00e8s y el Baix Camp","datePublished":"2015-03-04T13:05:00+00:00","mainEntityOfPage":{"@id":"https:\/\/comt.cat\/es\/el-colegio-de-medicos-entrega-una-veintena-de-titulos-honorificos-a-los-profesionales-del-tarragones-y-el-baix-camp\/"},"wordCount":285,"commentCount":0,"articleSection":["Comunicados de prensa"],"inLanguage":"es","potentialAction":[{"@type":"CommentAction","name":"Comment","target":["https:\/\/comt.cat\/es\/el-colegio-de-medicos-entrega-una-veintena-de-titulos-honorificos-a-los-profesionales-del-tarragones-y-el-baix-camp\/#respond"]}]},{"@type":"WebPage","@id":"https:\/\/comt.cat\/es\/el-colegio-de-medicos-entrega-una-veintena-de-titulos-honorificos-a-los-profesionales-del-tarragones-y-el-baix-camp\/","url":"https:\/\/comt.cat\/es\/el-colegio-de-medicos-entrega-una-veintena-de-titulos-honorificos-a-los-profesionales-del-tarragones-y-el-baix-camp\/","name":"El Colegio de M\u00e9dicos entrega una veintena de t\u00edtulos honor\u00edficos a los profesionales del Tarragon\u00e8s y el Baix Camp - COMT","isPartOf":{"@id":"https:\/\/comt.cat\/#website"},"datePublished":"2015-03-04T13:05:00+00:00","author":{"@id":"https:\/\/comt.cat\/#\/schema\/person\/e9c884d9eb13a1fd7c15c3899c93dbee"},"breadcrumb":{"@id":"https:\/\/comt.cat\/es\/el-colegio-de-medicos-entrega-una-veintena-de-titulos-honorificos-a-los-profesionales-del-tarragones-y-el-baix-camp\/#breadcrumb"},"inLanguage":"es","potentialAction":[{"@type":"ReadAction","target":["https:\/\/comt.cat\/es\/el-colegio-de-medicos-entrega-una-veintena-de-titulos-honorificos-a-los-profesionales-del-tarragones-y-el-baix-camp\/"]}]},{"@type":"BreadcrumbList","@id":"https:\/\/comt.cat\/es\/el-colegio-de-medicos-entrega-una-veintena-de-titulos-honorificos-a-los-profesionales-del-tarragones-y-el-baix-camp\/#breadcrumb","itemListElement":[{"@type":"ListItem","position":1,"name":"Home","item":"https:\/\/comt.cat\/es\/"},{"@type":"ListItem","position":2,"name":"El Colegio de M\u00e9dicos entrega una veintena de t\u00edtulos honor\u00edficos a los profesionales del Tarragon\u00e8s y el Baix Camp"}]},{"@type":"WebSite","@id":"https:\/\/comt.cat\/#website","url":"https:\/\/comt.cat\/","name":"COMT","description":"Col\u00b7legi de Metges de Tarragona","potentialAction":[{"@type":"SearchAction","target":{"@type":"EntryPoint","urlTemplate":"https:\/\/comt.cat\/?s={search_term_string}"},"query-input":{"@type":"PropertyValueSpecification","valueRequired":true,"valueName":"search_term_string"}}],"inLanguage":"es"},{"@type":"Person","@id":"https:\/\/comt.cat\/#\/schema\/person\/e9c884d9eb13a1fd7c15c3899c93dbee","name":"comt","image":{"@type":"ImageObject","inLanguage":"es","@id":"https:\/\/secure.gravatar.com\/avatar\/4973b6e675aecb45ab4d3cc8daea28d3f2f37d475c99290bc0b7e7fcc73af7be?s=96&d=mm&r=g","url":"https:\/\/secure.gravatar.com\/avatar\/4973b6e675aecb45ab4d3cc8daea28d3f2f37d475c99290bc0b7e7fcc73af7be?s=96&d=mm&r=g","contentUrl":"https:\/\/secure.gravatar.com\/avatar\/4973b6e675aecb45ab4d3cc8daea28d3f2f37d475c99290bc0b7e7fcc73af7be?s=96&d=mm&r=g","caption":"comt"},"url":"https:\/\/comt.cat\/es\/author\/comt\/"}]}},"_links":{"self":[{"href":"https:\/\/comt.cat\/es\/wp-json\/wp\/v2\/posts\/661","targetHints":{"allow":["GET"]}}],"collection":[{"href":"https:\/\/comt.cat\/es\/wp-json\/wp\/v2\/posts"}],"about":[{"href":"https:\/\/comt.cat\/es\/wp-json\/wp\/v2\/types\/post"}],"author":[{"embeddable":true,"href":"https:\/\/comt.cat\/es\/wp-json\/wp\/v2\/users\/1"}],"replies":[{"embeddable":true,"href":"https:\/\/comt.cat\/es\/wp-json\/wp\/v2\/comments?post=661"}],"version-history":[{"count":0,"href":"https:\/\/comt.cat\/es\/wp-json\/wp\/v2\/posts\/661\/revisions"}],"wp:attachment":[{"href":"https:\/\/comt.cat\/es\/wp-json\/wp\/v2\/media?parent=661"}],"wp:term":[{"taxonomy":"category","embeddable":true,"href":"https:\/\/comt.cat\/es\/wp-json\/wp\/v2\/categories?post=661"},{"taxonomy":"post_tag","embeddable":true,"href":"https:\/\/comt.cat\/es\/wp-json\/wp\/v2\/tags?post=661"}],"curies":[{"name":"wp","href":"https:\/\/api.w.org\/{rel}","templated":true}]}}