{"id":724,"date":"2015-03-22T22:51:25","date_gmt":"2015-03-22T22:51:25","guid":{"rendered":"http:\/\/comt.local\/sense-categoria\/programa-de-proteccion-social\/"},"modified":"2015-03-22T22:51:25","modified_gmt":"2015-03-22T22:51:25","slug":"programa-de-proteccion-social","status":"publish","type":"post","link":"https:\/\/comt.cat\/es\/programa-de-proteccion-social\/","title":{"rendered":"Programa de Protecci\u00f3n Social"},"content":{"rendered":"<p><!--\n\n\n\n\n\n\n<p>El Programa de Protecci\u00f3n Social quiere promover el <strong>bienestar y la calidad de vida de los m\u00e9dicos y sus familias<\/strong> especialmente ante cualquier contingencia que ponga en cuesti\u00f3n su autonom\u00eda personal y familiar derivada de situaciones vinculadas a problemas de salud y\/o sociales.<\/p>\n\n\n\n\n<p>Una trabajadora social ofrece un asesoramiento personalizado y confidencial, y recomienda las opciones m\u00e1s adecuadas en cada caso de entre una amplia oferta de servicios de alto nivel. Estas opciones se ofrecen en condiciones preferentes para el colectivo m\u00e9dico y sus familiares.<\/p>\n\n\n\n\n<div class=\"category-item first\">\n\n\n<h3 class=\"page-header item-title\"><a href=\"es\/colegiados\/catalogo-de-servicios\/programa-de-proteccion-social\/servicio-de-atencion-social\"> Servicio de atenci\u00f3n social<\/a><\/h3>\n\n\n<\/div>\n\n\n\n\n<div class=\"category-item\">\n\n\n<h3 class=\"page-header item-title\"><a href=\"index.php\/es\/colegiados\/catalogo-de-servicios\/programa-de-proteccion-social\/ayudas-sociales-y-economicas\"> Ayudas sociales y econ\u00f3micas<\/a><\/h3>\n\n\n\n\n<div id=\"category-25\" class=\"collapse fade\">\n\n\n<div class=\"category-item first\">\n\n\n<h3 class=\"page-header item-title\"><a href=\"es\/colegiados\/catalogo-de-servicios\/programa-de-proteccion-social\/ayudas-sociales-y-economicas\/atencion-social-y-a-la-dependencia\"> Atenci\u00f3n social y a la dependencia<\/a><\/h3>\n\n\n<\/div>\n\n\n\n\n<div class=\"category-item\">\n\n\n<h3 class=\"page-header item-title\"><a href=\"es\/colegiados\/catalogo-de-servicios\/programa-de-proteccion-social\/ayudas-sociales-y-economicas\/conciliacion-de-la-vida-familiar-y-laboral\"> Conciliaci\u00f3n de la vida familiar y laboral<\/a><\/h3>\n\n\n<\/div>\n\n\n\n\n<div class=\"category-item last\">\n\n\n<h3 class=\"page-header item-title\"><a href=\"es\/colegiados\/catalogo-de-servicios\/programa-de-proteccion-social\/ayudas-sociales-y-economicas\/prevencion-promocion-y-proteccion-de-la-salud-del-medico-paimm\"> Prevenci\u00f3n, promoci\u00f3n y protecci\u00f3n de la salud del m\u00e9dico (PAIMM)<\/a><\/h3>\n\n\n<\/div>\n\n\n<\/div>\n\n\n<\/div>\n\n\n\n\n<div class=\"category-item\">\n\n\n<h3 class=\"page-header item-title\"><a href=\"index.php\/es\/colegiados\/catalogo-de-servicios\/programa-de-proteccion-social\/requisitos-y-consideraciones\"> Requisitos y consideraciones<\/a><\/h3>\n\n\n<\/div>\n\n\n\n\n<div class=\"category-item\">\n\n\n<h3 class=\"page-header item-title\"><a href=\"index.php\/es\/colegiados\/catalogo-de-servicios\/programa-de-proteccion-social\/resolucion-y-formalizacion\"> Resoluci\u00f3n y formalizaci\u00f3n<\/a><\/h3>\n\n\n<\/div>\n\n\n\n\n<div class=\"category-item last\">\n\n\n<h3 class=\"page-header item-title\"><a href=\"\/wp-content\/uploads\/joomla_images\/CatalegServeis\/pr\u00f2rrogaAnual.pdf\"> Solicitud de pr\u00f3rroga anual<\/a><\/h3>\n\n\n<\/div>\n\n--><\/p>\n<p>\u00a0<\/p>\n<p><!--div class=\"category-item last\">\n\t\t\t\t\t\n\n<h3 class=\"page-header item-title\">\n\t\t\t\t<a href=\"index.php\/es\/colegiados\/catalogo-de-servicios\/programa-de-proteccion-social\/fundacion-para-la-proteccion-social-de-la-omc\">\n\t\t\t\tFundaci\u00f3n para la Protecci\u00f3n Social de la OMC<\/a>\n\t\t\t\t\t\t\t\t\t\t\t<\/h3>\n\n\n\t\t\t\t\t\t\n\t\t\t\t\t<\/div-->\n<p>\u00a0<\/p>\n<p><!--\n\n<p>\n\n<\/p>\n\n--><\/p>\n","protected":false},"excerpt":{"rendered":"<p><!--\n\n\n\n\n\n\n<p>El Programa de Protecci\u00f3n Social quiere promover el <strong>bienestar y la calidad de vida de los m\u00e9dicos y sus familias<\/strong> especialmente ante cualquier contingencia que ponga en cuesti\u00f3n su autonom\u00eda personal y familiar derivada de situaciones vinculadas a problemas de salud y\/o sociales.<\/p>\n\n\n\n\n<p>Una trabajadora social ofrece un asesoramiento personalizado y confidencial, y recomienda las opciones m\u00e1s adecuadas en cada caso de entre una amplia oferta de servicios de alto nivel. Estas opciones se ofrecen en condiciones preferentes para el colectivo m\u00e9dico y sus familiares.<\/p>\n\n\n\n\n<div class=\"category-item first\">\n\n\n<h3 class=\"page-header item-title\"><a href=\"es\/colegiados\/catalogo-de-servicios\/programa-de-proteccion-social\/servicio-de-atencion-social\"> Servicio de atenci\u00f3n social<\/a><\/h3>\n\n\n<\/div>\n\n\n\n\n<div class=\"category-item\">\n\n\n<h3 class=\"page-header item-title\"><a href=\"index.php\/es\/colegiados\/catalogo-de-servicios\/programa-de-proteccion-social\/ayudas-sociales-y-economicas\"> Ayudas sociales y econ\u00f3micas<\/a><\/h3>\n\n\n\n\n<div id=\"category-25\" class=\"collapse fade\">\n\n\n<div class=\"category-item first\">\n\n\n<h3 class=\"page-header item-title\"><a href=\"es\/colegiados\/catalogo-de-servicios\/programa-de-proteccion-social\/ayudas-sociales-y-economicas\/atencion-social-y-a-la-dependencia\"> Atenci\u00f3n social y a la dependencia<\/a><\/h3>\n\n\n<\/div>\n\n\n\n\n<div class=\"category-item\">\n\n\n<h3 class=\"page-header item-title\"><a href=\"es\/colegiados\/catalogo-de-servicios\/programa-de-proteccion-social\/ayudas-sociales-y-economicas\/conciliacion-de-la-vida-familiar-y-laboral\"> Conciliaci\u00f3n de la vida familiar y laboral<\/a><\/h3>\n\n\n<\/div>\n\n\n\n\n<div class=\"category-item last\">\n\n\n<h3 class=\"page-header item-title\"><a href=\"es\/colegiados\/catalogo-de-servicios\/programa-de-proteccion-social\/ayudas-sociales-y-economicas\/prevencion-promocion-y-proteccion-de-la-salud-del-medico-paimm\"> Prevenci\u00f3n, promoci\u00f3n y protecci\u00f3n de la salud del m\u00e9dico (PAIMM)<\/a><\/h3>\n\n\n<\/div>\n\n\n<\/div>\n\n\n<\/div>\n\n\n\n\n<div class=\"category-item\">\n\n\n<h3 class=\"page-header item-title\"><a href=\"index.php\/es\/colegiados\/catalogo-de-servicios\/programa-de-proteccion-social\/requisitos-y-consideraciones\"> Requisitos y consideraciones<\/a><\/h3>\n\n\n<\/div>\n\n\n\n\n<div class=\"category-item\">\n\n\n<h3 class=\"page-header item-title\"><a href=\"index.php\/es\/colegiados\/catalogo-de-servicios\/programa-de-proteccion-social\/resolucion-y-formalizacion\"> Resoluci\u00f3n y formalizaci\u00f3n<\/a><\/h3>\n\n\n<\/div>\n\n\n\n\n<div class=\"category-item last\">\n\n\n<h3 class=\"page-header item-title\"><a href=\"\/wp-content\/uploads\/joomla_images\/CatalegServeis\/pr\u00f2rrogaAnual.pdf\"> Solicitud de pr\u00f3rroga anual<\/a><\/h3>\n\n\n<\/div>\n\n--><\/p>\n<p>\u00a0<\/p>\n<p><!--div class=\"category-item last\">\n\t\t\t\t\t\n\n<h3 class=\"page-header item-title\">\n\t\t\t\t<a href=\"index.php\/es\/colegiados\/catalogo-de-servicios\/programa-de-proteccion-social\/fundacion-para-la-proteccion-social-de-la-omc\">\n\t\t\t\tFundaci\u00f3n para la Protecci\u00f3n Social de la OMC<\/a>\n\t\t\t\t\t\t\t\t\t\t\t<\/h3>\n\n\n\t\t\t\t\t\t\n\t\t\t\t\t<\/div-->\n<p>\u00a0<\/p>\n<p><!--\n\n<p>\n\n<\/p>\n\n--><\/p>\n","protected":false},"author":1,"featured_media":0,"comment_status":"open","ping_status":"open","sticky":false,"template":"","format":"standard","meta":{"footnotes":""},"categories":[229],"tags":[],"class_list":["post-724","post","type-post","status-publish","format-standard","hentry","category-programa-de-proteccion-social"],"yoast_head":"<!-- This site is optimized with the Yoast SEO plugin v27.5 - https:\/\/yoast.com\/product\/yoast-seo-wordpress\/ -->\n<title>Programa de Protecci\u00f3n Social - COMT<\/title>\n<meta name=\"robots\" content=\"index, follow, max-snippet:-1, max-image-preview:large, max-video-preview:-1\" \/>\n<link rel=\"canonical\" href=\"https:\/\/comt.cat\/programa-de-proteccio-social\/\" \/>\n<meta property=\"og:locale\" content=\"es_ES\" \/>\n<meta property=\"og:type\" content=\"article\" \/>\n<meta property=\"og:title\" content=\"Programa de Protecci\u00f3n Social - COMT\" \/>\n<meta property=\"og:description\" content=\"\u00a0  \u00a0\" \/>\n<meta property=\"og:url\" content=\"https:\/\/comt.cat\/programa-de-proteccio-social\/\" \/>\n<meta property=\"og:site_name\" content=\"COMT\" \/>\n<meta property=\"article:published_time\" content=\"2015-03-22T22:51:25+00:00\" \/>\n<meta name=\"author\" content=\"comt\" \/>\n<meta name=\"twitter:card\" content=\"summary_large_image\" \/>\n<meta name=\"twitter:label1\" content=\"Escrito por\" \/>\n\t<meta name=\"twitter:data1\" content=\"comt\" \/>\n<script type=\"application\/ld+json\" class=\"yoast-schema-graph\">{\"@context\":\"https:\\\/\\\/schema.org\",\"@graph\":[{\"@type\":\"Article\",\"@id\":\"https:\\\/\\\/comt.cat\\\/programa-de-proteccio-social\\\/#article\",\"isPartOf\":{\"@id\":\"https:\\\/\\\/comt.cat\\\/programa-de-proteccio-social\\\/\"},\"author\":{\"name\":\"comt\",\"@id\":\"https:\\\/\\\/comt.cat\\\/#\\\/schema\\\/person\\\/e9c884d9eb13a1fd7c15c3899c93dbee\"},\"headline\":\"Programa de Protecci\u00f3n Social\",\"datePublished\":\"2015-03-22T22:51:25+00:00\",\"mainEntityOfPage\":{\"@id\":\"https:\\\/\\\/comt.cat\\\/programa-de-proteccio-social\\\/\"},\"wordCount\":5,\"commentCount\":0,\"articleSection\":[\"Programa de protecci\u00f3n social\"],\"inLanguage\":\"es\",\"potentialAction\":[{\"@type\":\"CommentAction\",\"name\":\"Comment\",\"target\":[\"https:\\\/\\\/comt.cat\\\/programa-de-proteccio-social\\\/#respond\"]}]},{\"@type\":\"WebPage\",\"@id\":\"https:\\\/\\\/comt.cat\\\/programa-de-proteccio-social\\\/\",\"url\":\"https:\\\/\\\/comt.cat\\\/programa-de-proteccio-social\\\/\",\"name\":\"Programa de Protecci\u00f3n Social - COMT\",\"isPartOf\":{\"@id\":\"https:\\\/\\\/comt.cat\\\/#website\"},\"datePublished\":\"2015-03-22T22:51:25+00:00\",\"author\":{\"@id\":\"https:\\\/\\\/comt.cat\\\/#\\\/schema\\\/person\\\/e9c884d9eb13a1fd7c15c3899c93dbee\"},\"breadcrumb\":{\"@id\":\"https:\\\/\\\/comt.cat\\\/programa-de-proteccio-social\\\/#breadcrumb\"},\"inLanguage\":\"es\",\"potentialAction\":[{\"@type\":\"ReadAction\",\"target\":[\"https:\\\/\\\/comt.cat\\\/programa-de-proteccio-social\\\/\"]}]},{\"@type\":\"BreadcrumbList\",\"@id\":\"https:\\\/\\\/comt.cat\\\/programa-de-proteccio-social\\\/#breadcrumb\",\"itemListElement\":[{\"@type\":\"ListItem\",\"position\":1,\"name\":\"Home\",\"item\":\"https:\\\/\\\/comt.cat\\\/es\\\/\"},{\"@type\":\"ListItem\",\"position\":2,\"name\":\"Programa de Protecci\u00f3n Social\"}]},{\"@type\":\"WebSite\",\"@id\":\"https:\\\/\\\/comt.cat\\\/#website\",\"url\":\"https:\\\/\\\/comt.cat\\\/\",\"name\":\"COMT\",\"description\":\"Col\u00b7legi de Metges de Tarragona\",\"potentialAction\":[{\"@type\":\"SearchAction\",\"target\":{\"@type\":\"EntryPoint\",\"urlTemplate\":\"https:\\\/\\\/comt.cat\\\/?s={search_term_string}\"},\"query-input\":{\"@type\":\"PropertyValueSpecification\",\"valueRequired\":true,\"valueName\":\"search_term_string\"}}],\"inLanguage\":\"es\"},{\"@type\":\"Person\",\"@id\":\"https:\\\/\\\/comt.cat\\\/#\\\/schema\\\/person\\\/e9c884d9eb13a1fd7c15c3899c93dbee\",\"name\":\"comt\",\"image\":{\"@type\":\"ImageObject\",\"inLanguage\":\"es\",\"@id\":\"https:\\\/\\\/secure.gravatar.com\\\/avatar\\\/4973b6e675aecb45ab4d3cc8daea28d3f2f37d475c99290bc0b7e7fcc73af7be?s=96&d=mm&r=g\",\"url\":\"https:\\\/\\\/secure.gravatar.com\\\/avatar\\\/4973b6e675aecb45ab4d3cc8daea28d3f2f37d475c99290bc0b7e7fcc73af7be?s=96&d=mm&r=g\",\"contentUrl\":\"https:\\\/\\\/secure.gravatar.com\\\/avatar\\\/4973b6e675aecb45ab4d3cc8daea28d3f2f37d475c99290bc0b7e7fcc73af7be?s=96&d=mm&r=g\",\"caption\":\"comt\"},\"url\":\"https:\\\/\\\/comt.cat\\\/es\\\/author\\\/comt\\\/\"}]}<\/script>\n<!-- \/ Yoast SEO plugin. -->","yoast_head_json":{"title":"Programa de Protecci\u00f3n Social - COMT","robots":{"index":"index","follow":"follow","max-snippet":"max-snippet:-1","max-image-preview":"max-image-preview:large","max-video-preview":"max-video-preview:-1"},"canonical":"https:\/\/comt.cat\/programa-de-proteccio-social\/","og_locale":"es_ES","og_type":"article","og_title":"Programa de Protecci\u00f3n Social - COMT","og_description":"\u00a0  \u00a0","og_url":"https:\/\/comt.cat\/programa-de-proteccio-social\/","og_site_name":"COMT","article_published_time":"2015-03-22T22:51:25+00:00","author":"comt","twitter_card":"summary_large_image","twitter_misc":{"Escrito por":"comt"},"schema":{"@context":"https:\/\/schema.org","@graph":[{"@type":"Article","@id":"https:\/\/comt.cat\/programa-de-proteccio-social\/#article","isPartOf":{"@id":"https:\/\/comt.cat\/programa-de-proteccio-social\/"},"author":{"name":"comt","@id":"https:\/\/comt.cat\/#\/schema\/person\/e9c884d9eb13a1fd7c15c3899c93dbee"},"headline":"Programa de Protecci\u00f3n Social","datePublished":"2015-03-22T22:51:25+00:00","mainEntityOfPage":{"@id":"https:\/\/comt.cat\/programa-de-proteccio-social\/"},"wordCount":5,"commentCount":0,"articleSection":["Programa de protecci\u00f3n social"],"inLanguage":"es","potentialAction":[{"@type":"CommentAction","name":"Comment","target":["https:\/\/comt.cat\/programa-de-proteccio-social\/#respond"]}]},{"@type":"WebPage","@id":"https:\/\/comt.cat\/programa-de-proteccio-social\/","url":"https:\/\/comt.cat\/programa-de-proteccio-social\/","name":"Programa de Protecci\u00f3n Social - COMT","isPartOf":{"@id":"https:\/\/comt.cat\/#website"},"datePublished":"2015-03-22T22:51:25+00:00","author":{"@id":"https:\/\/comt.cat\/#\/schema\/person\/e9c884d9eb13a1fd7c15c3899c93dbee"},"breadcrumb":{"@id":"https:\/\/comt.cat\/programa-de-proteccio-social\/#breadcrumb"},"inLanguage":"es","potentialAction":[{"@type":"ReadAction","target":["https:\/\/comt.cat\/programa-de-proteccio-social\/"]}]},{"@type":"BreadcrumbList","@id":"https:\/\/comt.cat\/programa-de-proteccio-social\/#breadcrumb","itemListElement":[{"@type":"ListItem","position":1,"name":"Home","item":"https:\/\/comt.cat\/es\/"},{"@type":"ListItem","position":2,"name":"Programa de Protecci\u00f3n Social"}]},{"@type":"WebSite","@id":"https:\/\/comt.cat\/#website","url":"https:\/\/comt.cat\/","name":"COMT","description":"Col\u00b7legi de Metges de Tarragona","potentialAction":[{"@type":"SearchAction","target":{"@type":"EntryPoint","urlTemplate":"https:\/\/comt.cat\/?s={search_term_string}"},"query-input":{"@type":"PropertyValueSpecification","valueRequired":true,"valueName":"search_term_string"}}],"inLanguage":"es"},{"@type":"Person","@id":"https:\/\/comt.cat\/#\/schema\/person\/e9c884d9eb13a1fd7c15c3899c93dbee","name":"comt","image":{"@type":"ImageObject","inLanguage":"es","@id":"https:\/\/secure.gravatar.com\/avatar\/4973b6e675aecb45ab4d3cc8daea28d3f2f37d475c99290bc0b7e7fcc73af7be?s=96&d=mm&r=g","url":"https:\/\/secure.gravatar.com\/avatar\/4973b6e675aecb45ab4d3cc8daea28d3f2f37d475c99290bc0b7e7fcc73af7be?s=96&d=mm&r=g","contentUrl":"https:\/\/secure.gravatar.com\/avatar\/4973b6e675aecb45ab4d3cc8daea28d3f2f37d475c99290bc0b7e7fcc73af7be?s=96&d=mm&r=g","caption":"comt"},"url":"https:\/\/comt.cat\/es\/author\/comt\/"}]}},"_links":{"self":[{"href":"https:\/\/comt.cat\/es\/wp-json\/wp\/v2\/posts\/724","targetHints":{"allow":["GET"]}}],"collection":[{"href":"https:\/\/comt.cat\/es\/wp-json\/wp\/v2\/posts"}],"about":[{"href":"https:\/\/comt.cat\/es\/wp-json\/wp\/v2\/types\/post"}],"author":[{"embeddable":true,"href":"https:\/\/comt.cat\/es\/wp-json\/wp\/v2\/users\/1"}],"replies":[{"embeddable":true,"href":"https:\/\/comt.cat\/es\/wp-json\/wp\/v2\/comments?post=724"}],"version-history":[{"count":0,"href":"https:\/\/comt.cat\/es\/wp-json\/wp\/v2\/posts\/724\/revisions"}],"wp:attachment":[{"href":"https:\/\/comt.cat\/es\/wp-json\/wp\/v2\/media?parent=724"}],"wp:term":[{"taxonomy":"category","embeddable":true,"href":"https:\/\/comt.cat\/es\/wp-json\/wp\/v2\/categories?post=724"},{"taxonomy":"post_tag","embeddable":true,"href":"https:\/\/comt.cat\/es\/wp-json\/wp\/v2\/tags?post=724"}],"curies":[{"name":"wp","href":"https:\/\/api.w.org\/{rel}","templated":true}]}}