{"id":727,"date":"2015-07-28T00:04:39","date_gmt":"2015-07-28T00:04:39","guid":{"rendered":"http:\/\/comt.local\/sense-categoria\/prevencion-promocion-y-proteccion-de-la-salud-del-medico-paimm\/"},"modified":"2015-07-28T00:04:39","modified_gmt":"2015-07-28T00:04:39","slug":"prevencion-promocion-y-proteccion-de-la-salud-del-medico-paimm","status":"publish","type":"post","link":"https:\/\/comt.cat\/es\/prevencion-promocion-y-proteccion-de-la-salud-del-medico-paimm\/","title":{"rendered":"Prevenci\u00f3n, promoci\u00f3n y protecci\u00f3n de la salud del m\u00e9dico (PAIMM)"},"content":{"rendered":"<p><\/p>\n<p>En el a\u00f1o 1998, el Colegio Oficial de M\u00e9dicos de  Barcelona juntamente con el Departamento de Sanidad y Seguridad Social de la  Generalitat de Catalu\u00f1a y el Servicio Catal\u00e1n de Salud, crearon el Programa de  Atenci\u00f3n Integral al M\u00e9dico Enfermo (PAIMM). Muy pronto se adhiri\u00f3 el Consejo  de Colegios de M\u00e9dicos de Catalu\u00f1a. Este programa tiene como finalidad la  atenci\u00f3n de m\u00e9dicos con problemas de salud mental y\/o adicciones posibilitando  que puedan recibir el tratamiento adecuado y puedan ejercer la medicina en las  mejores condiciones tanto para ellos como para sus pacientes. <br \/>\n          El PAIMM es un programa pionero en Espa\u00f1a y en Europa  y cuenta con unos procedimientos colegiales (confidencialidad, acceso directo,  contratos terap\u00e9uticos para el seguimiento de casos complejos\u2026) y de una unidad  asistencial con servicios de hospitalizaci\u00f3n, hospital de d\u00eda y consultas  externas, la Cl\u00ednica Galatea.<\/p>\n<p>A partir de la experiencia  del PAIMM, el Consejo de Colegios de M\u00e9dicos de Catalu\u00f1a cre\u00f3 la<a href=\"http:\/\/www.fgalatea.net\/\" target=\"_blank\" rel=\"noopener\"> Fundaci\u00f3n  Galatea<\/a> a principios de 2001 con el prop\u00f3sito de mejorar la salud, el bienestar  y la calidad de vida de todos los profesionales de la salud. Esta fundaci\u00f3n es  el marco desde el cual se ofrecen programas asistenciales a los profesionales  sanitarios (PAIMM, RETORN, ASSISS y ITACA) y de prevenci\u00f3n y promoci\u00f3n de la  salud.<\/p>\n<p>Para poder garantizar una praxis de calidad, es  imprescindible  que cuidemos de la salud  y el bienestar de los profesionales sanitarios. La Fundaci\u00f3n Galatea  ha consolidado con \u00e9xito un modelo de asistencia y rehabilitaci\u00f3n para los  profesionales de la salud que ya es un referente reconocido incluso fuera de  nuestras fronteras. <\/p>\n<p>Despu\u00e9s de una primera etapa liderada por el Dr. Jaume  Padr\u00f3s, los patronos de la fundaci\u00f3n asumimos con ilusi\u00f3n la responsabilidad de  continuar impulsando este programa con el noble prop\u00f3sito de ayudar a los  profesionales que lo necesiten.<\/p>\n<p>\n            <strong>Dr. Miquel Vilardell<\/strong><br \/>\n          Presidente del Patronato<\/p>\n<p><\/p>\n<p>Enlace al <a href=\"https:\/\/paimm.fgalatea.org\/es\/\">Programa de Atenci\u00f3n Integral al M\u00e9dico Enfermo (PAIMM) <i class=\"fa fa-external-link\"><\/i><\/a><\/p>\n","protected":false},"excerpt":{"rendered":"<p><\/p>\n<p>En el a\u00f1o 1998, el Colegio Oficial de M\u00e9dicos de  Barcelona juntamente con el Departamento de Sanidad y Seguridad Social de la  Generalitat de Catalu\u00f1a y el Servicio Catal\u00e1n de Salud, crearon el Programa de  Atenci\u00f3n Integral al M\u00e9dico Enfermo (PAIMM). Muy pronto se adhiri\u00f3 el Consejo  de Colegios de M\u00e9dicos de Catalu\u00f1a. Este programa tiene como finalidad la  atenci\u00f3n de m\u00e9dicos con problemas de salud mental y\/o adicciones posibilitando  que puedan recibir el tratamiento adecuado y puedan ejercer la medicina en las  mejores condiciones tanto para ellos como para sus pacientes. <br \/>\n          El PAIMM es un programa pionero en Espa\u00f1a y en Europa  y cuenta con unos procedimientos colegiales (confidencialidad, acceso directo,  contratos terap\u00e9uticos para el seguimiento de casos complejos\u2026) y de una unidad  asistencial con servicios de hospitalizaci\u00f3n, hospital de d\u00eda y consultas  externas, la Cl\u00ednica Galatea.<\/p>\n<p>A partir de la experiencia  del PAIMM, el Consejo de Colegios de M\u00e9dicos de Catalu\u00f1a cre\u00f3 la<a href=\"http:\/\/www.fgalatea.net\/\" target=\"_blank\" rel=\"noopener\"> Fundaci\u00f3n  Galatea<\/a> a principios de 2001 con el prop\u00f3sito de mejorar la salud, el bienestar  y la calidad de vida de todos los profesionales de la salud. Esta fundaci\u00f3n es  el marco desde el cual se ofrecen programas asistenciales a los profesionales  sanitarios (PAIMM, RETORN, ASSISS y ITACA) y de prevenci\u00f3n y promoci\u00f3n de la  salud.<\/p>\n<p>Para poder garantizar una praxis de calidad, es  imprescindible  que cuidemos de la salud  y el bienestar de los profesionales sanitarios. La Fundaci\u00f3n Galatea  ha consolidado con \u00e9xito un modelo de asistencia y rehabilitaci\u00f3n para los  profesionales de la salud que ya es un referente reconocido incluso fuera de  nuestras fronteras. <\/p>\n<p>Despu\u00e9s de una primera etapa liderada por el Dr. Jaume  Padr\u00f3s, los patronos de la fundaci\u00f3n asumimos con ilusi\u00f3n la responsabilidad de  continuar impulsando este programa con el noble prop\u00f3sito de ayudar a los  profesionales que lo necesiten.<\/p>\n<p>\n            <strong>Dr. Miquel Vilardell<\/strong><br \/>\n          Presidente del Patronato<\/p>\n<p><\/p>\n<p>Enlace al <a href=\"https:\/\/paimm.fgalatea.org\/es\/\">Programa de Atenci\u00f3n Integral al M\u00e9dico Enfermo (PAIMM) <i class=\"fa fa-external-link\"><\/i><\/a><\/p>\n","protected":false},"author":1,"featured_media":0,"comment_status":"open","ping_status":"open","sticky":false,"template":"","format":"standard","meta":{"footnotes":""},"categories":[364],"tags":[],"class_list":["post-727","post","type-post","status-publish","format-standard","hentry","category-prevencion-promocion-y-proteccion-de-la-salud-del-medico-paimm"],"yoast_head":"<!-- This site is optimized with the Yoast SEO plugin v27.5 - https:\/\/yoast.com\/product\/yoast-seo-wordpress\/ -->\n<title>Prevenci\u00f3n, promoci\u00f3n y protecci\u00f3n de la salud del m\u00e9dico (PAIMM) - COMT<\/title>\n<meta name=\"robots\" content=\"index, follow, max-snippet:-1, max-image-preview:large, max-video-preview:-1\" \/>\n<link rel=\"canonical\" href=\"https:\/\/comt.cat\/es\/prevencion-promocion-y-proteccion-de-la-salud-del-medico-paimm\/\" \/>\n<meta property=\"og:locale\" content=\"es_ES\" \/>\n<meta property=\"og:type\" content=\"article\" \/>\n<meta property=\"og:title\" content=\"Prevenci\u00f3n, promoci\u00f3n y protecci\u00f3n de la salud del m\u00e9dico (PAIMM) - COMT\" \/>\n<meta property=\"og:description\" content=\"En el a\u00f1o 1998, el Colegio Oficial de M\u00e9dicos de Barcelona juntamente con el Departamento de Sanidad y Seguridad Social de la Generalitat de Catalu\u00f1a y el Servicio Catal\u00e1n de Salud, crearon el Programa de Atenci\u00f3n Integral al M\u00e9dico Enfermo (PAIMM). Muy pronto se adhiri\u00f3 el Consejo de Colegios de M\u00e9dicos de Catalu\u00f1a. Este programa tiene como finalidad la atenci\u00f3n de m\u00e9dicos con problemas de salud mental y\/o adicciones posibilitando que puedan recibir el tratamiento adecuado y puedan ejercer la medicina en las mejores condiciones tanto para ellos como para sus pacientes.       El PAIMM es un programa pionero en Espa\u00f1a y en Europa y cuenta con unos procedimientos colegiales (confidencialidad, acceso directo, contratos terap\u00e9uticos para el seguimiento de casos complejos\u2026) y de una unidad asistencial con servicios de hospitalizaci\u00f3n, hospital de d\u00eda y consultas externas, la Cl\u00ednica Galatea.      A partir de la experiencia del PAIMM, el Consejo de Colegios de M\u00e9dicos de Catalu\u00f1a cre\u00f3 la Fundaci\u00f3n Galatea a principios de 2001 con el prop\u00f3sito de mejorar la salud, el bienestar y la calidad de vida de todos los profesionales de la salud. Esta fundaci\u00f3n es el marco desde el cual se ofrecen programas asistenciales a los profesionales sanitarios (PAIMM, RETORN, ASSISS y ITACA) y de prevenci\u00f3n y promoci\u00f3n de la salud.      Para poder garantizar una praxis de calidad, es imprescindible que cuidemos de la salud y el bienestar de los profesionales sanitarios. La Fundaci\u00f3n Galatea ha consolidado con \u00e9xito un modelo de asistencia y rehabilitaci\u00f3n para los profesionales de la salud que ya es un referente reconocido incluso fuera de nuestras fronteras.       Despu\u00e9s de una primera etapa liderada por el Dr. Jaume Padr\u00f3s, los patronos de la fundaci\u00f3n asumimos con ilusi\u00f3n la responsabilidad de continuar impulsando este programa con el noble prop\u00f3sito de ayudar a los profesionales que lo necesiten.             Dr. Miquel Vilardell      Presidente del Patronato  Enlace al Programa de Atenci\u00f3n Integral al M\u00e9dico Enfermo (PAIMM)\" \/>\n<meta property=\"og:url\" content=\"https:\/\/comt.cat\/es\/prevencion-promocion-y-proteccion-de-la-salud-del-medico-paimm\/\" \/>\n<meta property=\"og:site_name\" content=\"COMT\" \/>\n<meta property=\"article:published_time\" content=\"2015-07-28T00:04:39+00:00\" \/>\n<meta name=\"author\" content=\"comt\" \/>\n<meta name=\"twitter:card\" content=\"summary_large_image\" \/>\n<meta name=\"twitter:label1\" content=\"Escrito por\" \/>\n\t<meta name=\"twitter:data1\" content=\"comt\" \/>\n\t<meta name=\"twitter:label2\" content=\"Tiempo de lectura\" \/>\n\t<meta name=\"twitter:data2\" content=\"2 minutos\" \/>\n<script type=\"application\/ld+json\" class=\"yoast-schema-graph\">{\"@context\":\"https:\\\/\\\/schema.org\",\"@graph\":[{\"@type\":\"Article\",\"@id\":\"https:\\\/\\\/comt.cat\\\/es\\\/prevencion-promocion-y-proteccion-de-la-salud-del-medico-paimm\\\/#article\",\"isPartOf\":{\"@id\":\"https:\\\/\\\/comt.cat\\\/es\\\/prevencion-promocion-y-proteccion-de-la-salud-del-medico-paimm\\\/\"},\"author\":{\"name\":\"comt\",\"@id\":\"https:\\\/\\\/comt.cat\\\/#\\\/schema\\\/person\\\/e9c884d9eb13a1fd7c15c3899c93dbee\"},\"headline\":\"Prevenci\u00f3n, promoci\u00f3n y protecci\u00f3n de la salud del m\u00e9dico (PAIMM)\",\"datePublished\":\"2015-07-28T00:04:39+00:00\",\"mainEntityOfPage\":{\"@id\":\"https:\\\/\\\/comt.cat\\\/es\\\/prevencion-promocion-y-proteccion-de-la-salud-del-medico-paimm\\\/\"},\"wordCount\":360,\"commentCount\":0,\"articleSection\":[\"Prevenci\u00f3n, promoci\u00f3n y protecci\u00f3n de la salud del m\u00e9dico (PAIMM)\"],\"inLanguage\":\"es\",\"potentialAction\":[{\"@type\":\"CommentAction\",\"name\":\"Comment\",\"target\":[\"https:\\\/\\\/comt.cat\\\/es\\\/prevencion-promocion-y-proteccion-de-la-salud-del-medico-paimm\\\/#respond\"]}]},{\"@type\":\"WebPage\",\"@id\":\"https:\\\/\\\/comt.cat\\\/es\\\/prevencion-promocion-y-proteccion-de-la-salud-del-medico-paimm\\\/\",\"url\":\"https:\\\/\\\/comt.cat\\\/es\\\/prevencion-promocion-y-proteccion-de-la-salud-del-medico-paimm\\\/\",\"name\":\"Prevenci\u00f3n, promoci\u00f3n y protecci\u00f3n de la salud del m\u00e9dico (PAIMM) - COMT\",\"isPartOf\":{\"@id\":\"https:\\\/\\\/comt.cat\\\/#website\"},\"datePublished\":\"2015-07-28T00:04:39+00:00\",\"author\":{\"@id\":\"https:\\\/\\\/comt.cat\\\/#\\\/schema\\\/person\\\/e9c884d9eb13a1fd7c15c3899c93dbee\"},\"breadcrumb\":{\"@id\":\"https:\\\/\\\/comt.cat\\\/es\\\/prevencion-promocion-y-proteccion-de-la-salud-del-medico-paimm\\\/#breadcrumb\"},\"inLanguage\":\"es\",\"potentialAction\":[{\"@type\":\"ReadAction\",\"target\":[\"https:\\\/\\\/comt.cat\\\/es\\\/prevencion-promocion-y-proteccion-de-la-salud-del-medico-paimm\\\/\"]}]},{\"@type\":\"BreadcrumbList\",\"@id\":\"https:\\\/\\\/comt.cat\\\/es\\\/prevencion-promocion-y-proteccion-de-la-salud-del-medico-paimm\\\/#breadcrumb\",\"itemListElement\":[{\"@type\":\"ListItem\",\"position\":1,\"name\":\"Home\",\"item\":\"https:\\\/\\\/comt.cat\\\/es\\\/\"},{\"@type\":\"ListItem\",\"position\":2,\"name\":\"Prevenci\u00f3n, promoci\u00f3n y protecci\u00f3n de la salud del m\u00e9dico (PAIMM)\"}]},{\"@type\":\"WebSite\",\"@id\":\"https:\\\/\\\/comt.cat\\\/#website\",\"url\":\"https:\\\/\\\/comt.cat\\\/\",\"name\":\"COMT\",\"description\":\"Col\u00b7legi de Metges de Tarragona\",\"potentialAction\":[{\"@type\":\"SearchAction\",\"target\":{\"@type\":\"EntryPoint\",\"urlTemplate\":\"https:\\\/\\\/comt.cat\\\/?s={search_term_string}\"},\"query-input\":{\"@type\":\"PropertyValueSpecification\",\"valueRequired\":true,\"valueName\":\"search_term_string\"}}],\"inLanguage\":\"es\"},{\"@type\":\"Person\",\"@id\":\"https:\\\/\\\/comt.cat\\\/#\\\/schema\\\/person\\\/e9c884d9eb13a1fd7c15c3899c93dbee\",\"name\":\"comt\",\"image\":{\"@type\":\"ImageObject\",\"inLanguage\":\"es\",\"@id\":\"https:\\\/\\\/secure.gravatar.com\\\/avatar\\\/4973b6e675aecb45ab4d3cc8daea28d3f2f37d475c99290bc0b7e7fcc73af7be?s=96&d=mm&r=g\",\"url\":\"https:\\\/\\\/secure.gravatar.com\\\/avatar\\\/4973b6e675aecb45ab4d3cc8daea28d3f2f37d475c99290bc0b7e7fcc73af7be?s=96&d=mm&r=g\",\"contentUrl\":\"https:\\\/\\\/secure.gravatar.com\\\/avatar\\\/4973b6e675aecb45ab4d3cc8daea28d3f2f37d475c99290bc0b7e7fcc73af7be?s=96&d=mm&r=g\",\"caption\":\"comt\"},\"url\":\"https:\\\/\\\/comt.cat\\\/es\\\/author\\\/comt\\\/\"}]}<\/script>\n<!-- \/ Yoast SEO plugin. -->","yoast_head_json":{"title":"Prevenci\u00f3n, promoci\u00f3n y protecci\u00f3n de la salud del m\u00e9dico (PAIMM) - COMT","robots":{"index":"index","follow":"follow","max-snippet":"max-snippet:-1","max-image-preview":"max-image-preview:large","max-video-preview":"max-video-preview:-1"},"canonical":"https:\/\/comt.cat\/es\/prevencion-promocion-y-proteccion-de-la-salud-del-medico-paimm\/","og_locale":"es_ES","og_type":"article","og_title":"Prevenci\u00f3n, promoci\u00f3n y protecci\u00f3n de la salud del m\u00e9dico (PAIMM) - COMT","og_description":"En el a\u00f1o 1998, el Colegio Oficial de M\u00e9dicos de Barcelona juntamente con el Departamento de Sanidad y Seguridad Social de la Generalitat de Catalu\u00f1a y el Servicio Catal\u00e1n de Salud, crearon el Programa de Atenci\u00f3n Integral al M\u00e9dico Enfermo (PAIMM). Muy pronto se adhiri\u00f3 el Consejo de Colegios de M\u00e9dicos de Catalu\u00f1a. Este programa tiene como finalidad la atenci\u00f3n de m\u00e9dicos con problemas de salud mental y\/o adicciones posibilitando que puedan recibir el tratamiento adecuado y puedan ejercer la medicina en las mejores condiciones tanto para ellos como para sus pacientes.       El PAIMM es un programa pionero en Espa\u00f1a y en Europa y cuenta con unos procedimientos colegiales (confidencialidad, acceso directo, contratos terap\u00e9uticos para el seguimiento de casos complejos\u2026) y de una unidad asistencial con servicios de hospitalizaci\u00f3n, hospital de d\u00eda y consultas externas, la Cl\u00ednica Galatea.      A partir de la experiencia del PAIMM, el Consejo de Colegios de M\u00e9dicos de Catalu\u00f1a cre\u00f3 la Fundaci\u00f3n Galatea a principios de 2001 con el prop\u00f3sito de mejorar la salud, el bienestar y la calidad de vida de todos los profesionales de la salud. Esta fundaci\u00f3n es el marco desde el cual se ofrecen programas asistenciales a los profesionales sanitarios (PAIMM, RETORN, ASSISS y ITACA) y de prevenci\u00f3n y promoci\u00f3n de la salud.      Para poder garantizar una praxis de calidad, es imprescindible que cuidemos de la salud y el bienestar de los profesionales sanitarios. La Fundaci\u00f3n Galatea ha consolidado con \u00e9xito un modelo de asistencia y rehabilitaci\u00f3n para los profesionales de la salud que ya es un referente reconocido incluso fuera de nuestras fronteras.       Despu\u00e9s de una primera etapa liderada por el Dr. Jaume Padr\u00f3s, los patronos de la fundaci\u00f3n asumimos con ilusi\u00f3n la responsabilidad de continuar impulsando este programa con el noble prop\u00f3sito de ayudar a los profesionales que lo necesiten.             Dr. Miquel Vilardell      Presidente del Patronato  Enlace al Programa de Atenci\u00f3n Integral al M\u00e9dico Enfermo (PAIMM)","og_url":"https:\/\/comt.cat\/es\/prevencion-promocion-y-proteccion-de-la-salud-del-medico-paimm\/","og_site_name":"COMT","article_published_time":"2015-07-28T00:04:39+00:00","author":"comt","twitter_card":"summary_large_image","twitter_misc":{"Escrito por":"comt","Tiempo de lectura":"2 minutos"},"schema":{"@context":"https:\/\/schema.org","@graph":[{"@type":"Article","@id":"https:\/\/comt.cat\/es\/prevencion-promocion-y-proteccion-de-la-salud-del-medico-paimm\/#article","isPartOf":{"@id":"https:\/\/comt.cat\/es\/prevencion-promocion-y-proteccion-de-la-salud-del-medico-paimm\/"},"author":{"name":"comt","@id":"https:\/\/comt.cat\/#\/schema\/person\/e9c884d9eb13a1fd7c15c3899c93dbee"},"headline":"Prevenci\u00f3n, promoci\u00f3n y protecci\u00f3n de la salud del m\u00e9dico (PAIMM)","datePublished":"2015-07-28T00:04:39+00:00","mainEntityOfPage":{"@id":"https:\/\/comt.cat\/es\/prevencion-promocion-y-proteccion-de-la-salud-del-medico-paimm\/"},"wordCount":360,"commentCount":0,"articleSection":["Prevenci\u00f3n, promoci\u00f3n y protecci\u00f3n de la salud del m\u00e9dico (PAIMM)"],"inLanguage":"es","potentialAction":[{"@type":"CommentAction","name":"Comment","target":["https:\/\/comt.cat\/es\/prevencion-promocion-y-proteccion-de-la-salud-del-medico-paimm\/#respond"]}]},{"@type":"WebPage","@id":"https:\/\/comt.cat\/es\/prevencion-promocion-y-proteccion-de-la-salud-del-medico-paimm\/","url":"https:\/\/comt.cat\/es\/prevencion-promocion-y-proteccion-de-la-salud-del-medico-paimm\/","name":"Prevenci\u00f3n, promoci\u00f3n y protecci\u00f3n de la salud del m\u00e9dico (PAIMM) - COMT","isPartOf":{"@id":"https:\/\/comt.cat\/#website"},"datePublished":"2015-07-28T00:04:39+00:00","author":{"@id":"https:\/\/comt.cat\/#\/schema\/person\/e9c884d9eb13a1fd7c15c3899c93dbee"},"breadcrumb":{"@id":"https:\/\/comt.cat\/es\/prevencion-promocion-y-proteccion-de-la-salud-del-medico-paimm\/#breadcrumb"},"inLanguage":"es","potentialAction":[{"@type":"ReadAction","target":["https:\/\/comt.cat\/es\/prevencion-promocion-y-proteccion-de-la-salud-del-medico-paimm\/"]}]},{"@type":"BreadcrumbList","@id":"https:\/\/comt.cat\/es\/prevencion-promocion-y-proteccion-de-la-salud-del-medico-paimm\/#breadcrumb","itemListElement":[{"@type":"ListItem","position":1,"name":"Home","item":"https:\/\/comt.cat\/es\/"},{"@type":"ListItem","position":2,"name":"Prevenci\u00f3n, promoci\u00f3n y protecci\u00f3n de la salud del m\u00e9dico (PAIMM)"}]},{"@type":"WebSite","@id":"https:\/\/comt.cat\/#website","url":"https:\/\/comt.cat\/","name":"COMT","description":"Col\u00b7legi de Metges de Tarragona","potentialAction":[{"@type":"SearchAction","target":{"@type":"EntryPoint","urlTemplate":"https:\/\/comt.cat\/?s={search_term_string}"},"query-input":{"@type":"PropertyValueSpecification","valueRequired":true,"valueName":"search_term_string"}}],"inLanguage":"es"},{"@type":"Person","@id":"https:\/\/comt.cat\/#\/schema\/person\/e9c884d9eb13a1fd7c15c3899c93dbee","name":"comt","image":{"@type":"ImageObject","inLanguage":"es","@id":"https:\/\/secure.gravatar.com\/avatar\/4973b6e675aecb45ab4d3cc8daea28d3f2f37d475c99290bc0b7e7fcc73af7be?s=96&d=mm&r=g","url":"https:\/\/secure.gravatar.com\/avatar\/4973b6e675aecb45ab4d3cc8daea28d3f2f37d475c99290bc0b7e7fcc73af7be?s=96&d=mm&r=g","contentUrl":"https:\/\/secure.gravatar.com\/avatar\/4973b6e675aecb45ab4d3cc8daea28d3f2f37d475c99290bc0b7e7fcc73af7be?s=96&d=mm&r=g","caption":"comt"},"url":"https:\/\/comt.cat\/es\/author\/comt\/"}]}},"_links":{"self":[{"href":"https:\/\/comt.cat\/es\/wp-json\/wp\/v2\/posts\/727","targetHints":{"allow":["GET"]}}],"collection":[{"href":"https:\/\/comt.cat\/es\/wp-json\/wp\/v2\/posts"}],"about":[{"href":"https:\/\/comt.cat\/es\/wp-json\/wp\/v2\/types\/post"}],"author":[{"embeddable":true,"href":"https:\/\/comt.cat\/es\/wp-json\/wp\/v2\/users\/1"}],"replies":[{"embeddable":true,"href":"https:\/\/comt.cat\/es\/wp-json\/wp\/v2\/comments?post=727"}],"version-history":[{"count":0,"href":"https:\/\/comt.cat\/es\/wp-json\/wp\/v2\/posts\/727\/revisions"}],"wp:attachment":[{"href":"https:\/\/comt.cat\/es\/wp-json\/wp\/v2\/media?parent=727"}],"wp:term":[{"taxonomy":"category","embeddable":true,"href":"https:\/\/comt.cat\/es\/wp-json\/wp\/v2\/categories?post=727"},{"taxonomy":"post_tag","embeddable":true,"href":"https:\/\/comt.cat\/es\/wp-json\/wp\/v2\/tags?post=727"}],"curies":[{"name":"wp","href":"https:\/\/api.w.org\/{rel}","templated":true}]}}