{"id":732,"date":"2015-07-27T23:51:15","date_gmt":"2015-07-27T23:51:15","guid":{"rendered":"http:\/\/comt.local\/sense-categoria\/resolucion-y-formalizacion\/"},"modified":"2015-07-27T23:51:15","modified_gmt":"2015-07-27T23:51:15","slug":"resolucion-y-formalizacion","status":"publish","type":"post","link":"https:\/\/comt.cat\/es\/resolucion-y-formalizacion\/","title":{"rendered":"Resoluci\u00f3n y formalizaci\u00f3n"},"content":{"rendered":"<p>Una vez analizadas y evaluadas de manera objetiva todas las solicitudes recibidas, se pasar\u00e1 la propuesta para hacerlas efectivas a la Comisi\u00f3n del Programa de Protecci\u00f3n Social, a fin de dar su visto bueno y\u00a0emitir\u00a0la propuesta de resoluci\u00f3n para ser validada y firmada por la Junta de Gobierno del Colegio.<\/p>\n<p><strong>Solo se podr\u00e1 solicitar una ayuda por a\u00f1o.<\/strong><\/p>\n<p><strong>Las ayudas son finalistas y por consecuencia, se deber\u00e1n renovar anualmente.<\/strong><\/p>\n<p>Las solicitudes del pack beb\u00e9 deber\u00e1n presentar, desde el momento del nacimiento hasta el 28 de febrero del a\u00f1o siguiente. El resto de las prestaciones se podr\u00e1n solicitar desde el momento en que se tenga derecho hasta los tres meses siguientes.<\/p>\n<p>Las renovaciones anuales deber\u00e1n presentar antes del 30 de noviembre del a\u00f1o en curso.<\/p>\n<p>Podr\u00e1 solicitarse por escrito la devoluci\u00f3n de la documentaci\u00f3n de las solicitudes no seleccionadas, en el plazo m\u00e1ximo de un mes, que se contabilizar\u00e1 desde la fecha de la resoluci\u00f3n de la convocatoria. Toda la documentaci\u00f3n no reclamada, ser\u00e1 destruida al finalizar el plazo se\u00f1alado.<\/p>\n<p>\u00a0<\/p>\n","protected":false},"excerpt":{"rendered":"<p>Una vez analizadas y evaluadas de manera objetiva todas las solicitudes recibidas, se pasar\u00e1 la propuesta para hacerlas efectivas a la Comisi\u00f3n del Programa de Protecci\u00f3n Social, a fin de dar su visto bueno y\u00a0emitir\u00a0la propuesta de resoluci\u00f3n para ser validada y firmada por la Junta de Gobierno del Colegio.<\/p>\n<p><strong>Solo se podr\u00e1 solicitar una ayuda por a\u00f1o.<\/strong><\/p>\n<p><strong>Las ayudas son finalistas y por consecuencia, se deber\u00e1n renovar anualmente.<\/strong><\/p>\n<p>Las solicitudes del pack beb\u00e9 deber\u00e1n presentar, desde el momento del nacimiento hasta el 28 de febrero del a\u00f1o siguiente. El resto de las prestaciones se podr\u00e1n solicitar desde el momento en que se tenga derecho hasta los tres meses siguientes.<\/p>\n<p>Las renovaciones anuales deber\u00e1n presentar antes del 30 de noviembre del a\u00f1o en curso.<\/p>\n<p>Podr\u00e1 solicitarse por escrito la devoluci\u00f3n de la documentaci\u00f3n de las solicitudes no seleccionadas, en el plazo m\u00e1ximo de un mes, que se contabilizar\u00e1 desde la fecha de la resoluci\u00f3n de la convocatoria. Toda la documentaci\u00f3n no reclamada, ser\u00e1 destruida al finalizar el plazo se\u00f1alado.<\/p>\n<p>\u00a0<\/p>\n","protected":false},"author":1,"featured_media":0,"comment_status":"open","ping_status":"open","sticky":false,"template":"","format":"standard","meta":{"footnotes":""},"categories":[322],"tags":[],"class_list":["post-732","post","type-post","status-publish","format-standard","hentry","category-resolucion-y-formalizacion"],"yoast_head":"<!-- This site is optimized with the Yoast SEO plugin v27.5 - https:\/\/yoast.com\/product\/yoast-seo-wordpress\/ -->\n<title>Resoluci\u00f3n y formalizaci\u00f3n - COMT<\/title>\n<meta name=\"robots\" content=\"index, follow, max-snippet:-1, max-image-preview:large, max-video-preview:-1\" \/>\n<link rel=\"canonical\" href=\"https:\/\/comt.cat\/es\/resolucion-y-formalizacion\/\" \/>\n<meta property=\"og:locale\" content=\"es_ES\" \/>\n<meta property=\"og:type\" content=\"article\" \/>\n<meta property=\"og:title\" content=\"Resoluci\u00f3n y formalizaci\u00f3n - COMT\" \/>\n<meta property=\"og:description\" content=\"Una vez analizadas y evaluadas de manera objetiva todas las solicitudes recibidas, se pasar\u00e1 la propuesta para hacerlas efectivas a la Comisi\u00f3n del Programa de Protecci\u00f3n Social, a fin de dar su visto bueno y\u00a0emitir\u00a0la propuesta de resoluci\u00f3n para ser validada y firmada por la Junta de Gobierno del Colegio. Solo se podr\u00e1 solicitar una ayuda por a\u00f1o. Las ayudas son finalistas y por consecuencia, se deber\u00e1n renovar anualmente. Las solicitudes del pack beb\u00e9 deber\u00e1n presentar, desde el momento del nacimiento hasta el 28 de febrero del a\u00f1o siguiente. El resto de las prestaciones se podr\u00e1n solicitar desde el momento en que se tenga derecho hasta los tres meses siguientes. Las renovaciones anuales deber\u00e1n presentar antes del 30 de noviembre del a\u00f1o en curso. Podr\u00e1 solicitarse por escrito la devoluci\u00f3n de la documentaci\u00f3n de las solicitudes no seleccionadas, en el plazo m\u00e1ximo de un mes, que se contabilizar\u00e1 desde la fecha de la resoluci\u00f3n de la convocatoria. Toda la documentaci\u00f3n no reclamada, ser\u00e1 destruida al finalizar el plazo se\u00f1alado. \u00a0\" \/>\n<meta property=\"og:url\" content=\"https:\/\/comt.cat\/es\/resolucion-y-formalizacion\/\" \/>\n<meta property=\"og:site_name\" content=\"COMT\" \/>\n<meta property=\"article:published_time\" content=\"2015-07-27T23:51:15+00:00\" \/>\n<meta name=\"author\" content=\"comt\" \/>\n<meta name=\"twitter:card\" content=\"summary_large_image\" \/>\n<meta name=\"twitter:label1\" content=\"Escrito por\" \/>\n\t<meta name=\"twitter:data1\" content=\"comt\" \/>\n\t<meta name=\"twitter:label2\" content=\"Tiempo de lectura\" \/>\n\t<meta name=\"twitter:data2\" content=\"1 minuto\" \/>\n<script type=\"application\/ld+json\" class=\"yoast-schema-graph\">{\"@context\":\"https:\\\/\\\/schema.org\",\"@graph\":[{\"@type\":\"Article\",\"@id\":\"https:\\\/\\\/comt.cat\\\/es\\\/resolucion-y-formalizacion\\\/#article\",\"isPartOf\":{\"@id\":\"https:\\\/\\\/comt.cat\\\/es\\\/resolucion-y-formalizacion\\\/\"},\"author\":{\"name\":\"comt\",\"@id\":\"https:\\\/\\\/comt.cat\\\/#\\\/schema\\\/person\\\/e9c884d9eb13a1fd7c15c3899c93dbee\"},\"headline\":\"Resoluci\u00f3n y formalizaci\u00f3n\",\"datePublished\":\"2015-07-27T23:51:15+00:00\",\"mainEntityOfPage\":{\"@id\":\"https:\\\/\\\/comt.cat\\\/es\\\/resolucion-y-formalizacion\\\/\"},\"wordCount\":190,\"commentCount\":0,\"articleSection\":[\"Resoluci\u00f3n y formalizaci\u00f3n\"],\"inLanguage\":\"es\",\"potentialAction\":[{\"@type\":\"CommentAction\",\"name\":\"Comment\",\"target\":[\"https:\\\/\\\/comt.cat\\\/es\\\/resolucion-y-formalizacion\\\/#respond\"]}]},{\"@type\":\"WebPage\",\"@id\":\"https:\\\/\\\/comt.cat\\\/es\\\/resolucion-y-formalizacion\\\/\",\"url\":\"https:\\\/\\\/comt.cat\\\/es\\\/resolucion-y-formalizacion\\\/\",\"name\":\"Resoluci\u00f3n y formalizaci\u00f3n - COMT\",\"isPartOf\":{\"@id\":\"https:\\\/\\\/comt.cat\\\/#website\"},\"datePublished\":\"2015-07-27T23:51:15+00:00\",\"author\":{\"@id\":\"https:\\\/\\\/comt.cat\\\/#\\\/schema\\\/person\\\/e9c884d9eb13a1fd7c15c3899c93dbee\"},\"breadcrumb\":{\"@id\":\"https:\\\/\\\/comt.cat\\\/es\\\/resolucion-y-formalizacion\\\/#breadcrumb\"},\"inLanguage\":\"es\",\"potentialAction\":[{\"@type\":\"ReadAction\",\"target\":[\"https:\\\/\\\/comt.cat\\\/es\\\/resolucion-y-formalizacion\\\/\"]}]},{\"@type\":\"BreadcrumbList\",\"@id\":\"https:\\\/\\\/comt.cat\\\/es\\\/resolucion-y-formalizacion\\\/#breadcrumb\",\"itemListElement\":[{\"@type\":\"ListItem\",\"position\":1,\"name\":\"Home\",\"item\":\"https:\\\/\\\/comt.cat\\\/es\\\/\"},{\"@type\":\"ListItem\",\"position\":2,\"name\":\"Resoluci\u00f3n y formalizaci\u00f3n\"}]},{\"@type\":\"WebSite\",\"@id\":\"https:\\\/\\\/comt.cat\\\/#website\",\"url\":\"https:\\\/\\\/comt.cat\\\/\",\"name\":\"COMT\",\"description\":\"Col\u00b7legi de Metges de Tarragona\",\"potentialAction\":[{\"@type\":\"SearchAction\",\"target\":{\"@type\":\"EntryPoint\",\"urlTemplate\":\"https:\\\/\\\/comt.cat\\\/?s={search_term_string}\"},\"query-input\":{\"@type\":\"PropertyValueSpecification\",\"valueRequired\":true,\"valueName\":\"search_term_string\"}}],\"inLanguage\":\"es\"},{\"@type\":\"Person\",\"@id\":\"https:\\\/\\\/comt.cat\\\/#\\\/schema\\\/person\\\/e9c884d9eb13a1fd7c15c3899c93dbee\",\"name\":\"comt\",\"image\":{\"@type\":\"ImageObject\",\"inLanguage\":\"es\",\"@id\":\"https:\\\/\\\/secure.gravatar.com\\\/avatar\\\/4973b6e675aecb45ab4d3cc8daea28d3f2f37d475c99290bc0b7e7fcc73af7be?s=96&d=mm&r=g\",\"url\":\"https:\\\/\\\/secure.gravatar.com\\\/avatar\\\/4973b6e675aecb45ab4d3cc8daea28d3f2f37d475c99290bc0b7e7fcc73af7be?s=96&d=mm&r=g\",\"contentUrl\":\"https:\\\/\\\/secure.gravatar.com\\\/avatar\\\/4973b6e675aecb45ab4d3cc8daea28d3f2f37d475c99290bc0b7e7fcc73af7be?s=96&d=mm&r=g\",\"caption\":\"comt\"},\"url\":\"https:\\\/\\\/comt.cat\\\/es\\\/author\\\/comt\\\/\"}]}<\/script>\n<!-- \/ Yoast SEO plugin. -->","yoast_head_json":{"title":"Resoluci\u00f3n y formalizaci\u00f3n - COMT","robots":{"index":"index","follow":"follow","max-snippet":"max-snippet:-1","max-image-preview":"max-image-preview:large","max-video-preview":"max-video-preview:-1"},"canonical":"https:\/\/comt.cat\/es\/resolucion-y-formalizacion\/","og_locale":"es_ES","og_type":"article","og_title":"Resoluci\u00f3n y formalizaci\u00f3n - COMT","og_description":"Una vez analizadas y evaluadas de manera objetiva todas las solicitudes recibidas, se pasar\u00e1 la propuesta para hacerlas efectivas a la Comisi\u00f3n del Programa de Protecci\u00f3n Social, a fin de dar su visto bueno y\u00a0emitir\u00a0la propuesta de resoluci\u00f3n para ser validada y firmada por la Junta de Gobierno del Colegio. Solo se podr\u00e1 solicitar una ayuda por a\u00f1o. Las ayudas son finalistas y por consecuencia, se deber\u00e1n renovar anualmente. Las solicitudes del pack beb\u00e9 deber\u00e1n presentar, desde el momento del nacimiento hasta el 28 de febrero del a\u00f1o siguiente. El resto de las prestaciones se podr\u00e1n solicitar desde el momento en que se tenga derecho hasta los tres meses siguientes. Las renovaciones anuales deber\u00e1n presentar antes del 30 de noviembre del a\u00f1o en curso. Podr\u00e1 solicitarse por escrito la devoluci\u00f3n de la documentaci\u00f3n de las solicitudes no seleccionadas, en el plazo m\u00e1ximo de un mes, que se contabilizar\u00e1 desde la fecha de la resoluci\u00f3n de la convocatoria. Toda la documentaci\u00f3n no reclamada, ser\u00e1 destruida al finalizar el plazo se\u00f1alado. \u00a0","og_url":"https:\/\/comt.cat\/es\/resolucion-y-formalizacion\/","og_site_name":"COMT","article_published_time":"2015-07-27T23:51:15+00:00","author":"comt","twitter_card":"summary_large_image","twitter_misc":{"Escrito por":"comt","Tiempo de lectura":"1 minuto"},"schema":{"@context":"https:\/\/schema.org","@graph":[{"@type":"Article","@id":"https:\/\/comt.cat\/es\/resolucion-y-formalizacion\/#article","isPartOf":{"@id":"https:\/\/comt.cat\/es\/resolucion-y-formalizacion\/"},"author":{"name":"comt","@id":"https:\/\/comt.cat\/#\/schema\/person\/e9c884d9eb13a1fd7c15c3899c93dbee"},"headline":"Resoluci\u00f3n y formalizaci\u00f3n","datePublished":"2015-07-27T23:51:15+00:00","mainEntityOfPage":{"@id":"https:\/\/comt.cat\/es\/resolucion-y-formalizacion\/"},"wordCount":190,"commentCount":0,"articleSection":["Resoluci\u00f3n y formalizaci\u00f3n"],"inLanguage":"es","potentialAction":[{"@type":"CommentAction","name":"Comment","target":["https:\/\/comt.cat\/es\/resolucion-y-formalizacion\/#respond"]}]},{"@type":"WebPage","@id":"https:\/\/comt.cat\/es\/resolucion-y-formalizacion\/","url":"https:\/\/comt.cat\/es\/resolucion-y-formalizacion\/","name":"Resoluci\u00f3n y formalizaci\u00f3n - COMT","isPartOf":{"@id":"https:\/\/comt.cat\/#website"},"datePublished":"2015-07-27T23:51:15+00:00","author":{"@id":"https:\/\/comt.cat\/#\/schema\/person\/e9c884d9eb13a1fd7c15c3899c93dbee"},"breadcrumb":{"@id":"https:\/\/comt.cat\/es\/resolucion-y-formalizacion\/#breadcrumb"},"inLanguage":"es","potentialAction":[{"@type":"ReadAction","target":["https:\/\/comt.cat\/es\/resolucion-y-formalizacion\/"]}]},{"@type":"BreadcrumbList","@id":"https:\/\/comt.cat\/es\/resolucion-y-formalizacion\/#breadcrumb","itemListElement":[{"@type":"ListItem","position":1,"name":"Home","item":"https:\/\/comt.cat\/es\/"},{"@type":"ListItem","position":2,"name":"Resoluci\u00f3n y formalizaci\u00f3n"}]},{"@type":"WebSite","@id":"https:\/\/comt.cat\/#website","url":"https:\/\/comt.cat\/","name":"COMT","description":"Col\u00b7legi de Metges de Tarragona","potentialAction":[{"@type":"SearchAction","target":{"@type":"EntryPoint","urlTemplate":"https:\/\/comt.cat\/?s={search_term_string}"},"query-input":{"@type":"PropertyValueSpecification","valueRequired":true,"valueName":"search_term_string"}}],"inLanguage":"es"},{"@type":"Person","@id":"https:\/\/comt.cat\/#\/schema\/person\/e9c884d9eb13a1fd7c15c3899c93dbee","name":"comt","image":{"@type":"ImageObject","inLanguage":"es","@id":"https:\/\/secure.gravatar.com\/avatar\/4973b6e675aecb45ab4d3cc8daea28d3f2f37d475c99290bc0b7e7fcc73af7be?s=96&d=mm&r=g","url":"https:\/\/secure.gravatar.com\/avatar\/4973b6e675aecb45ab4d3cc8daea28d3f2f37d475c99290bc0b7e7fcc73af7be?s=96&d=mm&r=g","contentUrl":"https:\/\/secure.gravatar.com\/avatar\/4973b6e675aecb45ab4d3cc8daea28d3f2f37d475c99290bc0b7e7fcc73af7be?s=96&d=mm&r=g","caption":"comt"},"url":"https:\/\/comt.cat\/es\/author\/comt\/"}]}},"_links":{"self":[{"href":"https:\/\/comt.cat\/es\/wp-json\/wp\/v2\/posts\/732","targetHints":{"allow":["GET"]}}],"collection":[{"href":"https:\/\/comt.cat\/es\/wp-json\/wp\/v2\/posts"}],"about":[{"href":"https:\/\/comt.cat\/es\/wp-json\/wp\/v2\/types\/post"}],"author":[{"embeddable":true,"href":"https:\/\/comt.cat\/es\/wp-json\/wp\/v2\/users\/1"}],"replies":[{"embeddable":true,"href":"https:\/\/comt.cat\/es\/wp-json\/wp\/v2\/comments?post=732"}],"version-history":[{"count":0,"href":"https:\/\/comt.cat\/es\/wp-json\/wp\/v2\/posts\/732\/revisions"}],"wp:attachment":[{"href":"https:\/\/comt.cat\/es\/wp-json\/wp\/v2\/media?parent=732"}],"wp:term":[{"taxonomy":"category","embeddable":true,"href":"https:\/\/comt.cat\/es\/wp-json\/wp\/v2\/categories?post=732"},{"taxonomy":"post_tag","embeddable":true,"href":"https:\/\/comt.cat\/es\/wp-json\/wp\/v2\/tags?post=732"}],"curies":[{"name":"wp","href":"https:\/\/api.w.org\/{rel}","templated":true}]}}