{"id":736,"date":"2019-03-05T01:20:00","date_gmt":"2019-03-05T01:20:00","guid":{"rendered":"http:\/\/comt.local\/sense-categoria\/huerfano-con-discapacidad\/"},"modified":"2019-03-05T01:20:00","modified_gmt":"2019-03-05T01:20:00","slug":"huerfano-con-discapacidad","status":"publish","type":"post","link":"https:\/\/comt.cat\/es\/huerfano-con-discapacidad\/","title":{"rendered":"Hu\u00e9rfano con discapacidad"},"content":{"rendered":"<p>\u00a0<\/p>\n<h4>Definici\u00f3n<\/h4>\n<p>Ayuda econ\u00f3mica de pago mensual y renovable anualmente, destinada a sufragar los gastos derivados de una situaci\u00f3n de discapacidad y\/o dependencia.<\/p>\n<p>Discapacidad reconocida igua o superior al 65%.<\/p>\n<p>\u00a0<\/p>\n<h4>Destinatarios<\/h4>\n<p>Hu\u00e9rfanos e hijos de: m\u00e9dicos fallecidos, m\u00e9dicos jubilador (y sin recursos) o con discapacidad.<\/p>\n<p>\u00a0<\/p>\n<h4>Funciones<\/h4>\n<p>Ayudar en la cobertura de los gastos derivados de una situaci\u00f3n de discapacidad y\/o dependencia de las personas incluidas como colectivo destinatario.<\/p>\n<p>\u00a0<\/p>\n<h4>Aportaci\u00f3n del PPS COMT<\/h4>\n<p>546 \u20ac al mes.<\/p>\n<p>\u00a0<\/p>\n<h4>Documentaci\u00f3n a entregar para la solicitud de alta<\/h4>\n<ul>\n<li>Impreso de solicitud debidamente cumplimentado y firmado.<\/li>\n<li>NIF de la persona beneficiaria de la prestacio\u0301n.<\/li>\n<li>Libro de Familia.<\/li>\n<li>Certificacion de Vida.<\/li>\n<li>Certificado de defuncio\u0301n del socio protector fallecido o de ambos progenitores si lo esta\u0301n.<\/li>\n<li>Reconocimiento de Grado de Discapacidad, Dependencia y el Plan de Atencio\u0301n Individualizado (PIA).<\/li>\n<li>Sentencia de Tutela, si es el caso. Adjuntar NIF de quien ostente la misma.\u00a0<\/li>\n<li>Justificantes de ingresos de todos los miembros de la Unidad Familiar segu\u0301n el caso:\n<ul>\n<li>Declaracio\u0301n de renta del u\u0301ltimo ejercicio econo\u0301mico de cada uno de los miembros de la Unidad Familiar obligados a declarar.<br \/>En caso de no hacer la declaracio\u0301n de la renta, presentar Certificado de imputaciones del IRPF de todos los miembros de la Unidad Familiar.<\/li>\n<li>Certificado actual de todas las pensiones pu\u0301blicas, las reciban o no, de toda la Unidad Familiar.<\/li>\n<\/ul>\n<\/li>\n<li>Comprobante bancario que garantice la titularidad de la cuenta por parte de la persona objeto de la prestacio\u0301n.<\/li>\n<\/ul>\n<p><!--ul>\n\n\n<li>Hasta 40.000 \u20ac a\u00f1o \/ UF: 50% del coste de la ayuda.<\/li>\n\n\n\n\n<li>De 40.001 \u20ac hasta 60.000\u20ac  a\u00f1o \/ UF: 25% del coste de la ayuda<\/li>\n\n\n\n\n<li>M\u00e1s de 60.001 \u20ac  a\u00f1o \/ UF: importe m\u00e1ximo de la ayuda de 300 \u20ac<\/li>\n\n\n<\/ul-->\n<p>\u00a0<\/p>\n<h4>M\u00e1s informaci\u00f3n:<\/h4>\n<p><a href=\"\/wp-content\/uploads\/joomla_images\/CatalegServeis\/condicionsAcces.pdf\">Condiciones de acceso <span class=\"fa fa-download\">\u00a0<\/span><\/a><\/p>\n<p><a href=\"\/wp-content\/uploads\/joomla_images\/CatalegServeis\/FormulariAtencioSocial.pdf\">Formulario de solicitud <span class=\"fa fa-download\">\u00a0<\/span><\/a><\/p>\n<p><a href=\"\/wp-content\/uploads\/joomla_images\/CatalegServeis\/mod145_es_es.pdf\">Modelo145 <span class=\"fa fa-download\">\u00a0<\/span><\/a><\/p>\n<p><a href=\"\/wp-content\/uploads\/joomla_images\/CatalegServeis\/pr\u00f2rrogaAnual.pdf\">Solicitud de pr\u00f3rroga anual <span class=\"fa fa-download\">\u00a0<\/span><\/a><\/p>\n<p>\u00a0<\/p>\n","protected":false},"excerpt":{"rendered":"<p>\u00a0<\/p>\n<h4>Definici\u00f3n<\/h4>\n<p>Ayuda econ\u00f3mica de pago mensual y renovable anualmente, destinada a sufragar los gastos derivados de una situaci\u00f3n de discapacidad y\/o dependencia.<\/p>\n<p>Discapacidad reconocida igua o superior al 65%.<\/p>\n<p>\u00a0<\/p>\n<h4>Destinatarios<\/h4>\n<p>Hu\u00e9rfanos e hijos de: m\u00e9dicos fallecidos, m\u00e9dicos jubilador (y sin recursos) o con discapacidad.<\/p>\n<p>\u00a0<\/p>\n<h4>Funciones<\/h4>\n<p>Ayudar en la cobertura de los gastos derivados de una situaci\u00f3n de discapacidad y\/o dependencia de las personas incluidas como colectivo destinatario.<\/p>\n<p>\u00a0<\/p>\n<h4>Aportaci\u00f3n del PPS COMT<\/h4>\n<p>546 \u20ac al mes.<\/p>\n<p>\u00a0<\/p>\n<h4>Documentaci\u00f3n a entregar para la solicitud de alta<\/h4>\n<ul>\n<li>Impreso de solicitud debidamente cumplimentado y firmado.<\/li>\n<li>NIF de la persona beneficiaria de la prestacio\u0301n.<\/li>\n<li>Libro de Familia.<\/li>\n<li>Certificacion de Vida.<\/li>\n<li>Certificado de defuncio\u0301n del socio protector fallecido o de ambos progenitores si lo esta\u0301n.<\/li>\n<li>Reconocimiento de Grado de Discapacidad, Dependencia y el Plan de Atencio\u0301n Individualizado (PIA).<\/li>\n<li>Sentencia de Tutela, si es el caso. Adjuntar NIF de quien ostente la misma.\u00a0<\/li>\n<li>Justificantes de ingresos de todos los miembros de la Unidad Familiar segu\u0301n el caso:\n<ul>\n<li>Declaracio\u0301n de renta del u\u0301ltimo ejercicio econo\u0301mico de cada uno de los miembros de la Unidad Familiar obligados a declarar.<br \/>En caso de no hacer la declaracio\u0301n de la renta, presentar Certificado de imputaciones del IRPF de todos los miembros de la Unidad Familiar.<\/li>\n<li>Certificado actual de todas las pensiones pu\u0301blicas, las reciban o no, de toda la Unidad Familiar.<\/li>\n<\/ul>\n<\/li>\n<li>Comprobante bancario que garantice la titularidad de la cuenta por parte de la persona objeto de la prestacio\u0301n.<\/li>\n<\/ul>\n<p><!--ul>\n\n\n<li>Hasta 40.000 \u20ac a\u00f1o \/ UF: 50% del coste de la ayuda.<\/li>\n\n\n\n\n<li>De 40.001 \u20ac hasta 60.000\u20ac  a\u00f1o \/ UF: 25% del coste de la ayuda<\/li>\n\n\n\n\n<li>M\u00e1s de 60.001 \u20ac  a\u00f1o \/ UF: importe m\u00e1ximo de la ayuda de 300 \u20ac<\/li>\n\n\n<\/ul-->\n<p>\u00a0<\/p>\n<h4>M\u00e1s informaci\u00f3n:<\/h4>\n<p><a href=\"\/wp-content\/uploads\/joomla_images\/CatalegServeis\/condicionsAcces.pdf\">Condiciones de acceso <span class=\"fa fa-download\">\u00a0<\/span><\/a><\/p>\n<p><a href=\"\/wp-content\/uploads\/joomla_images\/CatalegServeis\/FormulariAtencioSocial.pdf\">Formulario de solicitud <span class=\"fa fa-download\">\u00a0<\/span><\/a><\/p>\n<p><a href=\"\/wp-content\/uploads\/joomla_images\/CatalegServeis\/mod145_es_es.pdf\">Modelo145 <span class=\"fa fa-download\">\u00a0<\/span><\/a><\/p>\n<p><a href=\"\/wp-content\/uploads\/joomla_images\/CatalegServeis\/pr\u00f2rrogaAnual.pdf\">Solicitud de pr\u00f3rroga anual <span class=\"fa fa-download\">\u00a0<\/span><\/a><\/p>\n<p>\u00a0<\/p>\n","protected":false},"author":1,"featured_media":0,"comment_status":"open","ping_status":"open","sticky":false,"template":"","format":"standard","meta":{"footnotes":""},"categories":[349],"tags":[],"class_list":["post-736","post","type-post","status-publish","format-standard","hentry","category-huerfano-con-discapacidad"],"yoast_head":"<!-- This site is optimized with the Yoast SEO plugin v27.5 - https:\/\/yoast.com\/product\/yoast-seo-wordpress\/ -->\n<title>Hu\u00e9rfano con discapacidad - COMT<\/title>\n<meta name=\"robots\" content=\"index, follow, max-snippet:-1, max-image-preview:large, max-video-preview:-1\" \/>\n<link rel=\"canonical\" href=\"https:\/\/comt.cat\/es\/huerfano-con-discapacidad\/\" \/>\n<meta property=\"og:locale\" content=\"es_ES\" \/>\n<meta property=\"og:type\" content=\"article\" \/>\n<meta property=\"og:title\" content=\"Hu\u00e9rfano con discapacidad - COMT\" \/>\n<meta property=\"og:description\" content=\"\u00a0 Definici\u00f3n Ayuda econ\u00f3mica de pago mensual y renovable anualmente, destinada a sufragar los gastos derivados de una situaci\u00f3n de discapacidad y\/o dependencia. Discapacidad reconocida igua o superior al 65%. \u00a0 Destinatarios Hu\u00e9rfanos e hijos de: m\u00e9dicos fallecidos, m\u00e9dicos jubilador (y sin recursos) o con discapacidad. \u00a0 Funciones Ayudar en la cobertura de los gastos derivados de una situaci\u00f3n de discapacidad y\/o dependencia de las personas incluidas como colectivo destinatario. \u00a0 Aportaci\u00f3n del PPS COMT 546 \u20ac al mes. \u00a0 Documentaci\u00f3n a entregar para la solicitud de alta  Impreso de solicitud debidamente cumplimentado y firmado. NIF de la persona beneficiaria de la prestacio\u0301n. Libro de Familia. Certificacion de Vida. Certificado de defuncio\u0301n del socio protector fallecido o de ambos progenitores si lo esta\u0301n. Reconocimiento de Grado de Discapacidad, Dependencia y el Plan de Atencio\u0301n Individualizado (PIA). Sentencia de Tutela, si es el caso. Adjuntar NIF de quien ostente la misma.\u00a0 Justificantes de ingresos de todos los miembros de la Unidad Familiar segu\u0301n el caso:  Declaracio\u0301n de renta del u\u0301ltimo ejercicio econo\u0301mico de cada uno de los miembros de la Unidad Familiar obligados a declarar.En caso de no hacer la declaracio\u0301n de la renta, presentar Certificado de imputaciones del IRPF de todos los miembros de la Unidad Familiar. Certificado actual de todas las pensiones pu\u0301blicas, las reciban o no, de toda la Unidad Familiar.   Comprobante bancario que garantice la titularidad de la cuenta por parte de la persona objeto de la prestacio\u0301n.   \u00a0 M\u00e1s informaci\u00f3n: Condiciones de acceso \u00a0 Formulario de solicitud \u00a0 Modelo145 \u00a0 Solicitud de pr\u00f3rroga anual \u00a0 \u00a0\" \/>\n<meta property=\"og:url\" content=\"https:\/\/comt.cat\/es\/huerfano-con-discapacidad\/\" \/>\n<meta property=\"og:site_name\" content=\"COMT\" \/>\n<meta property=\"article:published_time\" content=\"2019-03-05T01:20:00+00:00\" \/>\n<meta name=\"author\" content=\"comt\" \/>\n<meta name=\"twitter:card\" content=\"summary_large_image\" \/>\n<meta name=\"twitter:label1\" content=\"Escrito por\" \/>\n\t<meta name=\"twitter:data1\" content=\"comt\" \/>\n\t<meta name=\"twitter:label2\" content=\"Tiempo de lectura\" \/>\n\t<meta name=\"twitter:data2\" content=\"1 minuto\" \/>\n<script type=\"application\/ld+json\" class=\"yoast-schema-graph\">{\"@context\":\"https:\\\/\\\/schema.org\",\"@graph\":[{\"@type\":\"Article\",\"@id\":\"https:\\\/\\\/comt.cat\\\/es\\\/huerfano-con-discapacidad\\\/#article\",\"isPartOf\":{\"@id\":\"https:\\\/\\\/comt.cat\\\/es\\\/huerfano-con-discapacidad\\\/\"},\"author\":{\"name\":\"comt\",\"@id\":\"https:\\\/\\\/comt.cat\\\/#\\\/schema\\\/person\\\/e9c884d9eb13a1fd7c15c3899c93dbee\"},\"headline\":\"Hu\u00e9rfano con discapacidad\",\"datePublished\":\"2019-03-05T01:20:00+00:00\",\"mainEntityOfPage\":{\"@id\":\"https:\\\/\\\/comt.cat\\\/es\\\/huerfano-con-discapacidad\\\/\"},\"wordCount\":276,\"commentCount\":0,\"articleSection\":[\"Hu\u00e9rfano con discapacidad\"],\"inLanguage\":\"es\",\"potentialAction\":[{\"@type\":\"CommentAction\",\"name\":\"Comment\",\"target\":[\"https:\\\/\\\/comt.cat\\\/es\\\/huerfano-con-discapacidad\\\/#respond\"]}]},{\"@type\":\"WebPage\",\"@id\":\"https:\\\/\\\/comt.cat\\\/es\\\/huerfano-con-discapacidad\\\/\",\"url\":\"https:\\\/\\\/comt.cat\\\/es\\\/huerfano-con-discapacidad\\\/\",\"name\":\"Hu\u00e9rfano con discapacidad - COMT\",\"isPartOf\":{\"@id\":\"https:\\\/\\\/comt.cat\\\/#website\"},\"datePublished\":\"2019-03-05T01:20:00+00:00\",\"author\":{\"@id\":\"https:\\\/\\\/comt.cat\\\/#\\\/schema\\\/person\\\/e9c884d9eb13a1fd7c15c3899c93dbee\"},\"breadcrumb\":{\"@id\":\"https:\\\/\\\/comt.cat\\\/es\\\/huerfano-con-discapacidad\\\/#breadcrumb\"},\"inLanguage\":\"es\",\"potentialAction\":[{\"@type\":\"ReadAction\",\"target\":[\"https:\\\/\\\/comt.cat\\\/es\\\/huerfano-con-discapacidad\\\/\"]}]},{\"@type\":\"BreadcrumbList\",\"@id\":\"https:\\\/\\\/comt.cat\\\/es\\\/huerfano-con-discapacidad\\\/#breadcrumb\",\"itemListElement\":[{\"@type\":\"ListItem\",\"position\":1,\"name\":\"Home\",\"item\":\"https:\\\/\\\/comt.cat\\\/es\\\/\"},{\"@type\":\"ListItem\",\"position\":2,\"name\":\"Hu\u00e9rfano con discapacidad\"}]},{\"@type\":\"WebSite\",\"@id\":\"https:\\\/\\\/comt.cat\\\/#website\",\"url\":\"https:\\\/\\\/comt.cat\\\/\",\"name\":\"COMT\",\"description\":\"Col\u00b7legi de Metges de Tarragona\",\"potentialAction\":[{\"@type\":\"SearchAction\",\"target\":{\"@type\":\"EntryPoint\",\"urlTemplate\":\"https:\\\/\\\/comt.cat\\\/?s={search_term_string}\"},\"query-input\":{\"@type\":\"PropertyValueSpecification\",\"valueRequired\":true,\"valueName\":\"search_term_string\"}}],\"inLanguage\":\"es\"},{\"@type\":\"Person\",\"@id\":\"https:\\\/\\\/comt.cat\\\/#\\\/schema\\\/person\\\/e9c884d9eb13a1fd7c15c3899c93dbee\",\"name\":\"comt\",\"image\":{\"@type\":\"ImageObject\",\"inLanguage\":\"es\",\"@id\":\"https:\\\/\\\/secure.gravatar.com\\\/avatar\\\/4973b6e675aecb45ab4d3cc8daea28d3f2f37d475c99290bc0b7e7fcc73af7be?s=96&d=mm&r=g\",\"url\":\"https:\\\/\\\/secure.gravatar.com\\\/avatar\\\/4973b6e675aecb45ab4d3cc8daea28d3f2f37d475c99290bc0b7e7fcc73af7be?s=96&d=mm&r=g\",\"contentUrl\":\"https:\\\/\\\/secure.gravatar.com\\\/avatar\\\/4973b6e675aecb45ab4d3cc8daea28d3f2f37d475c99290bc0b7e7fcc73af7be?s=96&d=mm&r=g\",\"caption\":\"comt\"},\"url\":\"https:\\\/\\\/comt.cat\\\/es\\\/author\\\/comt\\\/\"}]}<\/script>\n<!-- \/ Yoast SEO plugin. -->","yoast_head_json":{"title":"Hu\u00e9rfano con discapacidad - COMT","robots":{"index":"index","follow":"follow","max-snippet":"max-snippet:-1","max-image-preview":"max-image-preview:large","max-video-preview":"max-video-preview:-1"},"canonical":"https:\/\/comt.cat\/es\/huerfano-con-discapacidad\/","og_locale":"es_ES","og_type":"article","og_title":"Hu\u00e9rfano con discapacidad - COMT","og_description":"\u00a0 Definici\u00f3n Ayuda econ\u00f3mica de pago mensual y renovable anualmente, destinada a sufragar los gastos derivados de una situaci\u00f3n de discapacidad y\/o dependencia. Discapacidad reconocida igua o superior al 65%. \u00a0 Destinatarios Hu\u00e9rfanos e hijos de: m\u00e9dicos fallecidos, m\u00e9dicos jubilador (y sin recursos) o con discapacidad. \u00a0 Funciones Ayudar en la cobertura de los gastos derivados de una situaci\u00f3n de discapacidad y\/o dependencia de las personas incluidas como colectivo destinatario. \u00a0 Aportaci\u00f3n del PPS COMT 546 \u20ac al mes. \u00a0 Documentaci\u00f3n a entregar para la solicitud de alta  Impreso de solicitud debidamente cumplimentado y firmado. NIF de la persona beneficiaria de la prestacio\u0301n. Libro de Familia. Certificacion de Vida. Certificado de defuncio\u0301n del socio protector fallecido o de ambos progenitores si lo esta\u0301n. Reconocimiento de Grado de Discapacidad, Dependencia y el Plan de Atencio\u0301n Individualizado (PIA). Sentencia de Tutela, si es el caso. Adjuntar NIF de quien ostente la misma.\u00a0 Justificantes de ingresos de todos los miembros de la Unidad Familiar segu\u0301n el caso:  Declaracio\u0301n de renta del u\u0301ltimo ejercicio econo\u0301mico de cada uno de los miembros de la Unidad Familiar obligados a declarar.En caso de no hacer la declaracio\u0301n de la renta, presentar Certificado de imputaciones del IRPF de todos los miembros de la Unidad Familiar. Certificado actual de todas las pensiones pu\u0301blicas, las reciban o no, de toda la Unidad Familiar.   Comprobante bancario que garantice la titularidad de la cuenta por parte de la persona objeto de la prestacio\u0301n.   \u00a0 M\u00e1s informaci\u00f3n: Condiciones de acceso \u00a0 Formulario de solicitud \u00a0 Modelo145 \u00a0 Solicitud de pr\u00f3rroga anual \u00a0 \u00a0","og_url":"https:\/\/comt.cat\/es\/huerfano-con-discapacidad\/","og_site_name":"COMT","article_published_time":"2019-03-05T01:20:00+00:00","author":"comt","twitter_card":"summary_large_image","twitter_misc":{"Escrito por":"comt","Tiempo de lectura":"1 minuto"},"schema":{"@context":"https:\/\/schema.org","@graph":[{"@type":"Article","@id":"https:\/\/comt.cat\/es\/huerfano-con-discapacidad\/#article","isPartOf":{"@id":"https:\/\/comt.cat\/es\/huerfano-con-discapacidad\/"},"author":{"name":"comt","@id":"https:\/\/comt.cat\/#\/schema\/person\/e9c884d9eb13a1fd7c15c3899c93dbee"},"headline":"Hu\u00e9rfano con discapacidad","datePublished":"2019-03-05T01:20:00+00:00","mainEntityOfPage":{"@id":"https:\/\/comt.cat\/es\/huerfano-con-discapacidad\/"},"wordCount":276,"commentCount":0,"articleSection":["Hu\u00e9rfano con discapacidad"],"inLanguage":"es","potentialAction":[{"@type":"CommentAction","name":"Comment","target":["https:\/\/comt.cat\/es\/huerfano-con-discapacidad\/#respond"]}]},{"@type":"WebPage","@id":"https:\/\/comt.cat\/es\/huerfano-con-discapacidad\/","url":"https:\/\/comt.cat\/es\/huerfano-con-discapacidad\/","name":"Hu\u00e9rfano con discapacidad - COMT","isPartOf":{"@id":"https:\/\/comt.cat\/#website"},"datePublished":"2019-03-05T01:20:00+00:00","author":{"@id":"https:\/\/comt.cat\/#\/schema\/person\/e9c884d9eb13a1fd7c15c3899c93dbee"},"breadcrumb":{"@id":"https:\/\/comt.cat\/es\/huerfano-con-discapacidad\/#breadcrumb"},"inLanguage":"es","potentialAction":[{"@type":"ReadAction","target":["https:\/\/comt.cat\/es\/huerfano-con-discapacidad\/"]}]},{"@type":"BreadcrumbList","@id":"https:\/\/comt.cat\/es\/huerfano-con-discapacidad\/#breadcrumb","itemListElement":[{"@type":"ListItem","position":1,"name":"Home","item":"https:\/\/comt.cat\/es\/"},{"@type":"ListItem","position":2,"name":"Hu\u00e9rfano con discapacidad"}]},{"@type":"WebSite","@id":"https:\/\/comt.cat\/#website","url":"https:\/\/comt.cat\/","name":"COMT","description":"Col\u00b7legi de Metges de Tarragona","potentialAction":[{"@type":"SearchAction","target":{"@type":"EntryPoint","urlTemplate":"https:\/\/comt.cat\/?s={search_term_string}"},"query-input":{"@type":"PropertyValueSpecification","valueRequired":true,"valueName":"search_term_string"}}],"inLanguage":"es"},{"@type":"Person","@id":"https:\/\/comt.cat\/#\/schema\/person\/e9c884d9eb13a1fd7c15c3899c93dbee","name":"comt","image":{"@type":"ImageObject","inLanguage":"es","@id":"https:\/\/secure.gravatar.com\/avatar\/4973b6e675aecb45ab4d3cc8daea28d3f2f37d475c99290bc0b7e7fcc73af7be?s=96&d=mm&r=g","url":"https:\/\/secure.gravatar.com\/avatar\/4973b6e675aecb45ab4d3cc8daea28d3f2f37d475c99290bc0b7e7fcc73af7be?s=96&d=mm&r=g","contentUrl":"https:\/\/secure.gravatar.com\/avatar\/4973b6e675aecb45ab4d3cc8daea28d3f2f37d475c99290bc0b7e7fcc73af7be?s=96&d=mm&r=g","caption":"comt"},"url":"https:\/\/comt.cat\/es\/author\/comt\/"}]}},"_links":{"self":[{"href":"https:\/\/comt.cat\/es\/wp-json\/wp\/v2\/posts\/736","targetHints":{"allow":["GET"]}}],"collection":[{"href":"https:\/\/comt.cat\/es\/wp-json\/wp\/v2\/posts"}],"about":[{"href":"https:\/\/comt.cat\/es\/wp-json\/wp\/v2\/types\/post"}],"author":[{"embeddable":true,"href":"https:\/\/comt.cat\/es\/wp-json\/wp\/v2\/users\/1"}],"replies":[{"embeddable":true,"href":"https:\/\/comt.cat\/es\/wp-json\/wp\/v2\/comments?post=736"}],"version-history":[{"count":0,"href":"https:\/\/comt.cat\/es\/wp-json\/wp\/v2\/posts\/736\/revisions"}],"wp:attachment":[{"href":"https:\/\/comt.cat\/es\/wp-json\/wp\/v2\/media?parent=736"}],"wp:term":[{"taxonomy":"category","embeddable":true,"href":"https:\/\/comt.cat\/es\/wp-json\/wp\/v2\/categories?post=736"},{"taxonomy":"post_tag","embeddable":true,"href":"https:\/\/comt.cat\/es\/wp-json\/wp\/v2\/tags?post=736"}],"curies":[{"name":"wp","href":"https:\/\/api.w.org\/{rel}","templated":true}]}}