{"id":739,"date":"2015-07-28T00:00:15","date_gmt":"2015-07-28T00:00:15","guid":{"rendered":"http:\/\/comt.local\/sense-categoria\/conciliacion-de-la-vida-familiar-y-laboral\/"},"modified":"2015-07-28T00:00:15","modified_gmt":"2015-07-28T00:00:15","slug":"conciliacion-de-la-vida-familiar-y-laboral","status":"publish","type":"post","link":"https:\/\/comt.cat\/es\/conciliacion-de-la-vida-familiar-y-laboral\/","title":{"rendered":"Conciliaci\u00f3n de la vida familiar y laboral"},"content":{"rendered":"<p>\u00a0<\/p>\n<p>El tiempo disponible, las responsabilidades familiares y la jornada laboral, as\u00ed como el ritmo de trabajo de los colegiados, condiciona la forma en que se vive la conciliaci\u00f3n del \u00e1mbito laboral con el personal y el familiar. Desde PPS del COMT se quiere hacer m\u00e1s f\u00e1cil la conciliaci\u00f3n principalmente con la llegada de un miembro en la familia, cambio de residencia, etc.<\/p>\n<h3>Ayudas<\/h3>\n<h5><span class=\"fa fa-hand-o-right\">\u00a0<\/span><a href=\"index.php\/es\/colegiados\/catalogo-de-servicios\/programa-de-proteccion-social\/ayudas-sociales-y-economicas\/conciliacion-de-la-vida-familiar-y-laboral\/ayuda-para-el-recien-nacido\">Ayuda para el reci\u00e9n nacido <span class=\"fa fa-external-link\">\u00a0<\/span><\/a><\/h5>\n<h5><span class=\"fa fa-hand-o-right\">\u00a0<\/span><a href=\"es\/colegiados\/catalogo-de-servicios\/programa-de-proteccion-social\/ayudas-sociales-y-economicas\/conciliacion-de-la-vida-familiar-y-laboral\/ayudas-especiales-para-covid-19\">Ayudas especiales por Covid-19 <span class=\"fa fa-external-link\">\u00a0<\/span><\/a><\/h5>\n<h5><span class=\"fa fa-hand-o-right\">\u00a0<\/span><a href=\"index.php\/es\/colegiados\/catalogo-de-servicios\/programa-de-proteccion-social\/ayudas-sociales-y-economicas\/conciliacion-de-la-vida-familiar-y-laboral\/apoyo-economico-para-colonias-o-casales-de-verano-para-hijos-discapacitados\">Apoyo econ\u00f3mico para colonias o casales de verano para hijos discapacitados <span class=\"fa fa-external-link\">\u00a0<\/span><\/a><\/h5>\n<h5><span class=\"fa fa-hand-o-right\">\u00a0<\/span><a href=\"index.php\/es\/colegiados\/catalogo-de-servicios\/programa-de-proteccion-social\/ayudas-sociales-y-economicas\/conciliacion-de-la-vida-familiar-y-laboral\/apoyo-al-mir\">Apoyo al MIR <span class=\"fa fa-external-link\">\u00a0<\/span><\/a><\/h5>\n<h5><span class=\"fa fa-hand-o-right\">\u00a0<\/span><a href=\"index.php\/es\/colegiados\/catalogo-de-servicios\/programa-de-proteccion-social\/ayudas-sociales-y-economicas\/conciliacion-de-la-vida-familiar-y-laboral\/apoyo-a-los-medicos-en-paro\">Apoyo a los m\u00e9dicos en paro <span class=\"fa fa-external-link\">\u00a0<\/span><\/a><\/h5>\n<h5><span class=\"fa fa-hand-o-right\">\u00a0<\/span><a href=\"es\/colegiados\/catalogo-de-servicios\/programa-de-proteccion-social\/ayudas-sociales-y-economicas\/conciliacion-de-la-vida-familiar-y-laboral\/exencion-de-cuotas-colegiales\">Exenci\u00f3n de cuotas colegiales <span class=\"fa fa-external-link\">\u00a0<\/span><\/a><\/h5>\n<h5><span class=\"fa fa-hand-o-right\">\u00a0<\/span><a href=\"es\/colegiados\/catalogo-de-servicios\/programa-de-proteccion-social\/ayudas-sociales-y-economicas\/conciliacion-de-la-vida-familiar-y-laboral\/prestaciones-educacionales\">Prestaciones educacionales <span class=\"fa fa-external-link\">\u00a0<\/span><\/a><\/h5><\/p>\n","protected":false},"excerpt":{"rendered":"<p>\u00a0<\/p>\n<p>El tiempo disponible, las responsabilidades familiares y la jornada laboral, as\u00ed como el ritmo de trabajo de los colegiados, condiciona la forma en que se vive la conciliaci\u00f3n del \u00e1mbito laboral con el personal y el familiar. Desde PPS del COMT se quiere hacer m\u00e1s f\u00e1cil la conciliaci\u00f3n principalmente con la llegada de un miembro en la familia, cambio de residencia, etc.<\/p>\n<h3>Ayudas<\/h3>\n<h5><span class=\"fa fa-hand-o-right\">\u00a0<\/span><a href=\"index.php\/es\/colegiados\/catalogo-de-servicios\/programa-de-proteccion-social\/ayudas-sociales-y-economicas\/conciliacion-de-la-vida-familiar-y-laboral\/ayuda-para-el-recien-nacido\">Ayuda para el reci\u00e9n nacido <span class=\"fa fa-external-link\">\u00a0<\/span><\/a><\/h5>\n<h5><span class=\"fa fa-hand-o-right\">\u00a0<\/span><a href=\"es\/colegiados\/catalogo-de-servicios\/programa-de-proteccion-social\/ayudas-sociales-y-economicas\/conciliacion-de-la-vida-familiar-y-laboral\/ayudas-especiales-para-covid-19\">Ayudas especiales por Covid-19 <span class=\"fa fa-external-link\">\u00a0<\/span><\/a><\/h5>\n<h5><span class=\"fa fa-hand-o-right\">\u00a0<\/span><a href=\"index.php\/es\/colegiados\/catalogo-de-servicios\/programa-de-proteccion-social\/ayudas-sociales-y-economicas\/conciliacion-de-la-vida-familiar-y-laboral\/apoyo-economico-para-colonias-o-casales-de-verano-para-hijos-discapacitados\">Apoyo econ\u00f3mico para colonias o casales de verano para hijos discapacitados <span class=\"fa fa-external-link\">\u00a0<\/span><\/a><\/h5>\n<h5><span class=\"fa fa-hand-o-right\">\u00a0<\/span><a href=\"index.php\/es\/colegiados\/catalogo-de-servicios\/programa-de-proteccion-social\/ayudas-sociales-y-economicas\/conciliacion-de-la-vida-familiar-y-laboral\/apoyo-al-mir\">Apoyo al MIR <span class=\"fa fa-external-link\">\u00a0<\/span><\/a><\/h5>\n<h5><span class=\"fa fa-hand-o-right\">\u00a0<\/span><a href=\"index.php\/es\/colegiados\/catalogo-de-servicios\/programa-de-proteccion-social\/ayudas-sociales-y-economicas\/conciliacion-de-la-vida-familiar-y-laboral\/apoyo-a-los-medicos-en-paro\">Apoyo a los m\u00e9dicos en paro <span class=\"fa fa-external-link\">\u00a0<\/span><\/a><\/h5>\n<h5><span class=\"fa fa-hand-o-right\">\u00a0<\/span><a href=\"es\/colegiados\/catalogo-de-servicios\/programa-de-proteccion-social\/ayudas-sociales-y-economicas\/conciliacion-de-la-vida-familiar-y-laboral\/exencion-de-cuotas-colegiales\">Exenci\u00f3n de cuotas colegiales <span class=\"fa fa-external-link\">\u00a0<\/span><\/a><\/h5>\n<h5><span class=\"fa fa-hand-o-right\">\u00a0<\/span><a href=\"es\/colegiados\/catalogo-de-servicios\/programa-de-proteccion-social\/ayudas-sociales-y-economicas\/conciliacion-de-la-vida-familiar-y-laboral\/prestaciones-educacionales\">Prestaciones educacionales <span class=\"fa fa-external-link\">\u00a0<\/span><\/a><\/h5><\/p>\n","protected":false},"author":1,"featured_media":0,"comment_status":"open","ping_status":"open","sticky":false,"template":"","format":"standard","meta":{"footnotes":""},"categories":[357],"tags":[],"class_list":["post-739","post","type-post","status-publish","format-standard","hentry","category-conciliacion-de-la-vida-familiar-y-laboral"],"yoast_head":"<!-- This site is optimized with the Yoast SEO plugin v27.5 - https:\/\/yoast.com\/product\/yoast-seo-wordpress\/ -->\n<title>Conciliaci\u00f3n de la vida familiar y laboral - COMT<\/title>\n<meta name=\"robots\" content=\"index, follow, max-snippet:-1, max-image-preview:large, max-video-preview:-1\" \/>\n<link rel=\"canonical\" href=\"https:\/\/comt.cat\/conciliacio-de-la-vida-familiar-i-laboral\/\" \/>\n<meta property=\"og:locale\" content=\"es_ES\" \/>\n<meta property=\"og:type\" content=\"article\" \/>\n<meta property=\"og:title\" content=\"Conciliaci\u00f3n de la vida familiar y laboral - COMT\" \/>\n<meta property=\"og:description\" content=\"\u00a0 El tiempo disponible, las responsabilidades familiares y la jornada laboral, as\u00ed como el ritmo de trabajo de los colegiados, condiciona la forma en que se vive la conciliaci\u00f3n del \u00e1mbito laboral con el personal y el familiar. Desde PPS del COMT se quiere hacer m\u00e1s f\u00e1cil la conciliaci\u00f3n principalmente con la llegada de un miembro en la familia, cambio de residencia, etc. Ayudas \u00a0Ayuda para el reci\u00e9n nacido \u00a0 \u00a0Ayudas especiales por Covid-19 \u00a0 \u00a0Apoyo econ\u00f3mico para colonias o casales de verano para hijos discapacitados \u00a0 \u00a0Apoyo al MIR \u00a0 \u00a0Apoyo a los m\u00e9dicos en paro \u00a0 \u00a0Exenci\u00f3n de cuotas colegiales \u00a0 \u00a0Prestaciones educacionales \u00a0\" \/>\n<meta property=\"og:url\" content=\"https:\/\/comt.cat\/conciliacio-de-la-vida-familiar-i-laboral\/\" \/>\n<meta property=\"og:site_name\" content=\"COMT\" \/>\n<meta property=\"article:published_time\" content=\"2015-07-28T00:00:15+00:00\" \/>\n<meta name=\"author\" content=\"comt\" \/>\n<meta name=\"twitter:card\" content=\"summary_large_image\" \/>\n<meta name=\"twitter:label1\" content=\"Escrito por\" \/>\n\t<meta name=\"twitter:data1\" content=\"comt\" \/>\n\t<meta name=\"twitter:label2\" content=\"Tiempo de lectura\" \/>\n\t<meta name=\"twitter:data2\" content=\"1 minuto\" \/>\n<script type=\"application\/ld+json\" class=\"yoast-schema-graph\">{\"@context\":\"https:\\\/\\\/schema.org\",\"@graph\":[{\"@type\":\"Article\",\"@id\":\"https:\\\/\\\/comt.cat\\\/conciliacio-de-la-vida-familiar-i-laboral\\\/#article\",\"isPartOf\":{\"@id\":\"https:\\\/\\\/comt.cat\\\/conciliacio-de-la-vida-familiar-i-laboral\\\/\"},\"author\":{\"name\":\"comt\",\"@id\":\"https:\\\/\\\/comt.cat\\\/#\\\/schema\\\/person\\\/e9c884d9eb13a1fd7c15c3899c93dbee\"},\"headline\":\"Conciliaci\u00f3n de la vida familiar y laboral\",\"datePublished\":\"2015-07-28T00:00:15+00:00\",\"mainEntityOfPage\":{\"@id\":\"https:\\\/\\\/comt.cat\\\/conciliacio-de-la-vida-familiar-i-laboral\\\/\"},\"wordCount\":114,\"commentCount\":0,\"articleSection\":[\"Conciliaci\u00f3n de la vida familiar y laboral\"],\"inLanguage\":\"es\",\"potentialAction\":[{\"@type\":\"CommentAction\",\"name\":\"Comment\",\"target\":[\"https:\\\/\\\/comt.cat\\\/conciliacio-de-la-vida-familiar-i-laboral\\\/#respond\"]}]},{\"@type\":\"WebPage\",\"@id\":\"https:\\\/\\\/comt.cat\\\/conciliacio-de-la-vida-familiar-i-laboral\\\/\",\"url\":\"https:\\\/\\\/comt.cat\\\/conciliacio-de-la-vida-familiar-i-laboral\\\/\",\"name\":\"Conciliaci\u00f3n de la vida familiar y laboral - COMT\",\"isPartOf\":{\"@id\":\"https:\\\/\\\/comt.cat\\\/#website\"},\"datePublished\":\"2015-07-28T00:00:15+00:00\",\"author\":{\"@id\":\"https:\\\/\\\/comt.cat\\\/#\\\/schema\\\/person\\\/e9c884d9eb13a1fd7c15c3899c93dbee\"},\"breadcrumb\":{\"@id\":\"https:\\\/\\\/comt.cat\\\/conciliacio-de-la-vida-familiar-i-laboral\\\/#breadcrumb\"},\"inLanguage\":\"es\",\"potentialAction\":[{\"@type\":\"ReadAction\",\"target\":[\"https:\\\/\\\/comt.cat\\\/conciliacio-de-la-vida-familiar-i-laboral\\\/\"]}]},{\"@type\":\"BreadcrumbList\",\"@id\":\"https:\\\/\\\/comt.cat\\\/conciliacio-de-la-vida-familiar-i-laboral\\\/#breadcrumb\",\"itemListElement\":[{\"@type\":\"ListItem\",\"position\":1,\"name\":\"Home\",\"item\":\"https:\\\/\\\/comt.cat\\\/es\\\/\"},{\"@type\":\"ListItem\",\"position\":2,\"name\":\"Conciliaci\u00f3n de la vida familiar y laboral\"}]},{\"@type\":\"WebSite\",\"@id\":\"https:\\\/\\\/comt.cat\\\/#website\",\"url\":\"https:\\\/\\\/comt.cat\\\/\",\"name\":\"COMT\",\"description\":\"Col\u00b7legi de Metges de Tarragona\",\"potentialAction\":[{\"@type\":\"SearchAction\",\"target\":{\"@type\":\"EntryPoint\",\"urlTemplate\":\"https:\\\/\\\/comt.cat\\\/?s={search_term_string}\"},\"query-input\":{\"@type\":\"PropertyValueSpecification\",\"valueRequired\":true,\"valueName\":\"search_term_string\"}}],\"inLanguage\":\"es\"},{\"@type\":\"Person\",\"@id\":\"https:\\\/\\\/comt.cat\\\/#\\\/schema\\\/person\\\/e9c884d9eb13a1fd7c15c3899c93dbee\",\"name\":\"comt\",\"image\":{\"@type\":\"ImageObject\",\"inLanguage\":\"es\",\"@id\":\"https:\\\/\\\/secure.gravatar.com\\\/avatar\\\/4973b6e675aecb45ab4d3cc8daea28d3f2f37d475c99290bc0b7e7fcc73af7be?s=96&d=mm&r=g\",\"url\":\"https:\\\/\\\/secure.gravatar.com\\\/avatar\\\/4973b6e675aecb45ab4d3cc8daea28d3f2f37d475c99290bc0b7e7fcc73af7be?s=96&d=mm&r=g\",\"contentUrl\":\"https:\\\/\\\/secure.gravatar.com\\\/avatar\\\/4973b6e675aecb45ab4d3cc8daea28d3f2f37d475c99290bc0b7e7fcc73af7be?s=96&d=mm&r=g\",\"caption\":\"comt\"},\"url\":\"https:\\\/\\\/comt.cat\\\/es\\\/author\\\/comt\\\/\"}]}<\/script>\n<!-- \/ Yoast SEO plugin. -->","yoast_head_json":{"title":"Conciliaci\u00f3n de la vida familiar y laboral - COMT","robots":{"index":"index","follow":"follow","max-snippet":"max-snippet:-1","max-image-preview":"max-image-preview:large","max-video-preview":"max-video-preview:-1"},"canonical":"https:\/\/comt.cat\/conciliacio-de-la-vida-familiar-i-laboral\/","og_locale":"es_ES","og_type":"article","og_title":"Conciliaci\u00f3n de la vida familiar y laboral - COMT","og_description":"\u00a0 El tiempo disponible, las responsabilidades familiares y la jornada laboral, as\u00ed como el ritmo de trabajo de los colegiados, condiciona la forma en que se vive la conciliaci\u00f3n del \u00e1mbito laboral con el personal y el familiar. Desde PPS del COMT se quiere hacer m\u00e1s f\u00e1cil la conciliaci\u00f3n principalmente con la llegada de un miembro en la familia, cambio de residencia, etc. Ayudas \u00a0Ayuda para el reci\u00e9n nacido \u00a0 \u00a0Ayudas especiales por Covid-19 \u00a0 \u00a0Apoyo econ\u00f3mico para colonias o casales de verano para hijos discapacitados \u00a0 \u00a0Apoyo al MIR \u00a0 \u00a0Apoyo a los m\u00e9dicos en paro \u00a0 \u00a0Exenci\u00f3n de cuotas colegiales \u00a0 \u00a0Prestaciones educacionales \u00a0","og_url":"https:\/\/comt.cat\/conciliacio-de-la-vida-familiar-i-laboral\/","og_site_name":"COMT","article_published_time":"2015-07-28T00:00:15+00:00","author":"comt","twitter_card":"summary_large_image","twitter_misc":{"Escrito por":"comt","Tiempo de lectura":"1 minuto"},"schema":{"@context":"https:\/\/schema.org","@graph":[{"@type":"Article","@id":"https:\/\/comt.cat\/conciliacio-de-la-vida-familiar-i-laboral\/#article","isPartOf":{"@id":"https:\/\/comt.cat\/conciliacio-de-la-vida-familiar-i-laboral\/"},"author":{"name":"comt","@id":"https:\/\/comt.cat\/#\/schema\/person\/e9c884d9eb13a1fd7c15c3899c93dbee"},"headline":"Conciliaci\u00f3n de la vida familiar y laboral","datePublished":"2015-07-28T00:00:15+00:00","mainEntityOfPage":{"@id":"https:\/\/comt.cat\/conciliacio-de-la-vida-familiar-i-laboral\/"},"wordCount":114,"commentCount":0,"articleSection":["Conciliaci\u00f3n de la vida familiar y laboral"],"inLanguage":"es","potentialAction":[{"@type":"CommentAction","name":"Comment","target":["https:\/\/comt.cat\/conciliacio-de-la-vida-familiar-i-laboral\/#respond"]}]},{"@type":"WebPage","@id":"https:\/\/comt.cat\/conciliacio-de-la-vida-familiar-i-laboral\/","url":"https:\/\/comt.cat\/conciliacio-de-la-vida-familiar-i-laboral\/","name":"Conciliaci\u00f3n de la vida familiar y laboral - COMT","isPartOf":{"@id":"https:\/\/comt.cat\/#website"},"datePublished":"2015-07-28T00:00:15+00:00","author":{"@id":"https:\/\/comt.cat\/#\/schema\/person\/e9c884d9eb13a1fd7c15c3899c93dbee"},"breadcrumb":{"@id":"https:\/\/comt.cat\/conciliacio-de-la-vida-familiar-i-laboral\/#breadcrumb"},"inLanguage":"es","potentialAction":[{"@type":"ReadAction","target":["https:\/\/comt.cat\/conciliacio-de-la-vida-familiar-i-laboral\/"]}]},{"@type":"BreadcrumbList","@id":"https:\/\/comt.cat\/conciliacio-de-la-vida-familiar-i-laboral\/#breadcrumb","itemListElement":[{"@type":"ListItem","position":1,"name":"Home","item":"https:\/\/comt.cat\/es\/"},{"@type":"ListItem","position":2,"name":"Conciliaci\u00f3n de la vida familiar y laboral"}]},{"@type":"WebSite","@id":"https:\/\/comt.cat\/#website","url":"https:\/\/comt.cat\/","name":"COMT","description":"Col\u00b7legi de Metges de Tarragona","potentialAction":[{"@type":"SearchAction","target":{"@type":"EntryPoint","urlTemplate":"https:\/\/comt.cat\/?s={search_term_string}"},"query-input":{"@type":"PropertyValueSpecification","valueRequired":true,"valueName":"search_term_string"}}],"inLanguage":"es"},{"@type":"Person","@id":"https:\/\/comt.cat\/#\/schema\/person\/e9c884d9eb13a1fd7c15c3899c93dbee","name":"comt","image":{"@type":"ImageObject","inLanguage":"es","@id":"https:\/\/secure.gravatar.com\/avatar\/4973b6e675aecb45ab4d3cc8daea28d3f2f37d475c99290bc0b7e7fcc73af7be?s=96&d=mm&r=g","url":"https:\/\/secure.gravatar.com\/avatar\/4973b6e675aecb45ab4d3cc8daea28d3f2f37d475c99290bc0b7e7fcc73af7be?s=96&d=mm&r=g","contentUrl":"https:\/\/secure.gravatar.com\/avatar\/4973b6e675aecb45ab4d3cc8daea28d3f2f37d475c99290bc0b7e7fcc73af7be?s=96&d=mm&r=g","caption":"comt"},"url":"https:\/\/comt.cat\/es\/author\/comt\/"}]}},"_links":{"self":[{"href":"https:\/\/comt.cat\/es\/wp-json\/wp\/v2\/posts\/739","targetHints":{"allow":["GET"]}}],"collection":[{"href":"https:\/\/comt.cat\/es\/wp-json\/wp\/v2\/posts"}],"about":[{"href":"https:\/\/comt.cat\/es\/wp-json\/wp\/v2\/types\/post"}],"author":[{"embeddable":true,"href":"https:\/\/comt.cat\/es\/wp-json\/wp\/v2\/users\/1"}],"replies":[{"embeddable":true,"href":"https:\/\/comt.cat\/es\/wp-json\/wp\/v2\/comments?post=739"}],"version-history":[{"count":0,"href":"https:\/\/comt.cat\/es\/wp-json\/wp\/v2\/posts\/739\/revisions"}],"wp:attachment":[{"href":"https:\/\/comt.cat\/es\/wp-json\/wp\/v2\/media?parent=739"}],"wp:term":[{"taxonomy":"category","embeddable":true,"href":"https:\/\/comt.cat\/es\/wp-json\/wp\/v2\/categories?post=739"},{"taxonomy":"post_tag","embeddable":true,"href":"https:\/\/comt.cat\/es\/wp-json\/wp\/v2\/tags?post=739"}],"curies":[{"name":"wp","href":"https:\/\/api.w.org\/{rel}","templated":true}]}}