{"id":741,"date":"2015-07-27T23:53:00","date_gmt":"2015-07-27T23:53:00","guid":{"rendered":"http:\/\/comt.local\/sense-categoria\/atencion-social-y-a-la-dependencia\/"},"modified":"2015-07-27T23:53:00","modified_gmt":"2015-07-27T23:53:00","slug":"atencion-social-y-a-la-dependencia","status":"publish","type":"post","link":"https:\/\/comt.cat\/es\/atencion-social-y-a-la-dependencia\/","title":{"rendered":"Atenci\u00f3n social y a la dependencia"},"content":{"rendered":"<p>\u00a0<\/p>\n<p>Un familiar dependiente, con el alg\u00fan tipo de trastorno, enfermedad degenerativa, etc., pueden poner en cuesti\u00f3n el bienestar y la calidad de vida de los m\u00e9dicos y su entorno familiar.<\/p>\n<p>Desde el PPS del COMT ofrecemos orientaci\u00f3n y consejo social personalizado a toda la familia en cuanto a los servicios , recursos y prestaciones adecuadas, la organizaci\u00f3n de la ayuda familiar y profesional , las adaptaciones del hogar y la valoraci\u00f3n del grado de discapacidad,\u00a0etc.<\/p>\n<p>Orientaci\u00f3n sobre las posibilidades de solicitar recursos de la red p\u00fablica.<\/p>\n<p>Conjunto de ayudas que incorporan prestaciones assistenciales y econ\u00f3micas para contribuir a dar una respuesta concreta a diferentes situaciones de necesidad a las que se puede tener que hacer frente.<\/p>\n<h3>Ayudas<\/h3>\n<h5><span class=\"fa fa-hand-o-right\">\u00a0<\/span><a href=\"es\/colegiados\/catalogo-de-servicios\/programa-de-proteccion-social\/ayudas-sociales-y-economicas\/atencion-social-y-a-la-dependencia\/tramitacion-del-servicio-de-teleasistencia-y-localizacion\">Tramitaci\u00f3n del servicio de teleasistencia y localizaci\u00f3n <span class=\"fa fa-external-link\">\u00a0<\/span><\/a><\/h5>\n<h5><span class=\"fa fa-hand-o-right\">\u00a0<\/span><a href=\"es\/colegiados\/catalogo-de-servicios\/programa-de-proteccion-social\/ayudas-sociales-y-economicas\/atencion-social-y-a-la-dependencia\/apoyo-economico-para-la-adaptacion-del-hogar-o-ayudas-tecnicas\">Apoyo econ\u00f3mico para la adaptaci\u00f3n del hogar o ayudas t\u00e9cnicas <span class=\"fa fa-external-link\">\u00a0<\/span><\/a><\/h5>\n<h5><span class=\"fa fa-hand-o-right\">\u00a0<\/span><a href=\"es\/colegiados\/catalogo-de-servicios\/programa-de-proteccion-social\/ayudas-sociales-y-economicas\/atencion-social-y-a-la-dependencia\/productos-para-el-cuidado-personal\">Productos para el cuidado personal <span class=\"fa fa-external-link\">\u00a0<\/span><\/a><\/h5>\n<h5><span class=\"fa fa-hand-o-right\">\u00a0<\/span><a href=\"es\/colegiados\/catalogo-de-servicios\/programa-de-proteccion-social\/ayudas-sociales-y-economicas\/atencion-social-y-a-la-dependencia\/tramitacion-descanso-para-el-cuidador\">Tramitaci\u00f3n del descanso para el cuidador <span class=\"fa fa-external-link\">\u00a0<\/span><\/a><\/h5>\n<h5><span class=\"fa fa-hand-o-right\">\u00a0<\/span><a href=\"es\/colegiados\/catalogo-de-servicios\/programa-de-proteccion-social\/ayudas-sociales-y-economicas\/atencion-social-y-a-la-dependencia\/huerfano-con-discapacidad\">Hu\u00e9rfano con discapacidad <span class=\"fa fa-external-link\">\u00a0<\/span><\/a><\/h5>\n<h5><span class=\"fa fa-hand-o-right\">\u00a0<\/span><a href=\"es\/colegiados\/catalogo-de-servicios\/programa-de-proteccion-social\/ayudas-sociales-y-economicas\/atencion-social-y-a-la-dependencia\/huerfano-mayor-de-60-anos\">Hu\u00e9rfano mayor de 60 a\u00f1os <span class=\"fa fa-external-link\">\u00a0<\/span><\/a><\/h5>\n<h5><span class=\"fa fa-hand-o-right\">\u00a0<\/span><a href=\"es\/colegiados\/catalogo-de-servicios\/programa-de-proteccion-social\/ayudas-sociales-y-economicas\/atencion-social-y-a-la-dependencia\/medico-con-discapacidad\">M\u00e9dico con discapacidad <span class=\"fa fa-external-link\">\u00a0<\/span><\/a><\/h5>\n<h5><span class=\"fa fa-hand-o-right\">\u00a0<\/span><a href=\"es\/colegiados\/catalogo-de-servicios\/programa-de-proteccion-social\/ayudas-sociales-y-economicas\/atencion-social-y-a-la-dependencia\/medico-jubilado\">M\u00e9dico jubilado <span class=\"fa fa-external-link\">\u00a0<\/span><\/a><\/h5>\n<h5><span class=\"fa fa-hand-o-right\">\u00a0<\/span><a href=\"es\/colegiados\/catalogo-de-servicios\/programa-de-proteccion-social\/ayudas-sociales-y-economicas\/atencion-social-y-a-la-dependencia\/viudedad\">Viudedad <span class=\"fa fa-external-link\">\u00a0<\/span><\/a><\/h5>\n<h5><span class=\"fa fa-hand-o-right\">\u00a0<\/span><a href=\"es\/colegiados\/catalogo-de-servicios\/programa-de-proteccion-social\/ayudas-sociales-y-economicas\/atencion-social-y-a-la-dependencia\/ayuda-mensual-para-plaza-en-residencia-de-mayores\">Ayuda mensual para plaza en residencia de mayores <span class=\"fa fa-external-link\">\u00a0<\/span><\/a><\/h5>\n<h5><span class=\"fa fa-hand-o-right\">\u00a0<\/span><a href=\"es\/colegiados\/catalogo-de-servicios\/programa-de-proteccion-social\/ayudas-sociales-y-economicas\/atencion-social-y-a-la-dependencia\/ayuda-por-defuncion\" rel=\"alternate\">Ayuda por defunci\u00f3n <span class=\"fa fa-external-link\">\u00a0<\/span><\/a><\/h5><\/p>\n","protected":false},"excerpt":{"rendered":"<p>\u00a0<\/p>\n<p>Un familiar dependiente, con el alg\u00fan tipo de trastorno, enfermedad degenerativa, etc., pueden poner en cuesti\u00f3n el bienestar y la calidad de vida de los m\u00e9dicos y su entorno familiar.<\/p>\n<p>Desde el PPS del COMT ofrecemos orientaci\u00f3n y consejo social personalizado a toda la familia en cuanto a los servicios , recursos y prestaciones adecuadas, la organizaci\u00f3n de la ayuda familiar y profesional , las adaptaciones del hogar y la valoraci\u00f3n del grado de discapacidad,\u00a0etc.<\/p>\n<p>Orientaci\u00f3n sobre las posibilidades de solicitar recursos de la red p\u00fablica.<\/p>\n<p>Conjunto de ayudas que incorporan prestaciones assistenciales y econ\u00f3micas para contribuir a dar una respuesta concreta a diferentes situaciones de necesidad a las que se puede tener que hacer frente.<\/p>\n<h3>Ayudas<\/h3>\n<h5><span class=\"fa fa-hand-o-right\">\u00a0<\/span><a href=\"es\/colegiados\/catalogo-de-servicios\/programa-de-proteccion-social\/ayudas-sociales-y-economicas\/atencion-social-y-a-la-dependencia\/tramitacion-del-servicio-de-teleasistencia-y-localizacion\">Tramitaci\u00f3n del servicio de teleasistencia y localizaci\u00f3n <span class=\"fa fa-external-link\">\u00a0<\/span><\/a><\/h5>\n<h5><span class=\"fa fa-hand-o-right\">\u00a0<\/span><a href=\"es\/colegiados\/catalogo-de-servicios\/programa-de-proteccion-social\/ayudas-sociales-y-economicas\/atencion-social-y-a-la-dependencia\/apoyo-economico-para-la-adaptacion-del-hogar-o-ayudas-tecnicas\">Apoyo econ\u00f3mico para la adaptaci\u00f3n del hogar o ayudas t\u00e9cnicas <span class=\"fa fa-external-link\">\u00a0<\/span><\/a><\/h5>\n<h5><span class=\"fa fa-hand-o-right\">\u00a0<\/span><a href=\"es\/colegiados\/catalogo-de-servicios\/programa-de-proteccion-social\/ayudas-sociales-y-economicas\/atencion-social-y-a-la-dependencia\/productos-para-el-cuidado-personal\">Productos para el cuidado personal <span class=\"fa fa-external-link\">\u00a0<\/span><\/a><\/h5>\n<h5><span class=\"fa fa-hand-o-right\">\u00a0<\/span><a href=\"es\/colegiados\/catalogo-de-servicios\/programa-de-proteccion-social\/ayudas-sociales-y-economicas\/atencion-social-y-a-la-dependencia\/tramitacion-descanso-para-el-cuidador\">Tramitaci\u00f3n del descanso para el cuidador <span class=\"fa fa-external-link\">\u00a0<\/span><\/a><\/h5>\n<h5><span class=\"fa fa-hand-o-right\">\u00a0<\/span><a href=\"es\/colegiados\/catalogo-de-servicios\/programa-de-proteccion-social\/ayudas-sociales-y-economicas\/atencion-social-y-a-la-dependencia\/huerfano-con-discapacidad\">Hu\u00e9rfano con discapacidad <span class=\"fa fa-external-link\">\u00a0<\/span><\/a><\/h5>\n<h5><span class=\"fa fa-hand-o-right\">\u00a0<\/span><a href=\"es\/colegiados\/catalogo-de-servicios\/programa-de-proteccion-social\/ayudas-sociales-y-economicas\/atencion-social-y-a-la-dependencia\/huerfano-mayor-de-60-anos\">Hu\u00e9rfano mayor de 60 a\u00f1os <span class=\"fa fa-external-link\">\u00a0<\/span><\/a><\/h5>\n<h5><span class=\"fa fa-hand-o-right\">\u00a0<\/span><a href=\"es\/colegiados\/catalogo-de-servicios\/programa-de-proteccion-social\/ayudas-sociales-y-economicas\/atencion-social-y-a-la-dependencia\/medico-con-discapacidad\">M\u00e9dico con discapacidad <span class=\"fa fa-external-link\">\u00a0<\/span><\/a><\/h5>\n<h5><span class=\"fa fa-hand-o-right\">\u00a0<\/span><a href=\"es\/colegiados\/catalogo-de-servicios\/programa-de-proteccion-social\/ayudas-sociales-y-economicas\/atencion-social-y-a-la-dependencia\/medico-jubilado\">M\u00e9dico jubilado <span class=\"fa fa-external-link\">\u00a0<\/span><\/a><\/h5>\n<h5><span class=\"fa fa-hand-o-right\">\u00a0<\/span><a href=\"es\/colegiados\/catalogo-de-servicios\/programa-de-proteccion-social\/ayudas-sociales-y-economicas\/atencion-social-y-a-la-dependencia\/viudedad\">Viudedad <span class=\"fa fa-external-link\">\u00a0<\/span><\/a><\/h5>\n<h5><span class=\"fa fa-hand-o-right\">\u00a0<\/span><a href=\"es\/colegiados\/catalogo-de-servicios\/programa-de-proteccion-social\/ayudas-sociales-y-economicas\/atencion-social-y-a-la-dependencia\/ayuda-mensual-para-plaza-en-residencia-de-mayores\">Ayuda mensual para plaza en residencia de mayores <span class=\"fa fa-external-link\">\u00a0<\/span><\/a><\/h5>\n<h5><span class=\"fa fa-hand-o-right\">\u00a0<\/span><a href=\"es\/colegiados\/catalogo-de-servicios\/programa-de-proteccion-social\/ayudas-sociales-y-economicas\/atencion-social-y-a-la-dependencia\/ayuda-por-defuncion\" rel=\"alternate\">Ayuda por defunci\u00f3n <span class=\"fa fa-external-link\">\u00a0<\/span><\/a><\/h5><\/p>\n","protected":false},"author":1,"featured_media":0,"comment_status":"open","ping_status":"open","sticky":false,"template":"","format":"standard","meta":{"footnotes":""},"categories":[343],"tags":[],"class_list":["post-741","post","type-post","status-publish","format-standard","hentry","category-atencion-social-y-a-la-dependencia"],"yoast_head":"<!-- This site is optimized with the Yoast SEO plugin v27.5 - https:\/\/yoast.com\/product\/yoast-seo-wordpress\/ -->\n<title>Atenci\u00f3n social y a la dependencia - COMT<\/title>\n<meta name=\"robots\" content=\"index, follow, max-snippet:-1, max-image-preview:large, max-video-preview:-1\" \/>\n<link rel=\"canonical\" href=\"https:\/\/comt.cat\/es\/atencion-social-y-a-la-dependencia\/\" \/>\n<meta property=\"og:locale\" content=\"es_ES\" \/>\n<meta property=\"og:type\" content=\"article\" \/>\n<meta property=\"og:title\" content=\"Atenci\u00f3n social y a la dependencia - COMT\" \/>\n<meta property=\"og:description\" content=\"\u00a0 Un familiar dependiente, con el alg\u00fan tipo de trastorno, enfermedad degenerativa, etc., pueden poner en cuesti\u00f3n el bienestar y la calidad de vida de los m\u00e9dicos y su entorno familiar. Desde el PPS del COMT ofrecemos orientaci\u00f3n y consejo social personalizado a toda la familia en cuanto a los servicios , recursos y prestaciones adecuadas, la organizaci\u00f3n de la ayuda familiar y profesional , las adaptaciones del hogar y la valoraci\u00f3n del grado de discapacidad,\u00a0etc. Orientaci\u00f3n sobre las posibilidades de solicitar recursos de la red p\u00fablica. Conjunto de ayudas que incorporan prestaciones assistenciales y econ\u00f3micas para contribuir a dar una respuesta concreta a diferentes situaciones de necesidad a las que se puede tener que hacer frente. Ayudas \u00a0Tramitaci\u00f3n del servicio de teleasistencia y localizaci\u00f3n \u00a0 \u00a0Apoyo econ\u00f3mico para la adaptaci\u00f3n del hogar o ayudas t\u00e9cnicas \u00a0 \u00a0Productos para el cuidado personal \u00a0 \u00a0Tramitaci\u00f3n del descanso para el cuidador \u00a0 \u00a0Hu\u00e9rfano con discapacidad \u00a0 \u00a0Hu\u00e9rfano mayor de 60 a\u00f1os \u00a0 \u00a0M\u00e9dico con discapacidad \u00a0 \u00a0M\u00e9dico jubilado \u00a0 \u00a0Viudedad \u00a0 \u00a0Ayuda mensual para plaza en residencia de mayores \u00a0 \u00a0Ayuda por defunci\u00f3n \u00a0\" \/>\n<meta property=\"og:url\" content=\"https:\/\/comt.cat\/es\/atencion-social-y-a-la-dependencia\/\" \/>\n<meta property=\"og:site_name\" content=\"COMT\" \/>\n<meta property=\"article:published_time\" content=\"2015-07-27T23:53:00+00:00\" \/>\n<meta name=\"author\" content=\"comt\" \/>\n<meta name=\"twitter:card\" content=\"summary_large_image\" \/>\n<meta name=\"twitter:label1\" content=\"Escrito por\" \/>\n\t<meta name=\"twitter:data1\" content=\"comt\" \/>\n\t<meta name=\"twitter:label2\" content=\"Tiempo de lectura\" \/>\n\t<meta name=\"twitter:data2\" content=\"1 minuto\" \/>\n<script type=\"application\/ld+json\" class=\"yoast-schema-graph\">{\"@context\":\"https:\\\/\\\/schema.org\",\"@graph\":[{\"@type\":\"Article\",\"@id\":\"https:\\\/\\\/comt.cat\\\/es\\\/atencion-social-y-a-la-dependencia\\\/#article\",\"isPartOf\":{\"@id\":\"https:\\\/\\\/comt.cat\\\/es\\\/atencion-social-y-a-la-dependencia\\\/\"},\"author\":{\"name\":\"comt\",\"@id\":\"https:\\\/\\\/comt.cat\\\/#\\\/schema\\\/person\\\/e9c884d9eb13a1fd7c15c3899c93dbee\"},\"headline\":\"Atenci\u00f3n social y a la dependencia\",\"datePublished\":\"2015-07-27T23:53:00+00:00\",\"mainEntityOfPage\":{\"@id\":\"https:\\\/\\\/comt.cat\\\/es\\\/atencion-social-y-a-la-dependencia\\\/\"},\"wordCount\":196,\"commentCount\":0,\"articleSection\":[\"Atenci\u00f3n social y a la dependencia\"],\"inLanguage\":\"es\",\"potentialAction\":[{\"@type\":\"CommentAction\",\"name\":\"Comment\",\"target\":[\"https:\\\/\\\/comt.cat\\\/es\\\/atencion-social-y-a-la-dependencia\\\/#respond\"]}]},{\"@type\":\"WebPage\",\"@id\":\"https:\\\/\\\/comt.cat\\\/es\\\/atencion-social-y-a-la-dependencia\\\/\",\"url\":\"https:\\\/\\\/comt.cat\\\/es\\\/atencion-social-y-a-la-dependencia\\\/\",\"name\":\"Atenci\u00f3n social y a la dependencia - COMT\",\"isPartOf\":{\"@id\":\"https:\\\/\\\/comt.cat\\\/#website\"},\"datePublished\":\"2015-07-27T23:53:00+00:00\",\"author\":{\"@id\":\"https:\\\/\\\/comt.cat\\\/#\\\/schema\\\/person\\\/e9c884d9eb13a1fd7c15c3899c93dbee\"},\"breadcrumb\":{\"@id\":\"https:\\\/\\\/comt.cat\\\/es\\\/atencion-social-y-a-la-dependencia\\\/#breadcrumb\"},\"inLanguage\":\"es\",\"potentialAction\":[{\"@type\":\"ReadAction\",\"target\":[\"https:\\\/\\\/comt.cat\\\/es\\\/atencion-social-y-a-la-dependencia\\\/\"]}]},{\"@type\":\"BreadcrumbList\",\"@id\":\"https:\\\/\\\/comt.cat\\\/es\\\/atencion-social-y-a-la-dependencia\\\/#breadcrumb\",\"itemListElement\":[{\"@type\":\"ListItem\",\"position\":1,\"name\":\"Home\",\"item\":\"https:\\\/\\\/comt.cat\\\/es\\\/\"},{\"@type\":\"ListItem\",\"position\":2,\"name\":\"Atenci\u00f3n social y a la dependencia\"}]},{\"@type\":\"WebSite\",\"@id\":\"https:\\\/\\\/comt.cat\\\/#website\",\"url\":\"https:\\\/\\\/comt.cat\\\/\",\"name\":\"COMT\",\"description\":\"Col\u00b7legi de Metges de Tarragona\",\"potentialAction\":[{\"@type\":\"SearchAction\",\"target\":{\"@type\":\"EntryPoint\",\"urlTemplate\":\"https:\\\/\\\/comt.cat\\\/?s={search_term_string}\"},\"query-input\":{\"@type\":\"PropertyValueSpecification\",\"valueRequired\":true,\"valueName\":\"search_term_string\"}}],\"inLanguage\":\"es\"},{\"@type\":\"Person\",\"@id\":\"https:\\\/\\\/comt.cat\\\/#\\\/schema\\\/person\\\/e9c884d9eb13a1fd7c15c3899c93dbee\",\"name\":\"comt\",\"image\":{\"@type\":\"ImageObject\",\"inLanguage\":\"es\",\"@id\":\"https:\\\/\\\/secure.gravatar.com\\\/avatar\\\/4973b6e675aecb45ab4d3cc8daea28d3f2f37d475c99290bc0b7e7fcc73af7be?s=96&d=mm&r=g\",\"url\":\"https:\\\/\\\/secure.gravatar.com\\\/avatar\\\/4973b6e675aecb45ab4d3cc8daea28d3f2f37d475c99290bc0b7e7fcc73af7be?s=96&d=mm&r=g\",\"contentUrl\":\"https:\\\/\\\/secure.gravatar.com\\\/avatar\\\/4973b6e675aecb45ab4d3cc8daea28d3f2f37d475c99290bc0b7e7fcc73af7be?s=96&d=mm&r=g\",\"caption\":\"comt\"},\"url\":\"https:\\\/\\\/comt.cat\\\/es\\\/author\\\/comt\\\/\"}]}<\/script>\n<!-- \/ Yoast SEO plugin. -->","yoast_head_json":{"title":"Atenci\u00f3n social y a la dependencia - COMT","robots":{"index":"index","follow":"follow","max-snippet":"max-snippet:-1","max-image-preview":"max-image-preview:large","max-video-preview":"max-video-preview:-1"},"canonical":"https:\/\/comt.cat\/es\/atencion-social-y-a-la-dependencia\/","og_locale":"es_ES","og_type":"article","og_title":"Atenci\u00f3n social y a la dependencia - COMT","og_description":"\u00a0 Un familiar dependiente, con el alg\u00fan tipo de trastorno, enfermedad degenerativa, etc., pueden poner en cuesti\u00f3n el bienestar y la calidad de vida de los m\u00e9dicos y su entorno familiar. Desde el PPS del COMT ofrecemos orientaci\u00f3n y consejo social personalizado a toda la familia en cuanto a los servicios , recursos y prestaciones adecuadas, la organizaci\u00f3n de la ayuda familiar y profesional , las adaptaciones del hogar y la valoraci\u00f3n del grado de discapacidad,\u00a0etc. Orientaci\u00f3n sobre las posibilidades de solicitar recursos de la red p\u00fablica. Conjunto de ayudas que incorporan prestaciones assistenciales y econ\u00f3micas para contribuir a dar una respuesta concreta a diferentes situaciones de necesidad a las que se puede tener que hacer frente. Ayudas \u00a0Tramitaci\u00f3n del servicio de teleasistencia y localizaci\u00f3n \u00a0 \u00a0Apoyo econ\u00f3mico para la adaptaci\u00f3n del hogar o ayudas t\u00e9cnicas \u00a0 \u00a0Productos para el cuidado personal \u00a0 \u00a0Tramitaci\u00f3n del descanso para el cuidador \u00a0 \u00a0Hu\u00e9rfano con discapacidad \u00a0 \u00a0Hu\u00e9rfano mayor de 60 a\u00f1os \u00a0 \u00a0M\u00e9dico con discapacidad \u00a0 \u00a0M\u00e9dico jubilado \u00a0 \u00a0Viudedad \u00a0 \u00a0Ayuda mensual para plaza en residencia de mayores \u00a0 \u00a0Ayuda por defunci\u00f3n \u00a0","og_url":"https:\/\/comt.cat\/es\/atencion-social-y-a-la-dependencia\/","og_site_name":"COMT","article_published_time":"2015-07-27T23:53:00+00:00","author":"comt","twitter_card":"summary_large_image","twitter_misc":{"Escrito por":"comt","Tiempo de lectura":"1 minuto"},"schema":{"@context":"https:\/\/schema.org","@graph":[{"@type":"Article","@id":"https:\/\/comt.cat\/es\/atencion-social-y-a-la-dependencia\/#article","isPartOf":{"@id":"https:\/\/comt.cat\/es\/atencion-social-y-a-la-dependencia\/"},"author":{"name":"comt","@id":"https:\/\/comt.cat\/#\/schema\/person\/e9c884d9eb13a1fd7c15c3899c93dbee"},"headline":"Atenci\u00f3n social y a la dependencia","datePublished":"2015-07-27T23:53:00+00:00","mainEntityOfPage":{"@id":"https:\/\/comt.cat\/es\/atencion-social-y-a-la-dependencia\/"},"wordCount":196,"commentCount":0,"articleSection":["Atenci\u00f3n social y a la dependencia"],"inLanguage":"es","potentialAction":[{"@type":"CommentAction","name":"Comment","target":["https:\/\/comt.cat\/es\/atencion-social-y-a-la-dependencia\/#respond"]}]},{"@type":"WebPage","@id":"https:\/\/comt.cat\/es\/atencion-social-y-a-la-dependencia\/","url":"https:\/\/comt.cat\/es\/atencion-social-y-a-la-dependencia\/","name":"Atenci\u00f3n social y a la dependencia - COMT","isPartOf":{"@id":"https:\/\/comt.cat\/#website"},"datePublished":"2015-07-27T23:53:00+00:00","author":{"@id":"https:\/\/comt.cat\/#\/schema\/person\/e9c884d9eb13a1fd7c15c3899c93dbee"},"breadcrumb":{"@id":"https:\/\/comt.cat\/es\/atencion-social-y-a-la-dependencia\/#breadcrumb"},"inLanguage":"es","potentialAction":[{"@type":"ReadAction","target":["https:\/\/comt.cat\/es\/atencion-social-y-a-la-dependencia\/"]}]},{"@type":"BreadcrumbList","@id":"https:\/\/comt.cat\/es\/atencion-social-y-a-la-dependencia\/#breadcrumb","itemListElement":[{"@type":"ListItem","position":1,"name":"Home","item":"https:\/\/comt.cat\/es\/"},{"@type":"ListItem","position":2,"name":"Atenci\u00f3n social y a la dependencia"}]},{"@type":"WebSite","@id":"https:\/\/comt.cat\/#website","url":"https:\/\/comt.cat\/","name":"COMT","description":"Col\u00b7legi de Metges de Tarragona","potentialAction":[{"@type":"SearchAction","target":{"@type":"EntryPoint","urlTemplate":"https:\/\/comt.cat\/?s={search_term_string}"},"query-input":{"@type":"PropertyValueSpecification","valueRequired":true,"valueName":"search_term_string"}}],"inLanguage":"es"},{"@type":"Person","@id":"https:\/\/comt.cat\/#\/schema\/person\/e9c884d9eb13a1fd7c15c3899c93dbee","name":"comt","image":{"@type":"ImageObject","inLanguage":"es","@id":"https:\/\/secure.gravatar.com\/avatar\/4973b6e675aecb45ab4d3cc8daea28d3f2f37d475c99290bc0b7e7fcc73af7be?s=96&d=mm&r=g","url":"https:\/\/secure.gravatar.com\/avatar\/4973b6e675aecb45ab4d3cc8daea28d3f2f37d475c99290bc0b7e7fcc73af7be?s=96&d=mm&r=g","contentUrl":"https:\/\/secure.gravatar.com\/avatar\/4973b6e675aecb45ab4d3cc8daea28d3f2f37d475c99290bc0b7e7fcc73af7be?s=96&d=mm&r=g","caption":"comt"},"url":"https:\/\/comt.cat\/es\/author\/comt\/"}]}},"_links":{"self":[{"href":"https:\/\/comt.cat\/es\/wp-json\/wp\/v2\/posts\/741","targetHints":{"allow":["GET"]}}],"collection":[{"href":"https:\/\/comt.cat\/es\/wp-json\/wp\/v2\/posts"}],"about":[{"href":"https:\/\/comt.cat\/es\/wp-json\/wp\/v2\/types\/post"}],"author":[{"embeddable":true,"href":"https:\/\/comt.cat\/es\/wp-json\/wp\/v2\/users\/1"}],"replies":[{"embeddable":true,"href":"https:\/\/comt.cat\/es\/wp-json\/wp\/v2\/comments?post=741"}],"version-history":[{"count":0,"href":"https:\/\/comt.cat\/es\/wp-json\/wp\/v2\/posts\/741\/revisions"}],"wp:attachment":[{"href":"https:\/\/comt.cat\/es\/wp-json\/wp\/v2\/media?parent=741"}],"wp:term":[{"taxonomy":"category","embeddable":true,"href":"https:\/\/comt.cat\/es\/wp-json\/wp\/v2\/categories?post=741"},{"taxonomy":"post_tag","embeddable":true,"href":"https:\/\/comt.cat\/es\/wp-json\/wp\/v2\/tags?post=741"}],"curies":[{"name":"wp","href":"https:\/\/api.w.org\/{rel}","templated":true}]}}