{"id":7750,"date":"2020-06-16T21:24:47","date_gmt":"2020-06-16T21:24:47","guid":{"rendered":"http:\/\/comt.local\/sense-categoria\/psiquiatria-tarragona-20200616-2\/"},"modified":"2020-06-16T21:24:47","modified_gmt":"2020-06-16T21:24:47","slug":"psiquiatria-tarragona-20200616-2","status":"publish","type":"post","link":"https:\/\/comt.cat\/es\/psiquiatria-tarragona-20200616-2\/","title":{"rendered":"Psiquiatr\u00eda (Tarragona)"},"content":{"rendered":"<p><strong>Funciones:<\/strong><\/p>\n<ul>\n<li>Atenci\u00f3n en salud mental para personas con discapacidad intelectual y otros trastornos de desarrollo.<\/li>\n<li>Asumir la responsabilidad asistencial y cl\u00ednica de los pacientes en cuanto a diagn\u00f3stico y tratamiento.<\/li>\n<li>Participar en la organizaci\u00f3n, planificaci\u00f3n y objetivos de los programas de la Unidad.<\/li>\n<li>Participar en las actividades docentes y de investigaci\u00f3n.<\/li>\n<li>Funciones propias de la titulaci\u00f3n acad\u00e9mica.<\/li>\n<\/ul>\n<p><strong>Titulaci\u00f3n:<\/strong> Licenciatura de Medicina y Cirug\u00eda con Especialidad en Psiquiatr\u00eda.<\/p>\n<p><strong>Experiencia:<\/strong><\/p>\n<ul>\n<li>Experiencia y formaci\u00f3n en psiquiatr\u00eda, se valorar\u00e1 experiencia en el \u00e1mbito de la DI.<\/li>\n<li>Experiencia y formaci\u00f3n en Psicoterapias.<\/li>\n<li>Otros: Oral y Escrito en catal\u00e1n, castellano e ingl\u00e9s<\/li>\n<li>M\u00e9ritos a Considerar.<\/li>\n<li>Se valorar\u00e1 experiencia profesional en puestos de trabajo similares<\/li>\n<li>Se valorar\u00e1 experiencia previa en Investigaci\u00f3n.<\/li>\n<\/ul>\n<p><strong>Competencias Profesionales:<\/strong><\/p>\n<ul>\n<li>Capacidad de Interrelaci\u00f3n. Facilidad para la relaci\u00f3n interpersonal entre profesionales y equipos de trabajo, as\u00ed como la capacidad de generar adhesi\u00f3n, colaboraci\u00f3n, compromiso y fidelizaci\u00f3n en los proyectos y trabajo en com\u00fan.<\/li>\n<li>Discreci\u00f3n y Esmerado trato personal. Capacidad de gesti\u00f3n adecuada de la informaci\u00f3n y su finalidad, teniendo presente en todo momento los l\u00edmites de su uso, mostrando una actitud de empat\u00eda y expresi\u00f3n clara y asertiva.<\/li>\n<li>Trabajo en Equipo. Capacidad para establecer relaciones de participaci\u00f3n y cooperaci\u00f3n con otros profesionales, compartiendo recursos y conocimiento, armonizando intereses y contribuyendo activamente a la consecuci\u00f3n de objetivos cl\u00ednicos y organizativos.<\/li>\n<li>Esp\u00edritu de Superaci\u00f3n. Capacidad de ampliar conocimientos de la propia especializaci\u00f3n, adem\u00e1s de conocer informaci\u00f3n actualizada sobre el \u00e1mbito profesional de actuaci\u00f3n, manifestando conductas orientadas a el desarrollo de carrera y su traslaci\u00f3n a la cl\u00ednica.<\/li>\n<\/ul>\n<p><strong>Ofrecemos:<\/strong><\/p>\n<ul>\n<li>Contrato Laboral Indefinido.<\/li>\n<li>Jornada Completa.<\/li>\n<li>Horario de ma\u00f1ana.<\/li>\n<li>14 pagas.<\/li>\n<li>Oportunidades de investigaci\u00f3n y docencia.<\/li>\n<\/ul>\n<p><strong>Contacto:<\/strong> Rafael Mart\u00ednez<\/p>\n<p><strong>Tel\u00e9fono:<\/strong> <a href=\"tel:0034977390011\" rel=\"alternate\">977 390 011<\/a><\/p>\n<p><strong>Email:<\/strong> <a href=\"mailto:martinezr@peremata.com\" rel=\"alternate\">martinezr@peremata.com<\/a><\/p>\n","protected":false},"excerpt":{"rendered":"<p><strong>Funciones:<\/strong><\/p>\n<ul>\n<li>Atenci\u00f3n en salud mental para personas con discapacidad intelectual y otros trastornos de desarrollo.<\/li>\n<li>Asumir la responsabilidad asistencial y cl\u00ednica de los pacientes en cuanto a diagn\u00f3stico y tratamiento.<\/li>\n<li>Participar en la organizaci\u00f3n, planificaci\u00f3n y objetivos de los programas de la Unidad.<\/li>\n<li>Participar en las actividades docentes y de investigaci\u00f3n.<\/li>\n<li>Funciones propias de la titulaci\u00f3n acad\u00e9mica.<\/li>\n<\/ul>\n<p><strong>Titulaci\u00f3n:<\/strong> Licenciatura de Medicina y Cirug\u00eda con Especialidad en Psiquiatr\u00eda.<\/p>\n<p><strong>Experiencia:<\/strong><\/p>\n<ul>\n<li>Experiencia y formaci\u00f3n en psiquiatr\u00eda, se valorar\u00e1 experiencia en el \u00e1mbito de la DI.<\/li>\n<li>Experiencia y formaci\u00f3n en Psicoterapias.<\/li>\n<li>Otros: Oral y Escrito en catal\u00e1n, castellano e ingl\u00e9s<\/li>\n<li>M\u00e9ritos a Considerar.<\/li>\n<li>Se valorar\u00e1 experiencia profesional en puestos de trabajo similares<\/li>\n<li>Se valorar\u00e1 experiencia previa en Investigaci\u00f3n.<\/li>\n<\/ul>\n<p><strong>Competencias Profesionales:<\/strong><\/p>\n<ul>\n<li>Capacidad de Interrelaci\u00f3n. Facilidad para la relaci\u00f3n interpersonal entre profesionales y equipos de trabajo, as\u00ed como la capacidad de generar adhesi\u00f3n, colaboraci\u00f3n, compromiso y fidelizaci\u00f3n en los proyectos y trabajo en com\u00fan.<\/li>\n<li>Discreci\u00f3n y Esmerado trato personal. Capacidad de gesti\u00f3n adecuada de la informaci\u00f3n y su finalidad, teniendo presente en todo momento los l\u00edmites de su uso, mostrando una actitud de empat\u00eda y expresi\u00f3n clara y asertiva.<\/li>\n<li>Trabajo en Equipo. Capacidad para establecer relaciones de participaci\u00f3n y cooperaci\u00f3n con otros profesionales, compartiendo recursos y conocimiento, armonizando intereses y contribuyendo activamente a la consecuci\u00f3n de objetivos cl\u00ednicos y organizativos.<\/li>\n<li>Esp\u00edritu de Superaci\u00f3n. Capacidad de ampliar conocimientos de la propia especializaci\u00f3n, adem\u00e1s de conocer informaci\u00f3n actualizada sobre el \u00e1mbito profesional de actuaci\u00f3n, manifestando conductas orientadas a el desarrollo de carrera y su traslaci\u00f3n a la cl\u00ednica.<\/li>\n<\/ul>\n<p><strong>Ofrecemos:<\/strong><\/p>\n<ul>\n<li>Contrato Laboral Indefinido.<\/li>\n<li>Jornada Completa.<\/li>\n<li>Horario de ma\u00f1ana.<\/li>\n<li>14 pagas.<\/li>\n<li>Oportunidades de investigaci\u00f3n y docencia.<\/li>\n<\/ul>\n<p><strong>Contacto:<\/strong> Rafael Mart\u00ednez<\/p>\n<p><strong>Tel\u00e9fono:<\/strong> <a href=\"tel:0034977390011\" rel=\"alternate\">977 390 011<\/a><\/p>\n<p><strong>Email:<\/strong> <a href=\"mailto:martinezr@peremata.com\" rel=\"alternate\">martinezr@peremata.com<\/a><\/p>\n","protected":false},"author":1,"featured_media":0,"comment_status":"open","ping_status":"open","sticky":false,"template":"","format":"standard","meta":{"footnotes":""},"categories":[161],"tags":[],"class_list":["post-7750","post","type-post","status-publish","format-standard","hentry","category-bolsa-de-trabajo"],"yoast_head":"<!-- This site is optimized with the Yoast SEO plugin v27.4 - https:\/\/yoast.com\/product\/yoast-seo-wordpress\/ -->\n<title>Psiquiatr\u00eda (Tarragona) - COMT<\/title>\n<meta name=\"robots\" content=\"index, follow, max-snippet:-1, max-image-preview:large, max-video-preview:-1\" \/>\n<link rel=\"canonical\" href=\"https:\/\/comt.cat\/es\/psiquiatria-tarragona-20200616-2\/\" \/>\n<meta property=\"og:locale\" content=\"es_ES\" \/>\n<meta property=\"og:type\" content=\"article\" \/>\n<meta property=\"og:title\" content=\"Psiquiatr\u00eda (Tarragona) - COMT\" \/>\n<meta property=\"og:description\" content=\"Funciones:  Atenci\u00f3n en salud mental para personas con discapacidad intelectual y otros trastornos de desarrollo. Asumir la responsabilidad asistencial y cl\u00ednica de los pacientes en cuanto a diagn\u00f3stico y tratamiento. Participar en la organizaci\u00f3n, planificaci\u00f3n y objetivos de los programas de la Unidad. Participar en las actividades docentes y de investigaci\u00f3n. Funciones propias de la titulaci\u00f3n acad\u00e9mica.  Titulaci\u00f3n: Licenciatura de Medicina y Cirug\u00eda con Especialidad en Psiquiatr\u00eda. Experiencia:  Experiencia y formaci\u00f3n en psiquiatr\u00eda, se valorar\u00e1 experiencia en el \u00e1mbito de la DI. Experiencia y formaci\u00f3n en Psicoterapias. Otros: Oral y Escrito en catal\u00e1n, castellano e ingl\u00e9s M\u00e9ritos a Considerar. Se valorar\u00e1 experiencia profesional en puestos de trabajo similares Se valorar\u00e1 experiencia previa en Investigaci\u00f3n.  Competencias Profesionales:  Capacidad de Interrelaci\u00f3n. Facilidad para la relaci\u00f3n interpersonal entre profesionales y equipos de trabajo, as\u00ed como la capacidad de generar adhesi\u00f3n, colaboraci\u00f3n, compromiso y fidelizaci\u00f3n en los proyectos y trabajo en com\u00fan. Discreci\u00f3n y Esmerado trato personal. Capacidad de gesti\u00f3n adecuada de la informaci\u00f3n y su finalidad, teniendo presente en todo momento los l\u00edmites de su uso, mostrando una actitud de empat\u00eda y expresi\u00f3n clara y asertiva. Trabajo en Equipo. Capacidad para establecer relaciones de participaci\u00f3n y cooperaci\u00f3n con otros profesionales, compartiendo recursos y conocimiento, armonizando intereses y contribuyendo activamente a la consecuci\u00f3n de objetivos cl\u00ednicos y organizativos. Esp\u00edritu de Superaci\u00f3n. Capacidad de ampliar conocimientos de la propia especializaci\u00f3n, adem\u00e1s de conocer informaci\u00f3n actualizada sobre el \u00e1mbito profesional de actuaci\u00f3n, manifestando conductas orientadas a el desarrollo de carrera y su traslaci\u00f3n a la cl\u00ednica.  Ofrecemos:  Contrato Laboral Indefinido. Jornada Completa. Horario de ma\u00f1ana. 14 pagas. Oportunidades de investigaci\u00f3n y docencia.  Contacto: Rafael Mart\u00ednez Tel\u00e9fono: 977 390 011 Email: martinezr@peremata.com\" \/>\n<meta property=\"og:url\" content=\"https:\/\/comt.cat\/es\/psiquiatria-tarragona-20200616-2\/\" \/>\n<meta property=\"og:site_name\" content=\"COMT\" \/>\n<meta property=\"article:published_time\" content=\"2020-06-16T21:24:47+00:00\" \/>\n<meta name=\"author\" content=\"comt\" \/>\n<meta name=\"twitter:card\" content=\"summary_large_image\" \/>\n<meta name=\"twitter:label1\" content=\"Escrito por\" \/>\n\t<meta name=\"twitter:data1\" content=\"comt\" \/>\n\t<meta name=\"twitter:label2\" content=\"Tiempo de lectura\" \/>\n\t<meta name=\"twitter:data2\" content=\"2 minutos\" \/>\n<script type=\"application\/ld+json\" class=\"yoast-schema-graph\">{\"@context\":\"https:\\\/\\\/schema.org\",\"@graph\":[{\"@type\":\"Article\",\"@id\":\"https:\\\/\\\/comt.cat\\\/es\\\/psiquiatria-tarragona-20200616-2\\\/#article\",\"isPartOf\":{\"@id\":\"https:\\\/\\\/comt.cat\\\/es\\\/psiquiatria-tarragona-20200616-2\\\/\"},\"author\":{\"name\":\"comt\",\"@id\":\"https:\\\/\\\/comt.cat\\\/#\\\/schema\\\/person\\\/e9c884d9eb13a1fd7c15c3899c93dbee\"},\"headline\":\"Psiquiatr\u00eda (Tarragona)\",\"datePublished\":\"2020-06-16T21:24:47+00:00\",\"mainEntityOfPage\":{\"@id\":\"https:\\\/\\\/comt.cat\\\/es\\\/psiquiatria-tarragona-20200616-2\\\/\"},\"wordCount\":322,\"commentCount\":0,\"articleSection\":[\"Bolsa de trabajo\"],\"inLanguage\":\"es\",\"potentialAction\":[{\"@type\":\"CommentAction\",\"name\":\"Comment\",\"target\":[\"https:\\\/\\\/comt.cat\\\/es\\\/psiquiatria-tarragona-20200616-2\\\/#respond\"]}]},{\"@type\":\"WebPage\",\"@id\":\"https:\\\/\\\/comt.cat\\\/es\\\/psiquiatria-tarragona-20200616-2\\\/\",\"url\":\"https:\\\/\\\/comt.cat\\\/es\\\/psiquiatria-tarragona-20200616-2\\\/\",\"name\":\"Psiquiatr\u00eda (Tarragona) - COMT\",\"isPartOf\":{\"@id\":\"https:\\\/\\\/comt.cat\\\/#website\"},\"datePublished\":\"2020-06-16T21:24:47+00:00\",\"author\":{\"@id\":\"https:\\\/\\\/comt.cat\\\/#\\\/schema\\\/person\\\/e9c884d9eb13a1fd7c15c3899c93dbee\"},\"breadcrumb\":{\"@id\":\"https:\\\/\\\/comt.cat\\\/es\\\/psiquiatria-tarragona-20200616-2\\\/#breadcrumb\"},\"inLanguage\":\"es\",\"potentialAction\":[{\"@type\":\"ReadAction\",\"target\":[\"https:\\\/\\\/comt.cat\\\/es\\\/psiquiatria-tarragona-20200616-2\\\/\"]}]},{\"@type\":\"BreadcrumbList\",\"@id\":\"https:\\\/\\\/comt.cat\\\/es\\\/psiquiatria-tarragona-20200616-2\\\/#breadcrumb\",\"itemListElement\":[{\"@type\":\"ListItem\",\"position\":1,\"name\":\"Home\",\"item\":\"https:\\\/\\\/comt.cat\\\/es\\\/\"},{\"@type\":\"ListItem\",\"position\":2,\"name\":\"Psiquiatr\u00eda (Tarragona)\"}]},{\"@type\":\"WebSite\",\"@id\":\"https:\\\/\\\/comt.cat\\\/#website\",\"url\":\"https:\\\/\\\/comt.cat\\\/\",\"name\":\"COMT\",\"description\":\"Col\u00b7legi de Metges de Tarragona\",\"potentialAction\":[{\"@type\":\"SearchAction\",\"target\":{\"@type\":\"EntryPoint\",\"urlTemplate\":\"https:\\\/\\\/comt.cat\\\/?s={search_term_string}\"},\"query-input\":{\"@type\":\"PropertyValueSpecification\",\"valueRequired\":true,\"valueName\":\"search_term_string\"}}],\"inLanguage\":\"es\"},{\"@type\":\"Person\",\"@id\":\"https:\\\/\\\/comt.cat\\\/#\\\/schema\\\/person\\\/e9c884d9eb13a1fd7c15c3899c93dbee\",\"name\":\"comt\",\"image\":{\"@type\":\"ImageObject\",\"inLanguage\":\"es\",\"@id\":\"https:\\\/\\\/secure.gravatar.com\\\/avatar\\\/4973b6e675aecb45ab4d3cc8daea28d3f2f37d475c99290bc0b7e7fcc73af7be?s=96&d=mm&r=g\",\"url\":\"https:\\\/\\\/secure.gravatar.com\\\/avatar\\\/4973b6e675aecb45ab4d3cc8daea28d3f2f37d475c99290bc0b7e7fcc73af7be?s=96&d=mm&r=g\",\"contentUrl\":\"https:\\\/\\\/secure.gravatar.com\\\/avatar\\\/4973b6e675aecb45ab4d3cc8daea28d3f2f37d475c99290bc0b7e7fcc73af7be?s=96&d=mm&r=g\",\"caption\":\"comt\"},\"url\":\"https:\\\/\\\/comt.cat\\\/es\\\/author\\\/comt\\\/\"}]}<\/script>\n<!-- \/ Yoast SEO plugin. -->","yoast_head_json":{"title":"Psiquiatr\u00eda (Tarragona) - COMT","robots":{"index":"index","follow":"follow","max-snippet":"max-snippet:-1","max-image-preview":"max-image-preview:large","max-video-preview":"max-video-preview:-1"},"canonical":"https:\/\/comt.cat\/es\/psiquiatria-tarragona-20200616-2\/","og_locale":"es_ES","og_type":"article","og_title":"Psiquiatr\u00eda (Tarragona) - COMT","og_description":"Funciones:  Atenci\u00f3n en salud mental para personas con discapacidad intelectual y otros trastornos de desarrollo. Asumir la responsabilidad asistencial y cl\u00ednica de los pacientes en cuanto a diagn\u00f3stico y tratamiento. Participar en la organizaci\u00f3n, planificaci\u00f3n y objetivos de los programas de la Unidad. Participar en las actividades docentes y de investigaci\u00f3n. Funciones propias de la titulaci\u00f3n acad\u00e9mica.  Titulaci\u00f3n: Licenciatura de Medicina y Cirug\u00eda con Especialidad en Psiquiatr\u00eda. Experiencia:  Experiencia y formaci\u00f3n en psiquiatr\u00eda, se valorar\u00e1 experiencia en el \u00e1mbito de la DI. Experiencia y formaci\u00f3n en Psicoterapias. Otros: Oral y Escrito en catal\u00e1n, castellano e ingl\u00e9s M\u00e9ritos a Considerar. Se valorar\u00e1 experiencia profesional en puestos de trabajo similares Se valorar\u00e1 experiencia previa en Investigaci\u00f3n.  Competencias Profesionales:  Capacidad de Interrelaci\u00f3n. Facilidad para la relaci\u00f3n interpersonal entre profesionales y equipos de trabajo, as\u00ed como la capacidad de generar adhesi\u00f3n, colaboraci\u00f3n, compromiso y fidelizaci\u00f3n en los proyectos y trabajo en com\u00fan. Discreci\u00f3n y Esmerado trato personal. Capacidad de gesti\u00f3n adecuada de la informaci\u00f3n y su finalidad, teniendo presente en todo momento los l\u00edmites de su uso, mostrando una actitud de empat\u00eda y expresi\u00f3n clara y asertiva. Trabajo en Equipo. Capacidad para establecer relaciones de participaci\u00f3n y cooperaci\u00f3n con otros profesionales, compartiendo recursos y conocimiento, armonizando intereses y contribuyendo activamente a la consecuci\u00f3n de objetivos cl\u00ednicos y organizativos. Esp\u00edritu de Superaci\u00f3n. Capacidad de ampliar conocimientos de la propia especializaci\u00f3n, adem\u00e1s de conocer informaci\u00f3n actualizada sobre el \u00e1mbito profesional de actuaci\u00f3n, manifestando conductas orientadas a el desarrollo de carrera y su traslaci\u00f3n a la cl\u00ednica.  Ofrecemos:  Contrato Laboral Indefinido. Jornada Completa. Horario de ma\u00f1ana. 14 pagas. Oportunidades de investigaci\u00f3n y docencia.  Contacto: Rafael Mart\u00ednez Tel\u00e9fono: 977 390 011 Email: martinezr@peremata.com","og_url":"https:\/\/comt.cat\/es\/psiquiatria-tarragona-20200616-2\/","og_site_name":"COMT","article_published_time":"2020-06-16T21:24:47+00:00","author":"comt","twitter_card":"summary_large_image","twitter_misc":{"Escrito por":"comt","Tiempo de lectura":"2 minutos"},"schema":{"@context":"https:\/\/schema.org","@graph":[{"@type":"Article","@id":"https:\/\/comt.cat\/es\/psiquiatria-tarragona-20200616-2\/#article","isPartOf":{"@id":"https:\/\/comt.cat\/es\/psiquiatria-tarragona-20200616-2\/"},"author":{"name":"comt","@id":"https:\/\/comt.cat\/#\/schema\/person\/e9c884d9eb13a1fd7c15c3899c93dbee"},"headline":"Psiquiatr\u00eda (Tarragona)","datePublished":"2020-06-16T21:24:47+00:00","mainEntityOfPage":{"@id":"https:\/\/comt.cat\/es\/psiquiatria-tarragona-20200616-2\/"},"wordCount":322,"commentCount":0,"articleSection":["Bolsa de trabajo"],"inLanguage":"es","potentialAction":[{"@type":"CommentAction","name":"Comment","target":["https:\/\/comt.cat\/es\/psiquiatria-tarragona-20200616-2\/#respond"]}]},{"@type":"WebPage","@id":"https:\/\/comt.cat\/es\/psiquiatria-tarragona-20200616-2\/","url":"https:\/\/comt.cat\/es\/psiquiatria-tarragona-20200616-2\/","name":"Psiquiatr\u00eda (Tarragona) - COMT","isPartOf":{"@id":"https:\/\/comt.cat\/#website"},"datePublished":"2020-06-16T21:24:47+00:00","author":{"@id":"https:\/\/comt.cat\/#\/schema\/person\/e9c884d9eb13a1fd7c15c3899c93dbee"},"breadcrumb":{"@id":"https:\/\/comt.cat\/es\/psiquiatria-tarragona-20200616-2\/#breadcrumb"},"inLanguage":"es","potentialAction":[{"@type":"ReadAction","target":["https:\/\/comt.cat\/es\/psiquiatria-tarragona-20200616-2\/"]}]},{"@type":"BreadcrumbList","@id":"https:\/\/comt.cat\/es\/psiquiatria-tarragona-20200616-2\/#breadcrumb","itemListElement":[{"@type":"ListItem","position":1,"name":"Home","item":"https:\/\/comt.cat\/es\/"},{"@type":"ListItem","position":2,"name":"Psiquiatr\u00eda (Tarragona)"}]},{"@type":"WebSite","@id":"https:\/\/comt.cat\/#website","url":"https:\/\/comt.cat\/","name":"COMT","description":"Col\u00b7legi de Metges de Tarragona","potentialAction":[{"@type":"SearchAction","target":{"@type":"EntryPoint","urlTemplate":"https:\/\/comt.cat\/?s={search_term_string}"},"query-input":{"@type":"PropertyValueSpecification","valueRequired":true,"valueName":"search_term_string"}}],"inLanguage":"es"},{"@type":"Person","@id":"https:\/\/comt.cat\/#\/schema\/person\/e9c884d9eb13a1fd7c15c3899c93dbee","name":"comt","image":{"@type":"ImageObject","inLanguage":"es","@id":"https:\/\/secure.gravatar.com\/avatar\/4973b6e675aecb45ab4d3cc8daea28d3f2f37d475c99290bc0b7e7fcc73af7be?s=96&d=mm&r=g","url":"https:\/\/secure.gravatar.com\/avatar\/4973b6e675aecb45ab4d3cc8daea28d3f2f37d475c99290bc0b7e7fcc73af7be?s=96&d=mm&r=g","contentUrl":"https:\/\/secure.gravatar.com\/avatar\/4973b6e675aecb45ab4d3cc8daea28d3f2f37d475c99290bc0b7e7fcc73af7be?s=96&d=mm&r=g","caption":"comt"},"url":"https:\/\/comt.cat\/es\/author\/comt\/"}]}},"_links":{"self":[{"href":"https:\/\/comt.cat\/es\/wp-json\/wp\/v2\/posts\/7750","targetHints":{"allow":["GET"]}}],"collection":[{"href":"https:\/\/comt.cat\/es\/wp-json\/wp\/v2\/posts"}],"about":[{"href":"https:\/\/comt.cat\/es\/wp-json\/wp\/v2\/types\/post"}],"author":[{"embeddable":true,"href":"https:\/\/comt.cat\/es\/wp-json\/wp\/v2\/users\/1"}],"replies":[{"embeddable":true,"href":"https:\/\/comt.cat\/es\/wp-json\/wp\/v2\/comments?post=7750"}],"version-history":[{"count":0,"href":"https:\/\/comt.cat\/es\/wp-json\/wp\/v2\/posts\/7750\/revisions"}],"wp:attachment":[{"href":"https:\/\/comt.cat\/es\/wp-json\/wp\/v2\/media?parent=7750"}],"wp:term":[{"taxonomy":"category","embeddable":true,"href":"https:\/\/comt.cat\/es\/wp-json\/wp\/v2\/categories?post=7750"},{"taxonomy":"post_tag","embeddable":true,"href":"https:\/\/comt.cat\/es\/wp-json\/wp\/v2\/tags?post=7750"}],"curies":[{"name":"wp","href":"https:\/\/api.w.org\/{rel}","templated":true}]}}