{"id":7789,"date":"2020-06-30T12:40:00","date_gmt":"2020-06-30T12:40:00","guid":{"rendered":"http:\/\/comt.local\/sense-categoria\/anuncio-convocatoria-de-elecciones-2020\/"},"modified":"2020-06-30T12:40:00","modified_gmt":"2020-06-30T12:40:00","slug":"anuncio-convocatoria-de-elecciones-2020","status":"publish","type":"post","link":"https:\/\/comt.cat\/es\/anuncio-convocatoria-de-elecciones-2020\/","title":{"rendered":"Anuncio convocatoria de elecciones"},"content":{"rendered":"<p>Apreciado\/da colegiado\/da,<\/p>\n<p>Ya han transcurrido cuatro a\u00f1os desde que la Junta que tengo el honor de presidir, renov\u00f3 la representaci\u00f3n de las m\u00e9dicas y los m\u00e9dicos de Tarragona y ahora toca escoger, de nuevo, a la Junta de Gobierno y a la Asamblea de Compromisarios por el per\u00edodo de los pr\u00f3ximos cuatro a\u00f1os, en los que la profesi\u00f3n tendr\u00e1 que hacer frente a los grandes retos derivados de los procesos de reordenaci\u00f3n de la sanidad, tanto p\u00fablica como privada, y no hace falta mencionar la situaci\u00f3n excepcional sanitaria que hemos soportado, como consecuencia de la pandemia de la Covid-19 y que a\u00fan hoy, seguimos batallando.<\/p>\n<p>Por ello, y de conformidad con lo establecido en Estatutos del Colegio Oficial de M\u00e9dicos de Tarragona, la Junta de Gobierno acord\u00f3, en sesi\u00f3n celebrada el 29 de junio, <span style=\"text-decoration: underline;\">convocar elecciones a delegados para la Asamblea de Compromisarios y a la Junta de Gobierno para el pr\u00f3ximo d\u00eda 15 de octubre<\/span>, que se celebrar\u00e1n siguiendo el calendario electoral que se acompa\u00f1a.<\/p>\n<p>Despu\u00e9s de 12 a\u00f1os aprovecho la ocasi\u00f3n para despedirme de todos vosotros y agradeceros la confianza que hab\u00e9is depositado en mi persona y en el resto de los miembros de la Junta que os hemos representado, lo mejor que hemos sido capaces, durante este periodo.<\/p>\n<p>Quiero animar a todos los m\u00e9dicos a participar en este proceso electoral que debe permitir renovar la representaci\u00f3n institucional de los m\u00e9dicos de Tarragona y fortalecer su voz.<\/p>\n<p>\u00a0<\/p>\n<div>\n<p style=\"text-align: center;\">Tarragona, 29 de junio de 2020<\/p>\n<p style=\"text-align: center;\"><img decoding=\"async\" style=\"margin: 0 auto; width: 150px !important;\" src=\"\/wp-content\/uploads\/joomla_images\/firmaVizcarro120x150.png\" \/><\/p>\n<p style=\"text-align: center;\"><strong>Fernando Vizcarro Bosch<\/strong><br \/> Presidente<\/p>\n<\/div>\n","protected":false},"excerpt":{"rendered":"<p>Apreciado\/da colegiado\/da,<\/p>\n<p>Ya han transcurrido cuatro a\u00f1os desde que la Junta que tengo el honor de presidir, renov\u00f3 la representaci\u00f3n de las m\u00e9dicas y los m\u00e9dicos de Tarragona y ahora toca escoger, de nuevo, a la Junta de Gobierno y a la Asamblea de Compromisarios por el per\u00edodo de los pr\u00f3ximos cuatro a\u00f1os, en los que la profesi\u00f3n tendr\u00e1 que hacer frente a los grandes retos derivados de los procesos de reordenaci\u00f3n de la sanidad, tanto p\u00fablica como privada, y no hace falta mencionar la situaci\u00f3n excepcional sanitaria que hemos soportado, como consecuencia de la pandemia de la Covid-19 y que a\u00fan hoy, seguimos batallando.<\/p>\n<p>Por ello, y de conformidad con lo establecido en Estatutos del Colegio Oficial de M\u00e9dicos de Tarragona, la Junta de Gobierno acord\u00f3, en sesi\u00f3n celebrada el 29 de junio, <span style=\"text-decoration: underline;\">convocar elecciones a delegados para la Asamblea de Compromisarios y a la Junta de Gobierno para el pr\u00f3ximo d\u00eda 15 de octubre<\/span>, que se celebrar\u00e1n siguiendo el calendario electoral que se acompa\u00f1a.<\/p>\n<p>Despu\u00e9s de 12 a\u00f1os aprovecho la ocasi\u00f3n para despedirme de todos vosotros y agradeceros la confianza que hab\u00e9is depositado en mi persona y en el resto de los miembros de la Junta que os hemos representado, lo mejor que hemos sido capaces, durante este periodo.<\/p>\n<p>Quiero animar a todos los m\u00e9dicos a participar en este proceso electoral que debe permitir renovar la representaci\u00f3n institucional de los m\u00e9dicos de Tarragona y fortalecer su voz.<\/p>\n<p>\u00a0<\/p>\n<div>\n<p style=\"text-align: center;\">Tarragona, 29 de junio de 2020<\/p>\n<p style=\"text-align: center;\"><img decoding=\"async\" style=\"margin: 0 auto; width: 150px !important;\" src=\"\/wp-content\/uploads\/joomla_images\/firmaVizcarro120x150.png\" \/><\/p>\n<p style=\"text-align: center;\"><strong>Fernando Vizcarro Bosch<\/strong><br \/> Presidente<\/p>\n<\/div>\n","protected":false},"author":1,"featured_media":0,"comment_status":"open","ping_status":"open","sticky":false,"template":"","format":"standard","meta":{"footnotes":""},"categories":[441],"tags":[],"class_list":["post-7789","post","type-post","status-publish","format-standard","hentry","category-elecciones-2020"],"yoast_head":"<!-- This site is optimized with the Yoast SEO plugin v27.4 - https:\/\/yoast.com\/product\/yoast-seo-wordpress\/ -->\n<title>Anuncio convocatoria de elecciones - COMT<\/title>\n<meta name=\"robots\" content=\"index, follow, max-snippet:-1, max-image-preview:large, max-video-preview:-1\" \/>\n<link rel=\"canonical\" href=\"https:\/\/comt.cat\/es\/anuncio-convocatoria-de-elecciones-2020\/\" \/>\n<meta property=\"og:locale\" content=\"es_ES\" \/>\n<meta property=\"og:type\" content=\"article\" \/>\n<meta property=\"og:title\" content=\"Anuncio convocatoria de elecciones - COMT\" \/>\n<meta property=\"og:description\" content=\"Apreciado\/da colegiado\/da, Ya han transcurrido cuatro a\u00f1os desde que la Junta que tengo el honor de presidir, renov\u00f3 la representaci\u00f3n de las m\u00e9dicas y los m\u00e9dicos de Tarragona y ahora toca escoger, de nuevo, a la Junta de Gobierno y a la Asamblea de Compromisarios por el per\u00edodo de los pr\u00f3ximos cuatro a\u00f1os, en los que la profesi\u00f3n tendr\u00e1 que hacer frente a los grandes retos derivados de los procesos de reordenaci\u00f3n de la sanidad, tanto p\u00fablica como privada, y no hace falta mencionar la situaci\u00f3n excepcional sanitaria que hemos soportado, como consecuencia de la pandemia de la Covid-19 y que a\u00fan hoy, seguimos batallando. Por ello, y de conformidad con lo establecido en Estatutos del Colegio Oficial de M\u00e9dicos de Tarragona, la Junta de Gobierno acord\u00f3, en sesi\u00f3n celebrada el 29 de junio, convocar elecciones a delegados para la Asamblea de Compromisarios y a la Junta de Gobierno para el pr\u00f3ximo d\u00eda 15 de octubre, que se celebrar\u00e1n siguiendo el calendario electoral que se acompa\u00f1a. Despu\u00e9s de 12 a\u00f1os aprovecho la ocasi\u00f3n para despedirme de todos vosotros y agradeceros la confianza que hab\u00e9is depositado en mi persona y en el resto de los miembros de la Junta que os hemos representado, lo mejor que hemos sido capaces, durante este periodo. Quiero animar a todos los m\u00e9dicos a participar en este proceso electoral que debe permitir renovar la representaci\u00f3n institucional de los m\u00e9dicos de Tarragona y fortalecer su voz. \u00a0  Tarragona, 29 de junio de 2020  Fernando Vizcarro Bosch Presidente\" \/>\n<meta property=\"og:url\" content=\"https:\/\/comt.cat\/es\/anuncio-convocatoria-de-elecciones-2020\/\" \/>\n<meta property=\"og:site_name\" content=\"COMT\" \/>\n<meta property=\"article:published_time\" content=\"2020-06-30T12:40:00+00:00\" \/>\n<meta name=\"author\" content=\"comt\" \/>\n<meta name=\"twitter:card\" content=\"summary_large_image\" \/>\n<meta name=\"twitter:label1\" content=\"Escrito por\" \/>\n\t<meta name=\"twitter:data1\" content=\"comt\" \/>\n\t<meta name=\"twitter:label2\" content=\"Tiempo de lectura\" \/>\n\t<meta name=\"twitter:data2\" content=\"1 minuto\" \/>\n<script type=\"application\/ld+json\" class=\"yoast-schema-graph\">{\"@context\":\"https:\\\/\\\/schema.org\",\"@graph\":[{\"@type\":\"Article\",\"@id\":\"https:\\\/\\\/comt.cat\\\/es\\\/anuncio-convocatoria-de-elecciones-2020\\\/#article\",\"isPartOf\":{\"@id\":\"https:\\\/\\\/comt.cat\\\/es\\\/anuncio-convocatoria-de-elecciones-2020\\\/\"},\"author\":{\"name\":\"comt\",\"@id\":\"https:\\\/\\\/comt.cat\\\/#\\\/schema\\\/person\\\/e9c884d9eb13a1fd7c15c3899c93dbee\"},\"headline\":\"Anuncio convocatoria de elecciones\",\"datePublished\":\"2020-06-30T12:40:00+00:00\",\"mainEntityOfPage\":{\"@id\":\"https:\\\/\\\/comt.cat\\\/es\\\/anuncio-convocatoria-de-elecciones-2020\\\/\"},\"wordCount\":275,\"commentCount\":0,\"articleSection\":[\"Elecciones 2020\"],\"inLanguage\":\"es\",\"potentialAction\":[{\"@type\":\"CommentAction\",\"name\":\"Comment\",\"target\":[\"https:\\\/\\\/comt.cat\\\/es\\\/anuncio-convocatoria-de-elecciones-2020\\\/#respond\"]}]},{\"@type\":\"WebPage\",\"@id\":\"https:\\\/\\\/comt.cat\\\/es\\\/anuncio-convocatoria-de-elecciones-2020\\\/\",\"url\":\"https:\\\/\\\/comt.cat\\\/es\\\/anuncio-convocatoria-de-elecciones-2020\\\/\",\"name\":\"Anuncio convocatoria de elecciones - COMT\",\"isPartOf\":{\"@id\":\"https:\\\/\\\/comt.cat\\\/#website\"},\"datePublished\":\"2020-06-30T12:40:00+00:00\",\"author\":{\"@id\":\"https:\\\/\\\/comt.cat\\\/#\\\/schema\\\/person\\\/e9c884d9eb13a1fd7c15c3899c93dbee\"},\"breadcrumb\":{\"@id\":\"https:\\\/\\\/comt.cat\\\/es\\\/anuncio-convocatoria-de-elecciones-2020\\\/#breadcrumb\"},\"inLanguage\":\"es\",\"potentialAction\":[{\"@type\":\"ReadAction\",\"target\":[\"https:\\\/\\\/comt.cat\\\/es\\\/anuncio-convocatoria-de-elecciones-2020\\\/\"]}]},{\"@type\":\"BreadcrumbList\",\"@id\":\"https:\\\/\\\/comt.cat\\\/es\\\/anuncio-convocatoria-de-elecciones-2020\\\/#breadcrumb\",\"itemListElement\":[{\"@type\":\"ListItem\",\"position\":1,\"name\":\"Home\",\"item\":\"https:\\\/\\\/comt.cat\\\/es\\\/\"},{\"@type\":\"ListItem\",\"position\":2,\"name\":\"Anuncio convocatoria de elecciones\"}]},{\"@type\":\"WebSite\",\"@id\":\"https:\\\/\\\/comt.cat\\\/#website\",\"url\":\"https:\\\/\\\/comt.cat\\\/\",\"name\":\"COMT\",\"description\":\"Col\u00b7legi de Metges de Tarragona\",\"potentialAction\":[{\"@type\":\"SearchAction\",\"target\":{\"@type\":\"EntryPoint\",\"urlTemplate\":\"https:\\\/\\\/comt.cat\\\/?s={search_term_string}\"},\"query-input\":{\"@type\":\"PropertyValueSpecification\",\"valueRequired\":true,\"valueName\":\"search_term_string\"}}],\"inLanguage\":\"es\"},{\"@type\":\"Person\",\"@id\":\"https:\\\/\\\/comt.cat\\\/#\\\/schema\\\/person\\\/e9c884d9eb13a1fd7c15c3899c93dbee\",\"name\":\"comt\",\"image\":{\"@type\":\"ImageObject\",\"inLanguage\":\"es\",\"@id\":\"https:\\\/\\\/secure.gravatar.com\\\/avatar\\\/4973b6e675aecb45ab4d3cc8daea28d3f2f37d475c99290bc0b7e7fcc73af7be?s=96&d=mm&r=g\",\"url\":\"https:\\\/\\\/secure.gravatar.com\\\/avatar\\\/4973b6e675aecb45ab4d3cc8daea28d3f2f37d475c99290bc0b7e7fcc73af7be?s=96&d=mm&r=g\",\"contentUrl\":\"https:\\\/\\\/secure.gravatar.com\\\/avatar\\\/4973b6e675aecb45ab4d3cc8daea28d3f2f37d475c99290bc0b7e7fcc73af7be?s=96&d=mm&r=g\",\"caption\":\"comt\"},\"url\":\"https:\\\/\\\/comt.cat\\\/es\\\/author\\\/comt\\\/\"}]}<\/script>\n<!-- \/ Yoast SEO plugin. -->","yoast_head_json":{"title":"Anuncio convocatoria de elecciones - COMT","robots":{"index":"index","follow":"follow","max-snippet":"max-snippet:-1","max-image-preview":"max-image-preview:large","max-video-preview":"max-video-preview:-1"},"canonical":"https:\/\/comt.cat\/es\/anuncio-convocatoria-de-elecciones-2020\/","og_locale":"es_ES","og_type":"article","og_title":"Anuncio convocatoria de elecciones - COMT","og_description":"Apreciado\/da colegiado\/da, Ya han transcurrido cuatro a\u00f1os desde que la Junta que tengo el honor de presidir, renov\u00f3 la representaci\u00f3n de las m\u00e9dicas y los m\u00e9dicos de Tarragona y ahora toca escoger, de nuevo, a la Junta de Gobierno y a la Asamblea de Compromisarios por el per\u00edodo de los pr\u00f3ximos cuatro a\u00f1os, en los que la profesi\u00f3n tendr\u00e1 que hacer frente a los grandes retos derivados de los procesos de reordenaci\u00f3n de la sanidad, tanto p\u00fablica como privada, y no hace falta mencionar la situaci\u00f3n excepcional sanitaria que hemos soportado, como consecuencia de la pandemia de la Covid-19 y que a\u00fan hoy, seguimos batallando. Por ello, y de conformidad con lo establecido en Estatutos del Colegio Oficial de M\u00e9dicos de Tarragona, la Junta de Gobierno acord\u00f3, en sesi\u00f3n celebrada el 29 de junio, convocar elecciones a delegados para la Asamblea de Compromisarios y a la Junta de Gobierno para el pr\u00f3ximo d\u00eda 15 de octubre, que se celebrar\u00e1n siguiendo el calendario electoral que se acompa\u00f1a. Despu\u00e9s de 12 a\u00f1os aprovecho la ocasi\u00f3n para despedirme de todos vosotros y agradeceros la confianza que hab\u00e9is depositado en mi persona y en el resto de los miembros de la Junta que os hemos representado, lo mejor que hemos sido capaces, durante este periodo. Quiero animar a todos los m\u00e9dicos a participar en este proceso electoral que debe permitir renovar la representaci\u00f3n institucional de los m\u00e9dicos de Tarragona y fortalecer su voz. \u00a0  Tarragona, 29 de junio de 2020  Fernando Vizcarro Bosch Presidente","og_url":"https:\/\/comt.cat\/es\/anuncio-convocatoria-de-elecciones-2020\/","og_site_name":"COMT","article_published_time":"2020-06-30T12:40:00+00:00","author":"comt","twitter_card":"summary_large_image","twitter_misc":{"Escrito por":"comt","Tiempo de lectura":"1 minuto"},"schema":{"@context":"https:\/\/schema.org","@graph":[{"@type":"Article","@id":"https:\/\/comt.cat\/es\/anuncio-convocatoria-de-elecciones-2020\/#article","isPartOf":{"@id":"https:\/\/comt.cat\/es\/anuncio-convocatoria-de-elecciones-2020\/"},"author":{"name":"comt","@id":"https:\/\/comt.cat\/#\/schema\/person\/e9c884d9eb13a1fd7c15c3899c93dbee"},"headline":"Anuncio convocatoria de elecciones","datePublished":"2020-06-30T12:40:00+00:00","mainEntityOfPage":{"@id":"https:\/\/comt.cat\/es\/anuncio-convocatoria-de-elecciones-2020\/"},"wordCount":275,"commentCount":0,"articleSection":["Elecciones 2020"],"inLanguage":"es","potentialAction":[{"@type":"CommentAction","name":"Comment","target":["https:\/\/comt.cat\/es\/anuncio-convocatoria-de-elecciones-2020\/#respond"]}]},{"@type":"WebPage","@id":"https:\/\/comt.cat\/es\/anuncio-convocatoria-de-elecciones-2020\/","url":"https:\/\/comt.cat\/es\/anuncio-convocatoria-de-elecciones-2020\/","name":"Anuncio convocatoria de elecciones - COMT","isPartOf":{"@id":"https:\/\/comt.cat\/#website"},"datePublished":"2020-06-30T12:40:00+00:00","author":{"@id":"https:\/\/comt.cat\/#\/schema\/person\/e9c884d9eb13a1fd7c15c3899c93dbee"},"breadcrumb":{"@id":"https:\/\/comt.cat\/es\/anuncio-convocatoria-de-elecciones-2020\/#breadcrumb"},"inLanguage":"es","potentialAction":[{"@type":"ReadAction","target":["https:\/\/comt.cat\/es\/anuncio-convocatoria-de-elecciones-2020\/"]}]},{"@type":"BreadcrumbList","@id":"https:\/\/comt.cat\/es\/anuncio-convocatoria-de-elecciones-2020\/#breadcrumb","itemListElement":[{"@type":"ListItem","position":1,"name":"Home","item":"https:\/\/comt.cat\/es\/"},{"@type":"ListItem","position":2,"name":"Anuncio convocatoria de elecciones"}]},{"@type":"WebSite","@id":"https:\/\/comt.cat\/#website","url":"https:\/\/comt.cat\/","name":"COMT","description":"Col\u00b7legi de Metges de Tarragona","potentialAction":[{"@type":"SearchAction","target":{"@type":"EntryPoint","urlTemplate":"https:\/\/comt.cat\/?s={search_term_string}"},"query-input":{"@type":"PropertyValueSpecification","valueRequired":true,"valueName":"search_term_string"}}],"inLanguage":"es"},{"@type":"Person","@id":"https:\/\/comt.cat\/#\/schema\/person\/e9c884d9eb13a1fd7c15c3899c93dbee","name":"comt","image":{"@type":"ImageObject","inLanguage":"es","@id":"https:\/\/secure.gravatar.com\/avatar\/4973b6e675aecb45ab4d3cc8daea28d3f2f37d475c99290bc0b7e7fcc73af7be?s=96&d=mm&r=g","url":"https:\/\/secure.gravatar.com\/avatar\/4973b6e675aecb45ab4d3cc8daea28d3f2f37d475c99290bc0b7e7fcc73af7be?s=96&d=mm&r=g","contentUrl":"https:\/\/secure.gravatar.com\/avatar\/4973b6e675aecb45ab4d3cc8daea28d3f2f37d475c99290bc0b7e7fcc73af7be?s=96&d=mm&r=g","caption":"comt"},"url":"https:\/\/comt.cat\/es\/author\/comt\/"}]}},"_links":{"self":[{"href":"https:\/\/comt.cat\/es\/wp-json\/wp\/v2\/posts\/7789","targetHints":{"allow":["GET"]}}],"collection":[{"href":"https:\/\/comt.cat\/es\/wp-json\/wp\/v2\/posts"}],"about":[{"href":"https:\/\/comt.cat\/es\/wp-json\/wp\/v2\/types\/post"}],"author":[{"embeddable":true,"href":"https:\/\/comt.cat\/es\/wp-json\/wp\/v2\/users\/1"}],"replies":[{"embeddable":true,"href":"https:\/\/comt.cat\/es\/wp-json\/wp\/v2\/comments?post=7789"}],"version-history":[{"count":0,"href":"https:\/\/comt.cat\/es\/wp-json\/wp\/v2\/posts\/7789\/revisions"}],"wp:attachment":[{"href":"https:\/\/comt.cat\/es\/wp-json\/wp\/v2\/media?parent=7789"}],"wp:term":[{"taxonomy":"category","embeddable":true,"href":"https:\/\/comt.cat\/es\/wp-json\/wp\/v2\/categories?post=7789"},{"taxonomy":"post_tag","embeddable":true,"href":"https:\/\/comt.cat\/es\/wp-json\/wp\/v2\/tags?post=7789"}],"curies":[{"name":"wp","href":"https:\/\/api.w.org\/{rel}","templated":true}]}}