{"id":786,"date":"2015-10-22T00:34:46","date_gmt":"2015-10-22T00:34:46","guid":{"rendered":"http:\/\/comt.local\/sense-categoria\/ayudas-sociales-y-economicas\/"},"modified":"2015-10-22T00:34:46","modified_gmt":"2015-10-22T00:34:46","slug":"ayudas-sociales-y-economicas","status":"publish","type":"post","link":"https:\/\/comt.cat\/es\/ayudas-sociales-y-economicas\/","title":{"rendered":"Ayudas sociales y econ\u00f3micas"},"content":{"rendered":"<div class=\"category-item first\">\n<h3 class=\"page-header item-title\"> <a href=\"index.php\/es\/colegiados\/catalogo-de-servicios\/programa-de-proteccion-social\/ayudas-sociales-y-economicas\/atencion-social-y-a-la-dependencia\"> Atenci\u00f3n social y a la dependencia<\/a> <a href=\"#category-350\" data-toggle=\"collapse\" data-toggle=\"button\" class=\"btn btn-mini pull-right\"> <i class=\"fa fa-plus\"><\/i> <\/a> <\/h3>\n<div class=\"collapse fade\" id=\"category-350\">\n<div class=\"category-item first\">\n<h3 class=\"page-header item-title\"> <a href=\"es\/colegiados\/catalogo-de-servicios\/programa-de-proteccion-social\/ayudas-sociales-y-economicas\/atencion-social-y-a-la-dependencia\/tramitacion-del-servicio-de-teleasistencia-y-localizacion\"> Tramitaci\u00f3n del servicio de teleasistencia y localizaci\u00f3n<\/a> <\/h3>\n<\/div>\n<div class=\"category-item\">\n<h3 class=\"page-header item-title\"> <a href=\"es\/colegiados\/catalogo-de-servicios\/programa-de-proteccion-social\/ayudas-sociales-y-economicas\/atencion-social-y-a-la-dependencia\/apoyo-economico-para-la-adaptacion-del-hogar-o-ayudas-tecnicas\">Apoyo econ\u00f3mico para la adaptaci\u00f3n del hogar o ayudas t\u00e9cnicas<\/a> <\/h3>\n<\/div>\n<div class=\"category-item\">\n<h3 class=\"page-header item-title\"> <a href=\"es\/colegiados\/catalogo-de-servicios\/programa-de-proteccion-social\/ayudas-sociales-y-economicas\/atencion-social-y-a-la-dependencia\/productos-para-el-cuidado-personal\">Productos para el cuidado personal<\/a> <\/h3>\n<\/div>\n<div class=\"category-item\">\n<h3 class=\"page-header item-title\"> <a href=\"es\/colegiados\/catalogo-de-servicios\/programa-de-proteccion-social\/ayudas-sociales-y-economicas\/atencion-social-y-a-la-dependencia\/tramitacion-descanso-para-el-cuidador\">Tramitaci\u00f3n descanso para el cuidador<\/a> <\/h3>\n<\/div>\n<div class=\"category-item\">\n<h3 class=\"page-header item-title\"> <a href=\"es\/colegiados\/catalogo-de-servicios\/programa-de-proteccion-social\/ayudas-sociales-y-economicas\/atencion-social-y-a-la-dependencia\/huerfano-con-discapacidad\">Hu\u00e9rfano con discapacidad<\/a> <\/h3>\n<\/div>\n<div class=\"category-item\">\n<h3 class=\"page-header item-title\"> <a href=\"es\/colegiados\/catalogo-de-servicios\/programa-de-proteccion-social\/ayudas-sociales-y-economicas\/atencion-social-y-a-la-dependencia\/huerfano-mayor-de-60-anos\">Hu\u00e9rfano mayor de 60 a\u00f1os<\/a> <\/h3>\n<\/div>\n<div class=\"category-item\">\n<h3 class=\"page-header item-title\"> <a href=\"es\/colegiados\/catalogo-de-servicios\/programa-de-proteccion-social\/ayudas-sociales-y-economicas\/atencion-social-y-a-la-dependencia\/medico-con-discapacidad\">M\u00e9dico con discapacidad<\/a> <\/h3>\n<\/div>\n<div class=\"category-item\">\n<h3 class=\"page-header item-title\"> <a href=\"es\/colegiados\/catalogo-de-servicios\/programa-de-proteccion-social\/ayudas-sociales-y-economicas\/atencion-social-y-a-la-dependencia\/medico-jubilado\">M\u00e9dico jubilado<\/a> <\/h3>\n<\/div>\n<div class=\"category-item\">\n<h3 class=\"page-header item-title\"> <a href=\"es\/colegiados\/catalogo-de-servicios\/programa-de-proteccion-social\/ayudas-sociales-y-economicas\/atencion-social-y-a-la-dependencia\/viudedad\">Viudedad<\/a> <\/h3>\n<\/div>\n<div class=\"category-item\">\n<h3 class=\"page-header item-title\"><a href=\"es\/colegiados\/catalogo-de-servicios\/programa-de-proteccion-social\/ayudas-sociales-y-economicas\/atencion-social-y-a-la-dependencia\/ayuda-mensual-para-plaza-en-residencia-de-mayores\">Ayuda mensual para plaza en residencia de mayores<\/a><\/h3>\n<\/div>\n<div class=\"category-item last\">\n<h3 class=\"page-header item-title\"> <a href=\"index.php\/es\/colegiados\/catalogo-de-servicios\/programa-de-proteccion-social\/ayudas-sociales-y-economicas\/atencion-social-y-a-la-dependencia\/ayuda-por-defuncion\">Ayuda por defunci\u00f3n<\/a> <\/h3>\n<\/div>\n<\/div>\n<\/div>\n<div class=\"category-item\">\n<h3 class=\"page-header item-title\"> <a href=\"index.php\/es\/colegiados\/catalogo-de-servicios\/programa-de-proteccion-social\/ayudas-sociales-y-economicas\/conciliacion-de-la-vida-familiar-y-laboral\">Conciliaci\u00f3n de la vida familiar y laboral<\/a> <a href=\"#category-351\" data-toggle=\"collapse\" data-toggle=\"button\" class=\"btn btn-mini pull-right\"> <i class=\"fa fa-plus\"><\/i> <\/a> <\/h3>\n<div class=\"collapse fade\" id=\"category-351\">\n<div class=\"category-item first\">\n<h3 class=\"page-header item-title\"> <a href=\"index.php\/es\/colegiados\/catalogo-de-servicios\/programa-de-proteccion-social\/ayudas-sociales-y-economicas\/conciliacion-de-la-vida-familiar-y-laboral\/ayuda-para-el-recien-nacido\">Ayuda para el reci\u00e9n nacido<\/a> <\/h3>\n<\/div>\n<div class=\"category-item\">\n<h3 class=\"page-header item-title\"> <a href=\"es\/colegiados\/catalogo-de-servicios\/programa-de-proteccion-social\/ayudas-sociales-y-economicas\/conciliacion-de-la-vida-familiar-y-laboral\/ayudas-especiales-para-covid-19\">Ayudas especiales por Covid-19<\/a> <\/h3>\n<\/div>\n<div class=\"category-item\">\n<h3 class=\"page-header item-title\"> <a href=\"index.php\/es\/colegiados\/catalogo-de-servicios\/programa-de-proteccion-social\/ayudas-sociales-y-economicas\/conciliacion-de-la-vida-familiar-y-laboral\/apoyo-economico-para-colonias-o-casales-de-verano-para-hijos-discapacitados\"> Apoyo econ\u00f3mico para colonias o casales de verano para hijos discapacitados<\/a> <\/h3>\n<\/div>\n<div class=\"category-item\">\n<h3 class=\"page-header item-title\"> <a href=\"index.php\/es\/colegiados\/catalogo-de-servicios\/programa-de-proteccion-social\/ayudas-sociales-y-economicas\/conciliacion-de-la-vida-familiar-y-laboral\/apoyo-al-mir\">Apoyo al MIR<\/a> <\/h3>\n<\/div>\n<div class=\"category-item\">\n<h3 class=\"page-header item-title\"> <a href=\"es\/colegiados\/catalogo-de-servicios\/programa-de-proteccion-social\/ayudas-sociales-y-economicas\/conciliacion-de-la-vida-familiar-y-laboral\/apoyo-a-los-medicos-en-paro\">Apoyo a los m\u00e9dicos en paro<\/h3>\n<\/div>\n<div class=\"category-item last\">\n<h3 class=\"page-header item-title\"> <a href=\"es\/colegiados\/catalogo-de-servicios\/programa-de-proteccion-social\/ayudas-sociales-y-economicas\/conciliacion-de-la-vida-familiar-y-laboral\/exencion-de-cuotas-colegiales\">Exenci\u00f3n de cuotas colegiales<\/a><\/h3>\n<\/div>\n<div class=\"category-item last\">\n<h3 class=\"page-header item-title\"> <a href=\"es\/colegiados\/catalogo-de-servicios\/programa-de-proteccion-social\/ayudas-sociales-y-economicas\/conciliacion-de-la-vida-familiar-y-laboral\/prestaciones-educacionales\">Prestaciones educacionales<\/a><\/h3>\n<\/div>\n<\/div>\n<\/div>\n<div class=\"category-item last\">\n<h3 class=\"page-header item-title\"> <a href=\"es\/colegiados\/catalogo-de-servicios\/programa-de-proteccion-social\/ayudas-sociales-y-economicas\/prevencion-promocion-y-proteccion-de-la-salud-del-medico-paimm\">Prevenci\u00f3n, promoci\u00f3n y protecci\u00f3n de la salud del m\u00e9dico (PAIMM)<\/a> <\/h3>\n<\/div>\n","protected":false},"excerpt":{"rendered":"<div class=\"category-item first\">\n<h3 class=\"page-header item-title\"> <a href=\"index.php\/es\/colegiados\/catalogo-de-servicios\/programa-de-proteccion-social\/ayudas-sociales-y-economicas\/atencion-social-y-a-la-dependencia\"> Atenci\u00f3n social y a la dependencia<\/a> <a href=\"#category-350\" data-toggle=\"collapse\" data-toggle=\"button\" class=\"btn btn-mini pull-right\"> <i class=\"fa fa-plus\"><\/i> <\/a> <\/h3>\n<div class=\"collapse fade\" id=\"category-350\">\n<div class=\"category-item first\">\n<h3 class=\"page-header item-title\"> <a href=\"es\/colegiados\/catalogo-de-servicios\/programa-de-proteccion-social\/ayudas-sociales-y-economicas\/atencion-social-y-a-la-dependencia\/tramitacion-del-servicio-de-teleasistencia-y-localizacion\"> Tramitaci\u00f3n del servicio de teleasistencia y localizaci\u00f3n<\/a> <\/h3>\n<\/div>\n<div class=\"category-item\">\n<h3 class=\"page-header item-title\"> <a href=\"es\/colegiados\/catalogo-de-servicios\/programa-de-proteccion-social\/ayudas-sociales-y-economicas\/atencion-social-y-a-la-dependencia\/apoyo-economico-para-la-adaptacion-del-hogar-o-ayudas-tecnicas\">Apoyo econ\u00f3mico para la adaptaci\u00f3n del hogar o ayudas t\u00e9cnicas<\/a> <\/h3>\n<\/div>\n<div class=\"category-item\">\n<h3 class=\"page-header item-title\"> <a href=\"es\/colegiados\/catalogo-de-servicios\/programa-de-proteccion-social\/ayudas-sociales-y-economicas\/atencion-social-y-a-la-dependencia\/productos-para-el-cuidado-personal\">Productos para el cuidado personal<\/a> <\/h3>\n<\/div>\n<div class=\"category-item\">\n<h3 class=\"page-header item-title\"> <a href=\"es\/colegiados\/catalogo-de-servicios\/programa-de-proteccion-social\/ayudas-sociales-y-economicas\/atencion-social-y-a-la-dependencia\/tramitacion-descanso-para-el-cuidador\">Tramitaci\u00f3n descanso para el cuidador<\/a> <\/h3>\n<\/div>\n<div class=\"category-item\">\n<h3 class=\"page-header item-title\"> <a href=\"es\/colegiados\/catalogo-de-servicios\/programa-de-proteccion-social\/ayudas-sociales-y-economicas\/atencion-social-y-a-la-dependencia\/huerfano-con-discapacidad\">Hu\u00e9rfano con discapacidad<\/a> <\/h3>\n<\/div>\n<div class=\"category-item\">\n<h3 class=\"page-header item-title\"> <a href=\"es\/colegiados\/catalogo-de-servicios\/programa-de-proteccion-social\/ayudas-sociales-y-economicas\/atencion-social-y-a-la-dependencia\/huerfano-mayor-de-60-anos\">Hu\u00e9rfano mayor de 60 a\u00f1os<\/a> <\/h3>\n<\/div>\n<div class=\"category-item\">\n<h3 class=\"page-header item-title\"> <a href=\"es\/colegiados\/catalogo-de-servicios\/programa-de-proteccion-social\/ayudas-sociales-y-economicas\/atencion-social-y-a-la-dependencia\/medico-con-discapacidad\">M\u00e9dico con discapacidad<\/a> <\/h3>\n<\/div>\n<div class=\"category-item\">\n<h3 class=\"page-header item-title\"> <a href=\"es\/colegiados\/catalogo-de-servicios\/programa-de-proteccion-social\/ayudas-sociales-y-economicas\/atencion-social-y-a-la-dependencia\/medico-jubilado\">M\u00e9dico jubilado<\/a> <\/h3>\n<\/div>\n<div class=\"category-item\">\n<h3 class=\"page-header item-title\"> <a href=\"es\/colegiados\/catalogo-de-servicios\/programa-de-proteccion-social\/ayudas-sociales-y-economicas\/atencion-social-y-a-la-dependencia\/viudedad\">Viudedad<\/a> <\/h3>\n<\/div>\n<div class=\"category-item\">\n<h3 class=\"page-header item-title\"><a href=\"es\/colegiados\/catalogo-de-servicios\/programa-de-proteccion-social\/ayudas-sociales-y-economicas\/atencion-social-y-a-la-dependencia\/ayuda-mensual-para-plaza-en-residencia-de-mayores\">Ayuda mensual para plaza en residencia de mayores<\/a><\/h3>\n<\/div>\n<div class=\"category-item last\">\n<h3 class=\"page-header item-title\"> <a href=\"index.php\/es\/colegiados\/catalogo-de-servicios\/programa-de-proteccion-social\/ayudas-sociales-y-economicas\/atencion-social-y-a-la-dependencia\/ayuda-por-defuncion\">Ayuda por defunci\u00f3n<\/a> <\/h3>\n<\/div>\n<\/div>\n<\/div>\n<div class=\"category-item\">\n<h3 class=\"page-header item-title\"> <a href=\"index.php\/es\/colegiados\/catalogo-de-servicios\/programa-de-proteccion-social\/ayudas-sociales-y-economicas\/conciliacion-de-la-vida-familiar-y-laboral\">Conciliaci\u00f3n de la vida familiar y laboral<\/a> <a href=\"#category-351\" data-toggle=\"collapse\" data-toggle=\"button\" class=\"btn btn-mini pull-right\"> <i class=\"fa fa-plus\"><\/i> <\/a> <\/h3>\n<div class=\"collapse fade\" id=\"category-351\">\n<div class=\"category-item first\">\n<h3 class=\"page-header item-title\"> <a href=\"index.php\/es\/colegiados\/catalogo-de-servicios\/programa-de-proteccion-social\/ayudas-sociales-y-economicas\/conciliacion-de-la-vida-familiar-y-laboral\/ayuda-para-el-recien-nacido\">Ayuda para el reci\u00e9n nacido<\/a> <\/h3>\n<\/div>\n<div class=\"category-item\">\n<h3 class=\"page-header item-title\"> <a href=\"es\/colegiados\/catalogo-de-servicios\/programa-de-proteccion-social\/ayudas-sociales-y-economicas\/conciliacion-de-la-vida-familiar-y-laboral\/ayudas-especiales-para-covid-19\">Ayudas especiales por Covid-19<\/a> <\/h3>\n<\/div>\n<div class=\"category-item\">\n<h3 class=\"page-header item-title\"> <a href=\"index.php\/es\/colegiados\/catalogo-de-servicios\/programa-de-proteccion-social\/ayudas-sociales-y-economicas\/conciliacion-de-la-vida-familiar-y-laboral\/apoyo-economico-para-colonias-o-casales-de-verano-para-hijos-discapacitados\"> Apoyo econ\u00f3mico para colonias o casales de verano para hijos discapacitados<\/a> <\/h3>\n<\/div>\n<div class=\"category-item\">\n<h3 class=\"page-header item-title\"> <a href=\"index.php\/es\/colegiados\/catalogo-de-servicios\/programa-de-proteccion-social\/ayudas-sociales-y-economicas\/conciliacion-de-la-vida-familiar-y-laboral\/apoyo-al-mir\">Apoyo al MIR<\/a> <\/h3>\n<\/div>\n<div class=\"category-item\">\n<h3 class=\"page-header item-title\"> <a href=\"es\/colegiados\/catalogo-de-servicios\/programa-de-proteccion-social\/ayudas-sociales-y-economicas\/conciliacion-de-la-vida-familiar-y-laboral\/apoyo-a-los-medicos-en-paro\">Apoyo a los m\u00e9dicos en paro<\/h3>\n<\/div>\n<div class=\"category-item last\">\n<h3 class=\"page-header item-title\"> <a href=\"es\/colegiados\/catalogo-de-servicios\/programa-de-proteccion-social\/ayudas-sociales-y-economicas\/conciliacion-de-la-vida-familiar-y-laboral\/exencion-de-cuotas-colegiales\">Exenci\u00f3n de cuotas colegiales<\/a><\/h3>\n<\/div>\n<div class=\"category-item last\">\n<h3 class=\"page-header item-title\"> <a href=\"es\/colegiados\/catalogo-de-servicios\/programa-de-proteccion-social\/ayudas-sociales-y-economicas\/conciliacion-de-la-vida-familiar-y-laboral\/prestaciones-educacionales\">Prestaciones educacionales<\/a><\/h3>\n<\/div>\n<\/div>\n<\/div>\n<div class=\"category-item last\">\n<h3 class=\"page-header item-title\"> <a href=\"es\/colegiados\/catalogo-de-servicios\/programa-de-proteccion-social\/ayudas-sociales-y-economicas\/prevencion-promocion-y-proteccion-de-la-salud-del-medico-paimm\">Prevenci\u00f3n, promoci\u00f3n y protecci\u00f3n de la salud del m\u00e9dico (PAIMM)<\/a> <\/h3>\n<\/div>\n","protected":false},"author":1,"featured_media":0,"comment_status":"open","ping_status":"open","sticky":false,"template":"","format":"standard","meta":{"footnotes":""},"categories":[342],"tags":[],"class_list":["post-786","post","type-post","status-publish","format-standard","hentry","category-ayudas-sociales-y-economicas"],"yoast_head":"<!-- This site is optimized with the Yoast SEO plugin v27.5 - https:\/\/yoast.com\/product\/yoast-seo-wordpress\/ -->\n<title>Ayudas sociales y econ\u00f3micas - COMT<\/title>\n<meta name=\"robots\" content=\"index, follow, max-snippet:-1, max-image-preview:large, max-video-preview:-1\" \/>\n<link rel=\"canonical\" href=\"https:\/\/comt.cat\/es\/ayudas-sociales-y-economicas\/\" \/>\n<meta property=\"og:locale\" content=\"es_ES\" \/>\n<meta property=\"og:type\" content=\"article\" \/>\n<meta property=\"og:title\" content=\"Ayudas sociales y econ\u00f3micas - COMT\" \/>\n<meta property=\"og:description\" content=\"Atenci\u00f3n social y a la dependencia      Tramitaci\u00f3n del servicio de teleasistencia y localizaci\u00f3n    Apoyo econ\u00f3mico para la adaptaci\u00f3n del hogar o ayudas t\u00e9cnicas    Productos para el cuidado personal    Tramitaci\u00f3n descanso para el cuidador   Hu\u00e9rfano con discapacidad   Hu\u00e9rfano mayor de 60 a\u00f1os   M\u00e9dico con discapacidad   M\u00e9dico jubilado   Viudedad    Ayuda mensual para plaza en residencia de mayores   Ayuda por defunci\u00f3n     Conciliaci\u00f3n de la vida familiar y laboral     Ayuda para el reci\u00e9n nacido        Ayudas especiales por Covid-19    Apoyo econ\u00f3mico para colonias o casales de verano para hijos discapacitados    Apoyo al MIR    Apoyo a los m\u00e9dicos en paro   Exenci\u00f3n de cuotas colegiales     Prestaciones educacionales     Prevenci\u00f3n, promoci\u00f3n y protecci\u00f3n de la salud del m\u00e9dico (PAIMM)\" \/>\n<meta property=\"og:url\" content=\"https:\/\/comt.cat\/es\/ayudas-sociales-y-economicas\/\" \/>\n<meta property=\"og:site_name\" content=\"COMT\" \/>\n<meta property=\"article:published_time\" content=\"2015-10-22T00:34:46+00:00\" \/>\n<meta name=\"author\" content=\"comt\" \/>\n<meta name=\"twitter:card\" content=\"summary_large_image\" \/>\n<meta name=\"twitter:label1\" content=\"Escrito por\" \/>\n\t<meta name=\"twitter:data1\" content=\"comt\" \/>\n\t<meta name=\"twitter:label2\" content=\"Tiempo de lectura\" \/>\n\t<meta name=\"twitter:data2\" content=\"1 minuto\" \/>\n<script type=\"application\/ld+json\" class=\"yoast-schema-graph\">{\"@context\":\"https:\\\/\\\/schema.org\",\"@graph\":[{\"@type\":\"Article\",\"@id\":\"https:\\\/\\\/comt.cat\\\/es\\\/ayudas-sociales-y-economicas\\\/#article\",\"isPartOf\":{\"@id\":\"https:\\\/\\\/comt.cat\\\/es\\\/ayudas-sociales-y-economicas\\\/\"},\"author\":{\"name\":\"comt\",\"@id\":\"https:\\\/\\\/comt.cat\\\/#\\\/schema\\\/person\\\/e9c884d9eb13a1fd7c15c3899c93dbee\"},\"headline\":\"Ayudas sociales y econ\u00f3micas\",\"datePublished\":\"2015-10-22T00:34:46+00:00\",\"mainEntityOfPage\":{\"@id\":\"https:\\\/\\\/comt.cat\\\/es\\\/ayudas-sociales-y-economicas\\\/\"},\"wordCount\":136,\"commentCount\":0,\"articleSection\":[\"Ayudas Sociales y Econ\u00f3micas\"],\"inLanguage\":\"es\",\"potentialAction\":[{\"@type\":\"CommentAction\",\"name\":\"Comment\",\"target\":[\"https:\\\/\\\/comt.cat\\\/es\\\/ayudas-sociales-y-economicas\\\/#respond\"]}]},{\"@type\":\"WebPage\",\"@id\":\"https:\\\/\\\/comt.cat\\\/es\\\/ayudas-sociales-y-economicas\\\/\",\"url\":\"https:\\\/\\\/comt.cat\\\/es\\\/ayudas-sociales-y-economicas\\\/\",\"name\":\"Ayudas sociales y econ\u00f3micas - COMT\",\"isPartOf\":{\"@id\":\"https:\\\/\\\/comt.cat\\\/#website\"},\"datePublished\":\"2015-10-22T00:34:46+00:00\",\"author\":{\"@id\":\"https:\\\/\\\/comt.cat\\\/#\\\/schema\\\/person\\\/e9c884d9eb13a1fd7c15c3899c93dbee\"},\"breadcrumb\":{\"@id\":\"https:\\\/\\\/comt.cat\\\/es\\\/ayudas-sociales-y-economicas\\\/#breadcrumb\"},\"inLanguage\":\"es\",\"potentialAction\":[{\"@type\":\"ReadAction\",\"target\":[\"https:\\\/\\\/comt.cat\\\/es\\\/ayudas-sociales-y-economicas\\\/\"]}]},{\"@type\":\"BreadcrumbList\",\"@id\":\"https:\\\/\\\/comt.cat\\\/es\\\/ayudas-sociales-y-economicas\\\/#breadcrumb\",\"itemListElement\":[{\"@type\":\"ListItem\",\"position\":1,\"name\":\"Home\",\"item\":\"https:\\\/\\\/comt.cat\\\/es\\\/\"},{\"@type\":\"ListItem\",\"position\":2,\"name\":\"Ayudas sociales y econ\u00f3micas\"}]},{\"@type\":\"WebSite\",\"@id\":\"https:\\\/\\\/comt.cat\\\/#website\",\"url\":\"https:\\\/\\\/comt.cat\\\/\",\"name\":\"COMT\",\"description\":\"Col\u00b7legi de Metges de Tarragona\",\"potentialAction\":[{\"@type\":\"SearchAction\",\"target\":{\"@type\":\"EntryPoint\",\"urlTemplate\":\"https:\\\/\\\/comt.cat\\\/?s={search_term_string}\"},\"query-input\":{\"@type\":\"PropertyValueSpecification\",\"valueRequired\":true,\"valueName\":\"search_term_string\"}}],\"inLanguage\":\"es\"},{\"@type\":\"Person\",\"@id\":\"https:\\\/\\\/comt.cat\\\/#\\\/schema\\\/person\\\/e9c884d9eb13a1fd7c15c3899c93dbee\",\"name\":\"comt\",\"image\":{\"@type\":\"ImageObject\",\"inLanguage\":\"es\",\"@id\":\"https:\\\/\\\/secure.gravatar.com\\\/avatar\\\/4973b6e675aecb45ab4d3cc8daea28d3f2f37d475c99290bc0b7e7fcc73af7be?s=96&d=mm&r=g\",\"url\":\"https:\\\/\\\/secure.gravatar.com\\\/avatar\\\/4973b6e675aecb45ab4d3cc8daea28d3f2f37d475c99290bc0b7e7fcc73af7be?s=96&d=mm&r=g\",\"contentUrl\":\"https:\\\/\\\/secure.gravatar.com\\\/avatar\\\/4973b6e675aecb45ab4d3cc8daea28d3f2f37d475c99290bc0b7e7fcc73af7be?s=96&d=mm&r=g\",\"caption\":\"comt\"},\"url\":\"https:\\\/\\\/comt.cat\\\/es\\\/author\\\/comt\\\/\"}]}<\/script>\n<!-- \/ Yoast SEO plugin. -->","yoast_head_json":{"title":"Ayudas sociales y econ\u00f3micas - COMT","robots":{"index":"index","follow":"follow","max-snippet":"max-snippet:-1","max-image-preview":"max-image-preview:large","max-video-preview":"max-video-preview:-1"},"canonical":"https:\/\/comt.cat\/es\/ayudas-sociales-y-economicas\/","og_locale":"es_ES","og_type":"article","og_title":"Ayudas sociales y econ\u00f3micas - COMT","og_description":"Atenci\u00f3n social y a la dependencia      Tramitaci\u00f3n del servicio de teleasistencia y localizaci\u00f3n    Apoyo econ\u00f3mico para la adaptaci\u00f3n del hogar o ayudas t\u00e9cnicas    Productos para el cuidado personal    Tramitaci\u00f3n descanso para el cuidador   Hu\u00e9rfano con discapacidad   Hu\u00e9rfano mayor de 60 a\u00f1os   M\u00e9dico con discapacidad   M\u00e9dico jubilado   Viudedad    Ayuda mensual para plaza en residencia de mayores   Ayuda por defunci\u00f3n     Conciliaci\u00f3n de la vida familiar y laboral     Ayuda para el reci\u00e9n nacido        Ayudas especiales por Covid-19    Apoyo econ\u00f3mico para colonias o casales de verano para hijos discapacitados    Apoyo al MIR    Apoyo a los m\u00e9dicos en paro   Exenci\u00f3n de cuotas colegiales     Prestaciones educacionales     Prevenci\u00f3n, promoci\u00f3n y protecci\u00f3n de la salud del m\u00e9dico (PAIMM)","og_url":"https:\/\/comt.cat\/es\/ayudas-sociales-y-economicas\/","og_site_name":"COMT","article_published_time":"2015-10-22T00:34:46+00:00","author":"comt","twitter_card":"summary_large_image","twitter_misc":{"Escrito por":"comt","Tiempo de lectura":"1 minuto"},"schema":{"@context":"https:\/\/schema.org","@graph":[{"@type":"Article","@id":"https:\/\/comt.cat\/es\/ayudas-sociales-y-economicas\/#article","isPartOf":{"@id":"https:\/\/comt.cat\/es\/ayudas-sociales-y-economicas\/"},"author":{"name":"comt","@id":"https:\/\/comt.cat\/#\/schema\/person\/e9c884d9eb13a1fd7c15c3899c93dbee"},"headline":"Ayudas sociales y econ\u00f3micas","datePublished":"2015-10-22T00:34:46+00:00","mainEntityOfPage":{"@id":"https:\/\/comt.cat\/es\/ayudas-sociales-y-economicas\/"},"wordCount":136,"commentCount":0,"articleSection":["Ayudas Sociales y Econ\u00f3micas"],"inLanguage":"es","potentialAction":[{"@type":"CommentAction","name":"Comment","target":["https:\/\/comt.cat\/es\/ayudas-sociales-y-economicas\/#respond"]}]},{"@type":"WebPage","@id":"https:\/\/comt.cat\/es\/ayudas-sociales-y-economicas\/","url":"https:\/\/comt.cat\/es\/ayudas-sociales-y-economicas\/","name":"Ayudas sociales y econ\u00f3micas - COMT","isPartOf":{"@id":"https:\/\/comt.cat\/#website"},"datePublished":"2015-10-22T00:34:46+00:00","author":{"@id":"https:\/\/comt.cat\/#\/schema\/person\/e9c884d9eb13a1fd7c15c3899c93dbee"},"breadcrumb":{"@id":"https:\/\/comt.cat\/es\/ayudas-sociales-y-economicas\/#breadcrumb"},"inLanguage":"es","potentialAction":[{"@type":"ReadAction","target":["https:\/\/comt.cat\/es\/ayudas-sociales-y-economicas\/"]}]},{"@type":"BreadcrumbList","@id":"https:\/\/comt.cat\/es\/ayudas-sociales-y-economicas\/#breadcrumb","itemListElement":[{"@type":"ListItem","position":1,"name":"Home","item":"https:\/\/comt.cat\/es\/"},{"@type":"ListItem","position":2,"name":"Ayudas sociales y econ\u00f3micas"}]},{"@type":"WebSite","@id":"https:\/\/comt.cat\/#website","url":"https:\/\/comt.cat\/","name":"COMT","description":"Col\u00b7legi de Metges de Tarragona","potentialAction":[{"@type":"SearchAction","target":{"@type":"EntryPoint","urlTemplate":"https:\/\/comt.cat\/?s={search_term_string}"},"query-input":{"@type":"PropertyValueSpecification","valueRequired":true,"valueName":"search_term_string"}}],"inLanguage":"es"},{"@type":"Person","@id":"https:\/\/comt.cat\/#\/schema\/person\/e9c884d9eb13a1fd7c15c3899c93dbee","name":"comt","image":{"@type":"ImageObject","inLanguage":"es","@id":"https:\/\/secure.gravatar.com\/avatar\/4973b6e675aecb45ab4d3cc8daea28d3f2f37d475c99290bc0b7e7fcc73af7be?s=96&d=mm&r=g","url":"https:\/\/secure.gravatar.com\/avatar\/4973b6e675aecb45ab4d3cc8daea28d3f2f37d475c99290bc0b7e7fcc73af7be?s=96&d=mm&r=g","contentUrl":"https:\/\/secure.gravatar.com\/avatar\/4973b6e675aecb45ab4d3cc8daea28d3f2f37d475c99290bc0b7e7fcc73af7be?s=96&d=mm&r=g","caption":"comt"},"url":"https:\/\/comt.cat\/es\/author\/comt\/"}]}},"_links":{"self":[{"href":"https:\/\/comt.cat\/es\/wp-json\/wp\/v2\/posts\/786","targetHints":{"allow":["GET"]}}],"collection":[{"href":"https:\/\/comt.cat\/es\/wp-json\/wp\/v2\/posts"}],"about":[{"href":"https:\/\/comt.cat\/es\/wp-json\/wp\/v2\/types\/post"}],"author":[{"embeddable":true,"href":"https:\/\/comt.cat\/es\/wp-json\/wp\/v2\/users\/1"}],"replies":[{"embeddable":true,"href":"https:\/\/comt.cat\/es\/wp-json\/wp\/v2\/comments?post=786"}],"version-history":[{"count":0,"href":"https:\/\/comt.cat\/es\/wp-json\/wp\/v2\/posts\/786\/revisions"}],"wp:attachment":[{"href":"https:\/\/comt.cat\/es\/wp-json\/wp\/v2\/media?parent=786"}],"wp:term":[{"taxonomy":"category","embeddable":true,"href":"https:\/\/comt.cat\/es\/wp-json\/wp\/v2\/categories?post=786"},{"taxonomy":"post_tag","embeddable":true,"href":"https:\/\/comt.cat\/es\/wp-json\/wp\/v2\/tags?post=786"}],"curies":[{"name":"wp","href":"https:\/\/api.w.org\/{rel}","templated":true}]}}