{"id":7880,"date":"2015-07-28T00:20:33","date_gmt":"2015-07-28T00:20:33","guid":{"rendered":"http:\/\/comt.local\/sense-categoria\/ayudas-especiales-por-covid-19\/"},"modified":"2015-07-28T00:20:33","modified_gmt":"2015-07-28T00:20:33","slug":"ayudas-especiales-por-covid-19","status":"publish","type":"post","link":"https:\/\/comt.cat\/es\/ayudas-especiales-por-covid-19\/","title":{"rendered":"Ayudas especiales por Covid-19"},"content":{"rendered":"<h3>Ayuda al MIR<\/h3>\n<p>Est\u00e1 dirigido a los residentes que hayan visto reducidos sus ingresos por un cambio en su situaci\u00f3n laboral, que les ha motivado la reducci\u00f3n y\/o desaparici\u00f3n de las guardias hospitalarias.<\/p>\n<p>La ayuda consistir\u00e1 en la devoluci\u00f3n del importe correspondiente a la cuota colegial de un trimestre.<\/p>\n<p>La documentaci\u00f3n requerida para solicitar la ayuda es una declaraci\u00f3n de responsabilidad donde se informe de su situaci\u00f3n laboral y copias de las n\u00f3minas donde se muestre la reducci\u00f3n de honorarios.<\/p>\n<p>\u00a0<\/p>\n<h3>Ayuda Canguro<\/h3>\n<p>Est\u00e1 dirigido a las unidades familiares de colegiados, ambos en activo y con hijos menores de 12 a\u00f1os que, durante el cierre de las escuelas, se vieron obligados a contratar servicios externos, dada la imposibilidad de contar con la ayuda de familiares directos.<\/p>\n<p>La ayuda consistir\u00e1 en el otorgamiento de una cantidad \u00fanica de 500 \u20ac por unidad familiar.<\/p>\n<p>La documentaci\u00f3n requerida para solicitar la ayuda es una declaraci\u00f3n de responsabilidad donde se informe de su situaci\u00f3n laboral as\u00ed como informar de que ha tenido que contratar el servicio.<\/p>\n","protected":false},"excerpt":{"rendered":"<h3>Ayuda al MIR<\/h3>\n<p>Est\u00e1 dirigido a los residentes que hayan visto reducidos sus ingresos por un cambio en su situaci\u00f3n laboral, que les ha motivado la reducci\u00f3n y\/o desaparici\u00f3n de las guardias hospitalarias.<\/p>\n<p>La ayuda consistir\u00e1 en la devoluci\u00f3n del importe correspondiente a la cuota colegial de un trimestre.<\/p>\n<p>La documentaci\u00f3n requerida para solicitar la ayuda es una declaraci\u00f3n de responsabilidad donde se informe de su situaci\u00f3n laboral y copias de las n\u00f3minas donde se muestre la reducci\u00f3n de honorarios.<\/p>\n<p>\u00a0<\/p>\n<h3>Ayuda Canguro<\/h3>\n<p>Est\u00e1 dirigido a las unidades familiares de colegiados, ambos en activo y con hijos menores de 12 a\u00f1os que, durante el cierre de las escuelas, se vieron obligados a contratar servicios externos, dada la imposibilidad de contar con la ayuda de familiares directos.<\/p>\n<p>La ayuda consistir\u00e1 en el otorgamiento de una cantidad \u00fanica de 500 \u20ac por unidad familiar.<\/p>\n<p>La documentaci\u00f3n requerida para solicitar la ayuda es una declaraci\u00f3n de responsabilidad donde se informe de su situaci\u00f3n laboral as\u00ed como informar de que ha tenido que contratar el servicio.<\/p>\n","protected":false},"author":1,"featured_media":0,"comment_status":"open","ping_status":"open","sticky":false,"template":"","format":"standard","meta":{"footnotes":""},"categories":[444],"tags":[],"class_list":["post-7880","post","type-post","status-publish","format-standard","hentry","category-ayudas-especiales-por-covid-19"],"yoast_head":"<!-- This site is optimized with the Yoast SEO plugin v27.5 - https:\/\/yoast.com\/product\/yoast-seo-wordpress\/ -->\n<title>Ayudas especiales por Covid-19 - COMT<\/title>\n<meta name=\"robots\" content=\"index, follow, max-snippet:-1, max-image-preview:large, max-video-preview:-1\" \/>\n<link rel=\"canonical\" href=\"https:\/\/comt.cat\/es\/ayudas-especiales-por-covid-19\/\" \/>\n<meta property=\"og:locale\" content=\"es_ES\" \/>\n<meta property=\"og:type\" content=\"article\" \/>\n<meta property=\"og:title\" content=\"Ayudas especiales por Covid-19 - COMT\" \/>\n<meta property=\"og:description\" content=\"Ayuda al MIR Est\u00e1 dirigido a los residentes que hayan visto reducidos sus ingresos por un cambio en su situaci\u00f3n laboral, que les ha motivado la reducci\u00f3n y\/o desaparici\u00f3n de las guardias hospitalarias. La ayuda consistir\u00e1 en la devoluci\u00f3n del importe correspondiente a la cuota colegial de un trimestre. La documentaci\u00f3n requerida para solicitar la ayuda es una declaraci\u00f3n de responsabilidad donde se informe de su situaci\u00f3n laboral y copias de las n\u00f3minas donde se muestre la reducci\u00f3n de honorarios. \u00a0 Ayuda Canguro Est\u00e1 dirigido a las unidades familiares de colegiados, ambos en activo y con hijos menores de 12 a\u00f1os que, durante el cierre de las escuelas, se vieron obligados a contratar servicios externos, dada la imposibilidad de contar con la ayuda de familiares directos. La ayuda consistir\u00e1 en el otorgamiento de una cantidad \u00fanica de 500 \u20ac por unidad familiar. La documentaci\u00f3n requerida para solicitar la ayuda es una declaraci\u00f3n de responsabilidad donde se informe de su situaci\u00f3n laboral as\u00ed como informar de que ha tenido que contratar el servicio.\" \/>\n<meta property=\"og:url\" content=\"https:\/\/comt.cat\/es\/ayudas-especiales-por-covid-19\/\" \/>\n<meta property=\"og:site_name\" content=\"COMT\" \/>\n<meta property=\"article:published_time\" content=\"2015-07-28T00:20:33+00:00\" \/>\n<meta name=\"author\" content=\"comt\" \/>\n<meta name=\"twitter:card\" content=\"summary_large_image\" \/>\n<meta name=\"twitter:label1\" content=\"Escrito por\" \/>\n\t<meta name=\"twitter:data1\" content=\"comt\" \/>\n\t<meta name=\"twitter:label2\" content=\"Tiempo de lectura\" \/>\n\t<meta name=\"twitter:data2\" content=\"1 minuto\" \/>\n<script type=\"application\/ld+json\" class=\"yoast-schema-graph\">{\"@context\":\"https:\\\/\\\/schema.org\",\"@graph\":[{\"@type\":\"Article\",\"@id\":\"https:\\\/\\\/comt.cat\\\/es\\\/ayudas-especiales-por-covid-19\\\/#article\",\"isPartOf\":{\"@id\":\"https:\\\/\\\/comt.cat\\\/es\\\/ayudas-especiales-por-covid-19\\\/\"},\"author\":{\"name\":\"comt\",\"@id\":\"https:\\\/\\\/comt.cat\\\/#\\\/schema\\\/person\\\/e9c884d9eb13a1fd7c15c3899c93dbee\"},\"headline\":\"Ayudas especiales por Covid-19\",\"datePublished\":\"2015-07-28T00:20:33+00:00\",\"mainEntityOfPage\":{\"@id\":\"https:\\\/\\\/comt.cat\\\/es\\\/ayudas-especiales-por-covid-19\\\/\"},\"wordCount\":186,\"commentCount\":0,\"articleSection\":[\"Ayudas especiales por Covid-19\"],\"inLanguage\":\"es\",\"potentialAction\":[{\"@type\":\"CommentAction\",\"name\":\"Comment\",\"target\":[\"https:\\\/\\\/comt.cat\\\/es\\\/ayudas-especiales-por-covid-19\\\/#respond\"]}]},{\"@type\":\"WebPage\",\"@id\":\"https:\\\/\\\/comt.cat\\\/es\\\/ayudas-especiales-por-covid-19\\\/\",\"url\":\"https:\\\/\\\/comt.cat\\\/es\\\/ayudas-especiales-por-covid-19\\\/\",\"name\":\"Ayudas especiales por Covid-19 - COMT\",\"isPartOf\":{\"@id\":\"https:\\\/\\\/comt.cat\\\/#website\"},\"datePublished\":\"2015-07-28T00:20:33+00:00\",\"author\":{\"@id\":\"https:\\\/\\\/comt.cat\\\/#\\\/schema\\\/person\\\/e9c884d9eb13a1fd7c15c3899c93dbee\"},\"breadcrumb\":{\"@id\":\"https:\\\/\\\/comt.cat\\\/es\\\/ayudas-especiales-por-covid-19\\\/#breadcrumb\"},\"inLanguage\":\"es\",\"potentialAction\":[{\"@type\":\"ReadAction\",\"target\":[\"https:\\\/\\\/comt.cat\\\/es\\\/ayudas-especiales-por-covid-19\\\/\"]}]},{\"@type\":\"BreadcrumbList\",\"@id\":\"https:\\\/\\\/comt.cat\\\/es\\\/ayudas-especiales-por-covid-19\\\/#breadcrumb\",\"itemListElement\":[{\"@type\":\"ListItem\",\"position\":1,\"name\":\"Home\",\"item\":\"https:\\\/\\\/comt.cat\\\/es\\\/\"},{\"@type\":\"ListItem\",\"position\":2,\"name\":\"Ayudas especiales por Covid-19\"}]},{\"@type\":\"WebSite\",\"@id\":\"https:\\\/\\\/comt.cat\\\/#website\",\"url\":\"https:\\\/\\\/comt.cat\\\/\",\"name\":\"COMT\",\"description\":\"Col\u00b7legi de Metges de Tarragona\",\"potentialAction\":[{\"@type\":\"SearchAction\",\"target\":{\"@type\":\"EntryPoint\",\"urlTemplate\":\"https:\\\/\\\/comt.cat\\\/?s={search_term_string}\"},\"query-input\":{\"@type\":\"PropertyValueSpecification\",\"valueRequired\":true,\"valueName\":\"search_term_string\"}}],\"inLanguage\":\"es\"},{\"@type\":\"Person\",\"@id\":\"https:\\\/\\\/comt.cat\\\/#\\\/schema\\\/person\\\/e9c884d9eb13a1fd7c15c3899c93dbee\",\"name\":\"comt\",\"image\":{\"@type\":\"ImageObject\",\"inLanguage\":\"es\",\"@id\":\"https:\\\/\\\/secure.gravatar.com\\\/avatar\\\/4973b6e675aecb45ab4d3cc8daea28d3f2f37d475c99290bc0b7e7fcc73af7be?s=96&d=mm&r=g\",\"url\":\"https:\\\/\\\/secure.gravatar.com\\\/avatar\\\/4973b6e675aecb45ab4d3cc8daea28d3f2f37d475c99290bc0b7e7fcc73af7be?s=96&d=mm&r=g\",\"contentUrl\":\"https:\\\/\\\/secure.gravatar.com\\\/avatar\\\/4973b6e675aecb45ab4d3cc8daea28d3f2f37d475c99290bc0b7e7fcc73af7be?s=96&d=mm&r=g\",\"caption\":\"comt\"},\"url\":\"https:\\\/\\\/comt.cat\\\/es\\\/author\\\/comt\\\/\"}]}<\/script>\n<!-- \/ Yoast SEO plugin. -->","yoast_head_json":{"title":"Ayudas especiales por Covid-19 - COMT","robots":{"index":"index","follow":"follow","max-snippet":"max-snippet:-1","max-image-preview":"max-image-preview:large","max-video-preview":"max-video-preview:-1"},"canonical":"https:\/\/comt.cat\/es\/ayudas-especiales-por-covid-19\/","og_locale":"es_ES","og_type":"article","og_title":"Ayudas especiales por Covid-19 - COMT","og_description":"Ayuda al MIR Est\u00e1 dirigido a los residentes que hayan visto reducidos sus ingresos por un cambio en su situaci\u00f3n laboral, que les ha motivado la reducci\u00f3n y\/o desaparici\u00f3n de las guardias hospitalarias. La ayuda consistir\u00e1 en la devoluci\u00f3n del importe correspondiente a la cuota colegial de un trimestre. La documentaci\u00f3n requerida para solicitar la ayuda es una declaraci\u00f3n de responsabilidad donde se informe de su situaci\u00f3n laboral y copias de las n\u00f3minas donde se muestre la reducci\u00f3n de honorarios. \u00a0 Ayuda Canguro Est\u00e1 dirigido a las unidades familiares de colegiados, ambos en activo y con hijos menores de 12 a\u00f1os que, durante el cierre de las escuelas, se vieron obligados a contratar servicios externos, dada la imposibilidad de contar con la ayuda de familiares directos. La ayuda consistir\u00e1 en el otorgamiento de una cantidad \u00fanica de 500 \u20ac por unidad familiar. La documentaci\u00f3n requerida para solicitar la ayuda es una declaraci\u00f3n de responsabilidad donde se informe de su situaci\u00f3n laboral as\u00ed como informar de que ha tenido que contratar el servicio.","og_url":"https:\/\/comt.cat\/es\/ayudas-especiales-por-covid-19\/","og_site_name":"COMT","article_published_time":"2015-07-28T00:20:33+00:00","author":"comt","twitter_card":"summary_large_image","twitter_misc":{"Escrito por":"comt","Tiempo de lectura":"1 minuto"},"schema":{"@context":"https:\/\/schema.org","@graph":[{"@type":"Article","@id":"https:\/\/comt.cat\/es\/ayudas-especiales-por-covid-19\/#article","isPartOf":{"@id":"https:\/\/comt.cat\/es\/ayudas-especiales-por-covid-19\/"},"author":{"name":"comt","@id":"https:\/\/comt.cat\/#\/schema\/person\/e9c884d9eb13a1fd7c15c3899c93dbee"},"headline":"Ayudas especiales por Covid-19","datePublished":"2015-07-28T00:20:33+00:00","mainEntityOfPage":{"@id":"https:\/\/comt.cat\/es\/ayudas-especiales-por-covid-19\/"},"wordCount":186,"commentCount":0,"articleSection":["Ayudas especiales por Covid-19"],"inLanguage":"es","potentialAction":[{"@type":"CommentAction","name":"Comment","target":["https:\/\/comt.cat\/es\/ayudas-especiales-por-covid-19\/#respond"]}]},{"@type":"WebPage","@id":"https:\/\/comt.cat\/es\/ayudas-especiales-por-covid-19\/","url":"https:\/\/comt.cat\/es\/ayudas-especiales-por-covid-19\/","name":"Ayudas especiales por Covid-19 - COMT","isPartOf":{"@id":"https:\/\/comt.cat\/#website"},"datePublished":"2015-07-28T00:20:33+00:00","author":{"@id":"https:\/\/comt.cat\/#\/schema\/person\/e9c884d9eb13a1fd7c15c3899c93dbee"},"breadcrumb":{"@id":"https:\/\/comt.cat\/es\/ayudas-especiales-por-covid-19\/#breadcrumb"},"inLanguage":"es","potentialAction":[{"@type":"ReadAction","target":["https:\/\/comt.cat\/es\/ayudas-especiales-por-covid-19\/"]}]},{"@type":"BreadcrumbList","@id":"https:\/\/comt.cat\/es\/ayudas-especiales-por-covid-19\/#breadcrumb","itemListElement":[{"@type":"ListItem","position":1,"name":"Home","item":"https:\/\/comt.cat\/es\/"},{"@type":"ListItem","position":2,"name":"Ayudas especiales por Covid-19"}]},{"@type":"WebSite","@id":"https:\/\/comt.cat\/#website","url":"https:\/\/comt.cat\/","name":"COMT","description":"Col\u00b7legi de Metges de Tarragona","potentialAction":[{"@type":"SearchAction","target":{"@type":"EntryPoint","urlTemplate":"https:\/\/comt.cat\/?s={search_term_string}"},"query-input":{"@type":"PropertyValueSpecification","valueRequired":true,"valueName":"search_term_string"}}],"inLanguage":"es"},{"@type":"Person","@id":"https:\/\/comt.cat\/#\/schema\/person\/e9c884d9eb13a1fd7c15c3899c93dbee","name":"comt","image":{"@type":"ImageObject","inLanguage":"es","@id":"https:\/\/secure.gravatar.com\/avatar\/4973b6e675aecb45ab4d3cc8daea28d3f2f37d475c99290bc0b7e7fcc73af7be?s=96&d=mm&r=g","url":"https:\/\/secure.gravatar.com\/avatar\/4973b6e675aecb45ab4d3cc8daea28d3f2f37d475c99290bc0b7e7fcc73af7be?s=96&d=mm&r=g","contentUrl":"https:\/\/secure.gravatar.com\/avatar\/4973b6e675aecb45ab4d3cc8daea28d3f2f37d475c99290bc0b7e7fcc73af7be?s=96&d=mm&r=g","caption":"comt"},"url":"https:\/\/comt.cat\/es\/author\/comt\/"}]}},"_links":{"self":[{"href":"https:\/\/comt.cat\/es\/wp-json\/wp\/v2\/posts\/7880","targetHints":{"allow":["GET"]}}],"collection":[{"href":"https:\/\/comt.cat\/es\/wp-json\/wp\/v2\/posts"}],"about":[{"href":"https:\/\/comt.cat\/es\/wp-json\/wp\/v2\/types\/post"}],"author":[{"embeddable":true,"href":"https:\/\/comt.cat\/es\/wp-json\/wp\/v2\/users\/1"}],"replies":[{"embeddable":true,"href":"https:\/\/comt.cat\/es\/wp-json\/wp\/v2\/comments?post=7880"}],"version-history":[{"count":0,"href":"https:\/\/comt.cat\/es\/wp-json\/wp\/v2\/posts\/7880\/revisions"}],"wp:attachment":[{"href":"https:\/\/comt.cat\/es\/wp-json\/wp\/v2\/media?parent=7880"}],"wp:term":[{"taxonomy":"category","embeddable":true,"href":"https:\/\/comt.cat\/es\/wp-json\/wp\/v2\/categories?post=7880"},{"taxonomy":"post_tag","embeddable":true,"href":"https:\/\/comt.cat\/es\/wp-json\/wp\/v2\/tags?post=7880"}],"curies":[{"name":"wp","href":"https:\/\/api.w.org\/{rel}","templated":true}]}}