{"id":7924,"date":"2020-07-13T16:55:00","date_gmt":"2020-07-13T16:55:00","guid":{"rendered":"http:\/\/comt.local\/sense-categoria\/slt163-20-titulados-das-superiores-salud-publica-3-puestos-de-trabajo-en-la-sub-direccio-regional-al-camp-de-tarragona-i-les-terres-de-l-ebre\/"},"modified":"2020-07-13T16:55:00","modified_gmt":"2020-07-13T16:55:00","slug":"slt163-20-titulados-das-superiores-salud-publica-3-puestos-de-trabajo-en-la-sub-direccio-regional-al-camp-de-tarragona-i-les-terres-de-l-ebre","status":"publish","type":"post","link":"https:\/\/comt.cat\/es\/slt163-20-titulados-das-superiores-salud-publica-3-puestos-de-trabajo-en-la-sub-direccio-regional-al-camp-de-tarragona-i-les-terres-de-l-ebre\/","title":{"rendered":"SLT163-20 &#8211; Titulados\/das superiores salud p\u00fablica &#8211; 3 puestos de trabajo en la Sub-direcci\u00f3 Regional al Camp de Tarragona i les Terres de l\u2019Ebre"},"content":{"rendered":"<p><strong>Per\u00edodo de vigencia: 13\/07\/2020 &#8211; 17\/07\/2020<\/strong><\/p>\n<p><strong>Programa de salud p\u00fablica para el estudio epidemiol\u00f3gico de los casos con Covid-19 y de los contactos de los casos con Covid-19 y su seguimiento de la Secretaria de Salut P\u00fablica del Departament de Salut.<\/strong><\/p>\n<p><strong>Funciones:<\/strong><\/p>\n<ul>\n<li>Identificaci\u00f3n y aislamiento de casos (confirmados o no confirmados).<\/li>\n<li>Identificaci\u00f3n, cuarentena y realizaci\u00f3n del seguimiento de contactos estrechos durante 14 d\u00edas utilizando un sistema semiautomatizado para alcanzar una alta cobertura.<\/li>\n<li>Detecci\u00f3n precoz de los contactos que se transforman en casos.<\/li>\n<li>Implementaci\u00f3n del sistema de vigilancia integrado con base de datos centralizada que genere indicadores en tiempo real que sirvan para la toma de decisiones durante la progresi\u00f3n del desconfinament gradual.<\/li>\n<li>Monitorizaci\u00f3n del impacto de la pandemia, m\u00e1s all\u00e1 del coronavirus (mortalidad por todas las causas, declaraciones enfermedades de declaraci\u00f3n obligatoria -MDO- y sistema de notificaci\u00f3n microbiol\u00f3gica de todas las enfermedades, riesgo psicosocial).<\/li>\n<\/ul>\n<p><strong>Requisitos:<\/strong><\/p>\n<ul>\n<li>Estar en posesi\u00f3n de la titulaci\u00f3n universitaria de Medicina (no se considerar\u00e1n las candidaturas que no cumplan este requisito)<\/li>\n<li>Acreditar conocimientos de lengua catalana correspondientes al nivel C1.<\/li>\n<li>Cumplir los requisitos que con car\u00e1cter general establece el art\u00edculo 56 y siguientes del texto refundido del Estatuto B\u00e1sico del Empleado P\u00fablico (TREBEP).<\/li>\n<\/ul>\n<p>\u00a0<\/p>\n<p><strong>Contacto:<\/strong>\u00a0Carles Mateo<\/p>\n<p><strong>Email:<\/strong>\u00a0<a href=\"mailto:carles.mateo@gencat.cat\" rel=\"alternate\">carles.mateo@gencat.cat<\/a><\/p>\n<p style=\"padding: 10px; border: 1px solid #cb8bad; text-align: center;\"><a href=\"https:\/\/salutweb.gencat.cat\/ca\/serveis\/ofertes_de_treball\/\">Acceso a las ofertas <span class=\"fa fa-download\">\u00a0<\/span><\/a><\/p>\n<p style=\"padding: 10px; border: 1px solid #cb8bad; text-align: center;\"><a href=\"https:\/\/salutweb.gencat.cat\/web\/.content\/_serveis\/Ofertes-de-treball\/2020\/SLT-163-20.pdf\">Archivo PDF con toda la informaci\u00f3n\u00a0<span class=\"fa fa-download\">\u00a0<\/span><\/a><\/p>\n","protected":false},"excerpt":{"rendered":"<p><strong>Per\u00edodo de vigencia: 13\/07\/2020 &#8211; 17\/07\/2020<\/strong><\/p>\n<p><strong>Programa de salud p\u00fablica para el estudio epidemiol\u00f3gico de los casos con Covid-19 y de los contactos de los casos con Covid-19 y su seguimiento de la Secretaria de Salut P\u00fablica del Departament de Salut.<\/strong><\/p>\n<p><strong>Funciones:<\/strong><\/p>\n<ul>\n<li>Identificaci\u00f3n y aislamiento de casos (confirmados o no confirmados).<\/li>\n<li>Identificaci\u00f3n, cuarentena y realizaci\u00f3n del seguimiento de contactos estrechos durante 14 d\u00edas utilizando un sistema semiautomatizado para alcanzar una alta cobertura.<\/li>\n<li>Detecci\u00f3n precoz de los contactos que se transforman en casos.<\/li>\n<li>Implementaci\u00f3n del sistema de vigilancia integrado con base de datos centralizada que genere indicadores en tiempo real que sirvan para la toma de decisiones durante la progresi\u00f3n del desconfinament gradual.<\/li>\n<li>Monitorizaci\u00f3n del impacto de la pandemia, m\u00e1s all\u00e1 del coronavirus (mortalidad por todas las causas, declaraciones enfermedades de declaraci\u00f3n obligatoria -MDO- y sistema de notificaci\u00f3n microbiol\u00f3gica de todas las enfermedades, riesgo psicosocial).<\/li>\n<\/ul>\n<p><strong>Requisitos:<\/strong><\/p>\n<ul>\n<li>Estar en posesi\u00f3n de la titulaci\u00f3n universitaria de Medicina (no se considerar\u00e1n las candidaturas que no cumplan este requisito)<\/li>\n<li>Acreditar conocimientos de lengua catalana correspondientes al nivel C1.<\/li>\n<li>Cumplir los requisitos que con car\u00e1cter general establece el art\u00edculo 56 y siguientes del texto refundido del Estatuto B\u00e1sico del Empleado P\u00fablico (TREBEP).<\/li>\n<\/ul>\n<p>\u00a0<\/p>\n<p><strong>Contacto:<\/strong>\u00a0Carles Mateo<\/p>\n<p><strong>Email:<\/strong>\u00a0<a href=\"mailto:carles.mateo@gencat.cat\" rel=\"alternate\">carles.mateo@gencat.cat<\/a><\/p>\n<p style=\"padding: 10px; border: 1px solid #cb8bad; text-align: center;\"><a href=\"https:\/\/salutweb.gencat.cat\/ca\/serveis\/ofertes_de_treball\/\">Acceso a las ofertas <span class=\"fa fa-download\">\u00a0<\/span><\/a><\/p>\n<p style=\"padding: 10px; border: 1px solid #cb8bad; text-align: center;\"><a href=\"https:\/\/salutweb.gencat.cat\/web\/.content\/_serveis\/Ofertes-de-treball\/2020\/SLT-163-20.pdf\">Archivo PDF con toda la informaci\u00f3n\u00a0<span class=\"fa fa-download\">\u00a0<\/span><\/a><\/p>\n","protected":false},"author":1,"featured_media":0,"comment_status":"open","ping_status":"open","sticky":false,"template":"","format":"standard","meta":{"footnotes":""},"categories":[161],"tags":[],"class_list":["post-7924","post","type-post","status-publish","format-standard","hentry","category-bolsa-de-trabajo"],"yoast_head":"<!-- This site is optimized with the Yoast SEO plugin v27.4 - https:\/\/yoast.com\/product\/yoast-seo-wordpress\/ -->\n<title>SLT163-20 - Titulados\/das superiores salud p\u00fablica - 3 puestos de trabajo en la Sub-direcci\u00f3 Regional al Camp de Tarragona i les Terres de l\u2019Ebre - COMT<\/title>\n<meta name=\"robots\" content=\"index, follow, max-snippet:-1, max-image-preview:large, max-video-preview:-1\" \/>\n<link rel=\"canonical\" href=\"https:\/\/comt.cat\/slt163-20-titulats-des-superiors-salut-publica-3-llocs-de-treball-a-la-sub-direccio-regional-al-camp-de-tarragona-i-les-terres-de-l-ebre\/\" \/>\n<meta property=\"og:locale\" content=\"es_ES\" \/>\n<meta property=\"og:type\" content=\"article\" \/>\n<meta property=\"og:title\" content=\"SLT163-20 - Titulados\/das superiores salud p\u00fablica - 3 puestos de trabajo en la Sub-direcci\u00f3 Regional al Camp de Tarragona i les Terres de l\u2019Ebre - COMT\" \/>\n<meta property=\"og:description\" content=\"Per\u00edodo de vigencia: 13\/07\/2020 - 17\/07\/2020 Programa de salud p\u00fablica para el estudio epidemiol\u00f3gico de los casos con Covid-19 y de los contactos de los casos con Covid-19 y su seguimiento de la Secretaria de Salut P\u00fablica del Departament de Salut. Funciones:  Identificaci\u00f3n y aislamiento de casos (confirmados o no confirmados). Identificaci\u00f3n, cuarentena y realizaci\u00f3n del seguimiento de contactos estrechos durante 14 d\u00edas utilizando un sistema semiautomatizado para alcanzar una alta cobertura. Detecci\u00f3n precoz de los contactos que se transforman en casos. Implementaci\u00f3n del sistema de vigilancia integrado con base de datos centralizada que genere indicadores en tiempo real que sirvan para la toma de decisiones durante la progresi\u00f3n del desconfinament gradual. Monitorizaci\u00f3n del impacto de la pandemia, m\u00e1s all\u00e1 del coronavirus (mortalidad por todas las causas, declaraciones enfermedades de declaraci\u00f3n obligatoria -MDO- y sistema de notificaci\u00f3n microbiol\u00f3gica de todas las enfermedades, riesgo psicosocial).  Requisitos:  Estar en posesi\u00f3n de la titulaci\u00f3n universitaria de Medicina (no se considerar\u00e1n las candidaturas que no cumplan este requisito) Acreditar conocimientos de lengua catalana correspondientes al nivel C1. Cumplir los requisitos que con car\u00e1cter general establece el art\u00edculo 56 y siguientes del texto refundido del Estatuto B\u00e1sico del Empleado P\u00fablico (TREBEP).  \u00a0 Contacto:\u00a0Carles Mateo Email:\u00a0carles.mateo@gencat.cat Acceso a las ofertas \u00a0 Archivo PDF con toda la informaci\u00f3n\u00a0\u00a0\" \/>\n<meta property=\"og:url\" content=\"https:\/\/comt.cat\/slt163-20-titulats-des-superiors-salut-publica-3-llocs-de-treball-a-la-sub-direccio-regional-al-camp-de-tarragona-i-les-terres-de-l-ebre\/\" \/>\n<meta property=\"og:site_name\" content=\"COMT\" \/>\n<meta property=\"article:published_time\" content=\"2020-07-13T16:55:00+00:00\" \/>\n<meta name=\"author\" content=\"comt\" \/>\n<meta name=\"twitter:card\" content=\"summary_large_image\" \/>\n<meta name=\"twitter:label1\" content=\"Escrito por\" \/>\n\t<meta name=\"twitter:data1\" content=\"comt\" \/>\n\t<meta name=\"twitter:label2\" content=\"Tiempo de lectura\" \/>\n\t<meta name=\"twitter:data2\" content=\"1 minuto\" \/>\n<script type=\"application\/ld+json\" class=\"yoast-schema-graph\">{\"@context\":\"https:\\\/\\\/schema.org\",\"@graph\":[{\"@type\":\"Article\",\"@id\":\"https:\\\/\\\/comt.cat\\\/slt163-20-titulats-des-superiors-salut-publica-3-llocs-de-treball-a-la-sub-direccio-regional-al-camp-de-tarragona-i-les-terres-de-l-ebre\\\/#article\",\"isPartOf\":{\"@id\":\"https:\\\/\\\/comt.cat\\\/slt163-20-titulats-des-superiors-salut-publica-3-llocs-de-treball-a-la-sub-direccio-regional-al-camp-de-tarragona-i-les-terres-de-l-ebre\\\/\"},\"author\":{\"name\":\"comt\",\"@id\":\"https:\\\/\\\/comt.cat\\\/#\\\/schema\\\/person\\\/e9c884d9eb13a1fd7c15c3899c93dbee\"},\"headline\":\"SLT163-20 &#8211; Titulados\\\/das superiores salud p\u00fablica &#8211; 3 puestos de trabajo en la Sub-direcci\u00f3 Regional al Camp de Tarragona i les Terres de l\u2019Ebre\",\"datePublished\":\"2020-07-13T16:55:00+00:00\",\"mainEntityOfPage\":{\"@id\":\"https:\\\/\\\/comt.cat\\\/slt163-20-titulats-des-superiors-salut-publica-3-llocs-de-treball-a-la-sub-direccio-regional-al-camp-de-tarragona-i-les-terres-de-l-ebre\\\/\"},\"wordCount\":261,\"commentCount\":0,\"articleSection\":[\"Bolsa de trabajo\"],\"inLanguage\":\"es\",\"potentialAction\":[{\"@type\":\"CommentAction\",\"name\":\"Comment\",\"target\":[\"https:\\\/\\\/comt.cat\\\/slt163-20-titulats-des-superiors-salut-publica-3-llocs-de-treball-a-la-sub-direccio-regional-al-camp-de-tarragona-i-les-terres-de-l-ebre\\\/#respond\"]}]},{\"@type\":\"WebPage\",\"@id\":\"https:\\\/\\\/comt.cat\\\/slt163-20-titulats-des-superiors-salut-publica-3-llocs-de-treball-a-la-sub-direccio-regional-al-camp-de-tarragona-i-les-terres-de-l-ebre\\\/\",\"url\":\"https:\\\/\\\/comt.cat\\\/slt163-20-titulats-des-superiors-salut-publica-3-llocs-de-treball-a-la-sub-direccio-regional-al-camp-de-tarragona-i-les-terres-de-l-ebre\\\/\",\"name\":\"SLT163-20 - Titulados\\\/das superiores salud p\u00fablica - 3 puestos de trabajo en la Sub-direcci\u00f3 Regional al Camp de Tarragona i les Terres de l\u2019Ebre - COMT\",\"isPartOf\":{\"@id\":\"https:\\\/\\\/comt.cat\\\/#website\"},\"datePublished\":\"2020-07-13T16:55:00+00:00\",\"author\":{\"@id\":\"https:\\\/\\\/comt.cat\\\/#\\\/schema\\\/person\\\/e9c884d9eb13a1fd7c15c3899c93dbee\"},\"breadcrumb\":{\"@id\":\"https:\\\/\\\/comt.cat\\\/slt163-20-titulats-des-superiors-salut-publica-3-llocs-de-treball-a-la-sub-direccio-regional-al-camp-de-tarragona-i-les-terres-de-l-ebre\\\/#breadcrumb\"},\"inLanguage\":\"es\",\"potentialAction\":[{\"@type\":\"ReadAction\",\"target\":[\"https:\\\/\\\/comt.cat\\\/slt163-20-titulats-des-superiors-salut-publica-3-llocs-de-treball-a-la-sub-direccio-regional-al-camp-de-tarragona-i-les-terres-de-l-ebre\\\/\"]}]},{\"@type\":\"BreadcrumbList\",\"@id\":\"https:\\\/\\\/comt.cat\\\/slt163-20-titulats-des-superiors-salut-publica-3-llocs-de-treball-a-la-sub-direccio-regional-al-camp-de-tarragona-i-les-terres-de-l-ebre\\\/#breadcrumb\",\"itemListElement\":[{\"@type\":\"ListItem\",\"position\":1,\"name\":\"Home\",\"item\":\"https:\\\/\\\/comt.cat\\\/es\\\/\"},{\"@type\":\"ListItem\",\"position\":2,\"name\":\"SLT163-20 &#8211; Titulados\\\/das superiores salud p\u00fablica &#8211; 3 puestos de trabajo en la Sub-direcci\u00f3 Regional al Camp de Tarragona i les Terres de l\u2019Ebre\"}]},{\"@type\":\"WebSite\",\"@id\":\"https:\\\/\\\/comt.cat\\\/#website\",\"url\":\"https:\\\/\\\/comt.cat\\\/\",\"name\":\"COMT\",\"description\":\"Col\u00b7legi de Metges de Tarragona\",\"potentialAction\":[{\"@type\":\"SearchAction\",\"target\":{\"@type\":\"EntryPoint\",\"urlTemplate\":\"https:\\\/\\\/comt.cat\\\/?s={search_term_string}\"},\"query-input\":{\"@type\":\"PropertyValueSpecification\",\"valueRequired\":true,\"valueName\":\"search_term_string\"}}],\"inLanguage\":\"es\"},{\"@type\":\"Person\",\"@id\":\"https:\\\/\\\/comt.cat\\\/#\\\/schema\\\/person\\\/e9c884d9eb13a1fd7c15c3899c93dbee\",\"name\":\"comt\",\"image\":{\"@type\":\"ImageObject\",\"inLanguage\":\"es\",\"@id\":\"https:\\\/\\\/secure.gravatar.com\\\/avatar\\\/4973b6e675aecb45ab4d3cc8daea28d3f2f37d475c99290bc0b7e7fcc73af7be?s=96&d=mm&r=g\",\"url\":\"https:\\\/\\\/secure.gravatar.com\\\/avatar\\\/4973b6e675aecb45ab4d3cc8daea28d3f2f37d475c99290bc0b7e7fcc73af7be?s=96&d=mm&r=g\",\"contentUrl\":\"https:\\\/\\\/secure.gravatar.com\\\/avatar\\\/4973b6e675aecb45ab4d3cc8daea28d3f2f37d475c99290bc0b7e7fcc73af7be?s=96&d=mm&r=g\",\"caption\":\"comt\"},\"url\":\"https:\\\/\\\/comt.cat\\\/es\\\/author\\\/comt\\\/\"}]}<\/script>\n<!-- \/ Yoast SEO plugin. -->","yoast_head_json":{"title":"SLT163-20 - Titulados\/das superiores salud p\u00fablica - 3 puestos de trabajo en la Sub-direcci\u00f3 Regional al Camp de Tarragona i les Terres de l\u2019Ebre - COMT","robots":{"index":"index","follow":"follow","max-snippet":"max-snippet:-1","max-image-preview":"max-image-preview:large","max-video-preview":"max-video-preview:-1"},"canonical":"https:\/\/comt.cat\/slt163-20-titulats-des-superiors-salut-publica-3-llocs-de-treball-a-la-sub-direccio-regional-al-camp-de-tarragona-i-les-terres-de-l-ebre\/","og_locale":"es_ES","og_type":"article","og_title":"SLT163-20 - Titulados\/das superiores salud p\u00fablica - 3 puestos de trabajo en la Sub-direcci\u00f3 Regional al Camp de Tarragona i les Terres de l\u2019Ebre - COMT","og_description":"Per\u00edodo de vigencia: 13\/07\/2020 - 17\/07\/2020 Programa de salud p\u00fablica para el estudio epidemiol\u00f3gico de los casos con Covid-19 y de los contactos de los casos con Covid-19 y su seguimiento de la Secretaria de Salut P\u00fablica del Departament de Salut. Funciones:  Identificaci\u00f3n y aislamiento de casos (confirmados o no confirmados). Identificaci\u00f3n, cuarentena y realizaci\u00f3n del seguimiento de contactos estrechos durante 14 d\u00edas utilizando un sistema semiautomatizado para alcanzar una alta cobertura. Detecci\u00f3n precoz de los contactos que se transforman en casos. Implementaci\u00f3n del sistema de vigilancia integrado con base de datos centralizada que genere indicadores en tiempo real que sirvan para la toma de decisiones durante la progresi\u00f3n del desconfinament gradual. Monitorizaci\u00f3n del impacto de la pandemia, m\u00e1s all\u00e1 del coronavirus (mortalidad por todas las causas, declaraciones enfermedades de declaraci\u00f3n obligatoria -MDO- y sistema de notificaci\u00f3n microbiol\u00f3gica de todas las enfermedades, riesgo psicosocial).  Requisitos:  Estar en posesi\u00f3n de la titulaci\u00f3n universitaria de Medicina (no se considerar\u00e1n las candidaturas que no cumplan este requisito) Acreditar conocimientos de lengua catalana correspondientes al nivel C1. Cumplir los requisitos que con car\u00e1cter general establece el art\u00edculo 56 y siguientes del texto refundido del Estatuto B\u00e1sico del Empleado P\u00fablico (TREBEP).  \u00a0 Contacto:\u00a0Carles Mateo Email:\u00a0carles.mateo@gencat.cat Acceso a las ofertas \u00a0 Archivo PDF con toda la informaci\u00f3n\u00a0\u00a0","og_url":"https:\/\/comt.cat\/slt163-20-titulats-des-superiors-salut-publica-3-llocs-de-treball-a-la-sub-direccio-regional-al-camp-de-tarragona-i-les-terres-de-l-ebre\/","og_site_name":"COMT","article_published_time":"2020-07-13T16:55:00+00:00","author":"comt","twitter_card":"summary_large_image","twitter_misc":{"Escrito por":"comt","Tiempo de lectura":"1 minuto"},"schema":{"@context":"https:\/\/schema.org","@graph":[{"@type":"Article","@id":"https:\/\/comt.cat\/slt163-20-titulats-des-superiors-salut-publica-3-llocs-de-treball-a-la-sub-direccio-regional-al-camp-de-tarragona-i-les-terres-de-l-ebre\/#article","isPartOf":{"@id":"https:\/\/comt.cat\/slt163-20-titulats-des-superiors-salut-publica-3-llocs-de-treball-a-la-sub-direccio-regional-al-camp-de-tarragona-i-les-terres-de-l-ebre\/"},"author":{"name":"comt","@id":"https:\/\/comt.cat\/#\/schema\/person\/e9c884d9eb13a1fd7c15c3899c93dbee"},"headline":"SLT163-20 &#8211; Titulados\/das superiores salud p\u00fablica &#8211; 3 puestos de trabajo en la Sub-direcci\u00f3 Regional al Camp de Tarragona i les Terres de l\u2019Ebre","datePublished":"2020-07-13T16:55:00+00:00","mainEntityOfPage":{"@id":"https:\/\/comt.cat\/slt163-20-titulats-des-superiors-salut-publica-3-llocs-de-treball-a-la-sub-direccio-regional-al-camp-de-tarragona-i-les-terres-de-l-ebre\/"},"wordCount":261,"commentCount":0,"articleSection":["Bolsa de trabajo"],"inLanguage":"es","potentialAction":[{"@type":"CommentAction","name":"Comment","target":["https:\/\/comt.cat\/slt163-20-titulats-des-superiors-salut-publica-3-llocs-de-treball-a-la-sub-direccio-regional-al-camp-de-tarragona-i-les-terres-de-l-ebre\/#respond"]}]},{"@type":"WebPage","@id":"https:\/\/comt.cat\/slt163-20-titulats-des-superiors-salut-publica-3-llocs-de-treball-a-la-sub-direccio-regional-al-camp-de-tarragona-i-les-terres-de-l-ebre\/","url":"https:\/\/comt.cat\/slt163-20-titulats-des-superiors-salut-publica-3-llocs-de-treball-a-la-sub-direccio-regional-al-camp-de-tarragona-i-les-terres-de-l-ebre\/","name":"SLT163-20 - Titulados\/das superiores salud p\u00fablica - 3 puestos de trabajo en la Sub-direcci\u00f3 Regional al Camp de Tarragona i les Terres de l\u2019Ebre - COMT","isPartOf":{"@id":"https:\/\/comt.cat\/#website"},"datePublished":"2020-07-13T16:55:00+00:00","author":{"@id":"https:\/\/comt.cat\/#\/schema\/person\/e9c884d9eb13a1fd7c15c3899c93dbee"},"breadcrumb":{"@id":"https:\/\/comt.cat\/slt163-20-titulats-des-superiors-salut-publica-3-llocs-de-treball-a-la-sub-direccio-regional-al-camp-de-tarragona-i-les-terres-de-l-ebre\/#breadcrumb"},"inLanguage":"es","potentialAction":[{"@type":"ReadAction","target":["https:\/\/comt.cat\/slt163-20-titulats-des-superiors-salut-publica-3-llocs-de-treball-a-la-sub-direccio-regional-al-camp-de-tarragona-i-les-terres-de-l-ebre\/"]}]},{"@type":"BreadcrumbList","@id":"https:\/\/comt.cat\/slt163-20-titulats-des-superiors-salut-publica-3-llocs-de-treball-a-la-sub-direccio-regional-al-camp-de-tarragona-i-les-terres-de-l-ebre\/#breadcrumb","itemListElement":[{"@type":"ListItem","position":1,"name":"Home","item":"https:\/\/comt.cat\/es\/"},{"@type":"ListItem","position":2,"name":"SLT163-20 &#8211; Titulados\/das superiores salud p\u00fablica &#8211; 3 puestos de trabajo en la Sub-direcci\u00f3 Regional al Camp de Tarragona i les Terres de l\u2019Ebre"}]},{"@type":"WebSite","@id":"https:\/\/comt.cat\/#website","url":"https:\/\/comt.cat\/","name":"COMT","description":"Col\u00b7legi de Metges de Tarragona","potentialAction":[{"@type":"SearchAction","target":{"@type":"EntryPoint","urlTemplate":"https:\/\/comt.cat\/?s={search_term_string}"},"query-input":{"@type":"PropertyValueSpecification","valueRequired":true,"valueName":"search_term_string"}}],"inLanguage":"es"},{"@type":"Person","@id":"https:\/\/comt.cat\/#\/schema\/person\/e9c884d9eb13a1fd7c15c3899c93dbee","name":"comt","image":{"@type":"ImageObject","inLanguage":"es","@id":"https:\/\/secure.gravatar.com\/avatar\/4973b6e675aecb45ab4d3cc8daea28d3f2f37d475c99290bc0b7e7fcc73af7be?s=96&d=mm&r=g","url":"https:\/\/secure.gravatar.com\/avatar\/4973b6e675aecb45ab4d3cc8daea28d3f2f37d475c99290bc0b7e7fcc73af7be?s=96&d=mm&r=g","contentUrl":"https:\/\/secure.gravatar.com\/avatar\/4973b6e675aecb45ab4d3cc8daea28d3f2f37d475c99290bc0b7e7fcc73af7be?s=96&d=mm&r=g","caption":"comt"},"url":"https:\/\/comt.cat\/es\/author\/comt\/"}]}},"_links":{"self":[{"href":"https:\/\/comt.cat\/es\/wp-json\/wp\/v2\/posts\/7924","targetHints":{"allow":["GET"]}}],"collection":[{"href":"https:\/\/comt.cat\/es\/wp-json\/wp\/v2\/posts"}],"about":[{"href":"https:\/\/comt.cat\/es\/wp-json\/wp\/v2\/types\/post"}],"author":[{"embeddable":true,"href":"https:\/\/comt.cat\/es\/wp-json\/wp\/v2\/users\/1"}],"replies":[{"embeddable":true,"href":"https:\/\/comt.cat\/es\/wp-json\/wp\/v2\/comments?post=7924"}],"version-history":[{"count":0,"href":"https:\/\/comt.cat\/es\/wp-json\/wp\/v2\/posts\/7924\/revisions"}],"wp:attachment":[{"href":"https:\/\/comt.cat\/es\/wp-json\/wp\/v2\/media?parent=7924"}],"wp:term":[{"taxonomy":"category","embeddable":true,"href":"https:\/\/comt.cat\/es\/wp-json\/wp\/v2\/categories?post=7924"},{"taxonomy":"post_tag","embeddable":true,"href":"https:\/\/comt.cat\/es\/wp-json\/wp\/v2\/tags?post=7924"}],"curies":[{"name":"wp","href":"https:\/\/api.w.org\/{rel}","templated":true}]}}