{"id":8027,"date":"2020-08-05T05:43:25","date_gmt":"2020-08-05T05:43:25","guid":{"rendered":"http:\/\/comt.local\/sense-categoria\/medicina-del-trabajo-barcelona-20200805\/"},"modified":"2020-08-05T05:43:25","modified_gmt":"2020-08-05T05:43:25","slug":"medicina-del-trabajo-barcelona-20200805","status":"publish","type":"post","link":"https:\/\/comt.cat\/es\/medicina-del-trabajo-barcelona-20200805\/","title":{"rendered":"Medicina del Trabajo (Barcelona)"},"content":{"rendered":"<p><strong>Funciones:<\/strong><\/p>\n<ul>\n<li>Proponer y controlar las actuaciones que en el \u00e1mbito de la salud laboral se lleven a cabo en el Departamento relativas a la SARS-CoV-2: valoraciones de vulnerabilidad y especial sensibilidad, adaptaciones de puestos de trabajo, colaboraci\u00f3n con el sistema p\u00fablico de salud, campa\u00f1as preventivas y de salud laboral.<\/li>\n<li>Gesti\u00f3n del personal vulnerable y sensible a la Covidien-19.<\/li>\n<li>Realizar los ex\u00e1menes de salud de los trabajadores del Departamento de cualquier tipolog\u00eda (peri\u00f3dicos, iniciales, post-baja, a demanda del trabajador, etc.) que constar\u00e1n de: historia cl\u00ednico &#8211; laboral, exploraci\u00f3n cl\u00ednica (aplicaci\u00f3n de protocolos espec\u00edficos), valoraci\u00f3n de pruebas de enfermer\u00eda, introducci\u00f3n de datos anal\u00edticos y de EKG (sistema PREVEN y valoraci\u00f3n), hoja de derivaci\u00f3n a pruebas complementarias que se consideren necesarias seg\u00fan protocolos espec\u00edficos aplicables, y calificaci\u00f3n.<\/li>\n<li>Colaborar en la elaboraci\u00f3n y revisi\u00f3n de los protocolos m\u00e9dicos de la especialidad, en especial relativas a la Covidien-19.<\/li>\n<li>Colaborar en las medidas de prevenci\u00f3n y seguridad aplicables en relaci\u00f3n a la Covidien-19<\/li>\n<li>Elaborar informes y prestar asesoramiento cuando se le requiera desde el Servicio de la Vigilancia de la Salud Laboral.<\/li>\n<li>Realizar informes referente a la salud de los trabajadores.<\/li>\n<li>Otras tareas que se le pidan dentro del \u00e1mbito del Servicio de Vigilancia de la Salud laboral.<\/li>\n<\/ul>\n<p><strong>Requisitos:<\/strong><\/p>\n<ul>\n<li>Estar en posesi\u00f3n de la licenciatura en medicina, especialidad medicina del trabajo<\/li>\n<li>Estar en posesi\u00f3n del certificado del nivel de suficiencia de catal\u00e1n (C1) o equivalente<\/li>\n<\/ul>\n<p><strong>Oferimos:<\/strong><\/p>\n<ul>\n<li>Nombre de los puestos: M\u00e9dico\/a<\/li>\n<li>Tipo de lugar: Laboral<\/li>\n<li>Grupo: A1<\/li>\n<li>Unidad directiva: Direcci\u00f3n de Servicios<\/li>\n<li>Subdirecci\u00f3n: Subdirecci\u00f3n General de Prevenci\u00f3n de Riesgos y Salud Laboral<\/li>\n<li>Servicio: Servicio de Vigilancia de la Salud Laboral<\/li>\n<li>Localidad: Barcelona<\/li>\n<li>N\u00famero de vacantes: 2<\/li>\n<li>Duraci\u00f3n: un a\u00f1o (con posibilidad de pr\u00f3rroga hasta 3 a\u00f1os)<\/li>\n<\/ul>\n<p><strong>Categor\u00eda:<\/strong> Administraci\u00f3n<\/p>\n<p><strong>La Direcci\u00f3n de Servicios del Departamento de Interior debe cubrir dos puestos de trabajo de la categor\u00eda profesional de m\u00e9dico \/ a, especialista en medicina del trabajo, grupo A1, de acuerdo con la asignaci\u00f3n de efectivos del Programa temporal de medidas extraordinarias para la gesti\u00f3n de la Covidien-19 en el \u00e1mbito de la prevenci\u00f3n de riesgos laborales a la Administraci\u00f3n de la Generalidad probado por Acuerdo GOV \/ 78\/2020, de 9 de junio.<\/strong><\/p>\n<p><strong>Procedimiento de selecci\u00f3n:<\/strong><\/p>\n<ul>\n<li>Las personas interesadas que cumplan los requisitos de ocupaci\u00f3n del sitio pueden presentar su solicitud, acompa\u00f1ada de un curriculum vitae, hasta el d\u00eda 07\/09\/2020, a la direcci\u00f3n de correo electr\u00f3nico\u00a0<a href=\"mailto:svsl.interior@gencat.cat\" target=\"_blank\" rel=\"noopener\">svsl.interior@gencat.cat<\/a>. En el asunto del correo debe especificar la referencia de la oferta INT198 \/ 20-M\u00e9dico \/ a, junto con el nombre y apellidos.<\/li>\n<li>El procedimiento de selecci\u00f3n consistir\u00e1 en el estudio del curr\u00edculo. Los candidatos podr\u00e1n ser convocadas a una entrevista y\/o prueba.<\/li>\n<\/ul>\n<p><strong>Tel\u00e9fono:<\/strong>\u00a0<a href=\"tel:0034935512000\" rel=\"alternate\">935 512 000<\/a><\/p>\n<p style=\"padding: 10px; border: 1px solid #cb8bad; text-align: center;\"><a href=\"\/wp-content\/uploads\/joomla_images\/BorsaTreball\/Formulari\/20200805133433_Metge_Treball_SGPRSL_-_Dep._Interior.pdf\">Archivo PDF con toda la informaci\u00f3n\u00a0<span class=\"fa fa-download\">\u00a0<\/span><\/a><\/p>\n","protected":false},"excerpt":{"rendered":"<p><strong>Funciones:<\/strong><\/p>\n<ul>\n<li>Proponer y controlar las actuaciones que en el \u00e1mbito de la salud laboral se lleven a cabo en el Departamento relativas a la SARS-CoV-2: valoraciones de vulnerabilidad y especial sensibilidad, adaptaciones de puestos de trabajo, colaboraci\u00f3n con el sistema p\u00fablico de salud, campa\u00f1as preventivas y de salud laboral.<\/li>\n<li>Gesti\u00f3n del personal vulnerable y sensible a la Covidien-19.<\/li>\n<li>Realizar los ex\u00e1menes de salud de los trabajadores del Departamento de cualquier tipolog\u00eda (peri\u00f3dicos, iniciales, post-baja, a demanda del trabajador, etc.) que constar\u00e1n de: historia cl\u00ednico &#8211; laboral, exploraci\u00f3n cl\u00ednica (aplicaci\u00f3n de protocolos espec\u00edficos), valoraci\u00f3n de pruebas de enfermer\u00eda, introducci\u00f3n de datos anal\u00edticos y de EKG (sistema PREVEN y valoraci\u00f3n), hoja de derivaci\u00f3n a pruebas complementarias que se consideren necesarias seg\u00fan protocolos espec\u00edficos aplicables, y calificaci\u00f3n.<\/li>\n<li>Colaborar en la elaboraci\u00f3n y revisi\u00f3n de los protocolos m\u00e9dicos de la especialidad, en especial relativas a la Covidien-19.<\/li>\n<li>Colaborar en las medidas de prevenci\u00f3n y seguridad aplicables en relaci\u00f3n a la Covidien-19<\/li>\n<li>Elaborar informes y prestar asesoramiento cuando se le requiera desde el Servicio de la Vigilancia de la Salud Laboral.<\/li>\n<li>Realizar informes referente a la salud de los trabajadores.<\/li>\n<li>Otras tareas que se le pidan dentro del \u00e1mbito del Servicio de Vigilancia de la Salud laboral.<\/li>\n<\/ul>\n<p><strong>Requisitos:<\/strong><\/p>\n<ul>\n<li>Estar en posesi\u00f3n de la licenciatura en medicina, especialidad medicina del trabajo<\/li>\n<li>Estar en posesi\u00f3n del certificado del nivel de suficiencia de catal\u00e1n (C1) o equivalente<\/li>\n<\/ul>\n<p><strong>Oferimos:<\/strong><\/p>\n<ul>\n<li>Nombre de los puestos: M\u00e9dico\/a<\/li>\n<li>Tipo de lugar: Laboral<\/li>\n<li>Grupo: A1<\/li>\n<li>Unidad directiva: Direcci\u00f3n de Servicios<\/li>\n<li>Subdirecci\u00f3n: Subdirecci\u00f3n General de Prevenci\u00f3n de Riesgos y Salud Laboral<\/li>\n<li>Servicio: Servicio de Vigilancia de la Salud Laboral<\/li>\n<li>Localidad: Barcelona<\/li>\n<li>N\u00famero de vacantes: 2<\/li>\n<li>Duraci\u00f3n: un a\u00f1o (con posibilidad de pr\u00f3rroga hasta 3 a\u00f1os)<\/li>\n<\/ul>\n<p><strong>Categor\u00eda:<\/strong> Administraci\u00f3n<\/p>\n<p><strong>La Direcci\u00f3n de Servicios del Departamento de Interior debe cubrir dos puestos de trabajo de la categor\u00eda profesional de m\u00e9dico \/ a, especialista en medicina del trabajo, grupo A1, de acuerdo con la asignaci\u00f3n de efectivos del Programa temporal de medidas extraordinarias para la gesti\u00f3n de la Covidien-19 en el \u00e1mbito de la prevenci\u00f3n de riesgos laborales a la Administraci\u00f3n de la Generalidad probado por Acuerdo GOV \/ 78\/2020, de 9 de junio.<\/strong><\/p>\n<p><strong>Procedimiento de selecci\u00f3n:<\/strong><\/p>\n<ul>\n<li>Las personas interesadas que cumplan los requisitos de ocupaci\u00f3n del sitio pueden presentar su solicitud, acompa\u00f1ada de un curriculum vitae, hasta el d\u00eda 07\/09\/2020, a la direcci\u00f3n de correo electr\u00f3nico\u00a0<a href=\"mailto:svsl.interior@gencat.cat\" target=\"_blank\" rel=\"noopener\">svsl.interior@gencat.cat<\/a>. En el asunto del correo debe especificar la referencia de la oferta INT198 \/ 20-M\u00e9dico \/ a, junto con el nombre y apellidos.<\/li>\n<li>El procedimiento de selecci\u00f3n consistir\u00e1 en el estudio del curr\u00edculo. Los candidatos podr\u00e1n ser convocadas a una entrevista y\/o prueba.<\/li>\n<\/ul>\n<p><strong>Tel\u00e9fono:<\/strong>\u00a0<a href=\"tel:0034935512000\" rel=\"alternate\">935 512 000<\/a><\/p>\n<p style=\"padding: 10px; border: 1px solid #cb8bad; text-align: center;\"><a href=\"\/wp-content\/uploads\/joomla_images\/BorsaTreball\/Formulari\/20200805133433_Metge_Treball_SGPRSL_-_Dep._Interior.pdf\">Archivo PDF con toda la informaci\u00f3n\u00a0<span class=\"fa fa-download\">\u00a0<\/span><\/a><\/p>\n","protected":false},"author":1,"featured_media":0,"comment_status":"open","ping_status":"open","sticky":false,"template":"","format":"standard","meta":{"footnotes":""},"categories":[161],"tags":[],"class_list":["post-8027","post","type-post","status-publish","format-standard","hentry","category-bolsa-de-trabajo"],"yoast_head":"<!-- This site is optimized with the Yoast SEO plugin v27.4 - https:\/\/yoast.com\/product\/yoast-seo-wordpress\/ -->\n<title>Medicina del Trabajo (Barcelona) - COMT<\/title>\n<meta name=\"robots\" content=\"index, follow, max-snippet:-1, max-image-preview:large, max-video-preview:-1\" \/>\n<link rel=\"canonical\" href=\"https:\/\/comt.cat\/es\/medicina-del-trabajo-barcelona-20200805\/\" \/>\n<meta property=\"og:locale\" content=\"es_ES\" \/>\n<meta property=\"og:type\" content=\"article\" \/>\n<meta property=\"og:title\" content=\"Medicina del Trabajo (Barcelona) - COMT\" \/>\n<meta property=\"og:description\" content=\"Funciones:  Proponer y controlar las actuaciones que en el \u00e1mbito de la salud laboral se lleven a cabo en el Departamento relativas a la SARS-CoV-2: valoraciones de vulnerabilidad y especial sensibilidad, adaptaciones de puestos de trabajo, colaboraci\u00f3n con el sistema p\u00fablico de salud, campa\u00f1as preventivas y de salud laboral. Gesti\u00f3n del personal vulnerable y sensible a la Covidien-19. Realizar los ex\u00e1menes de salud de los trabajadores del Departamento de cualquier tipolog\u00eda (peri\u00f3dicos, iniciales, post-baja, a demanda del trabajador, etc.) que constar\u00e1n de: historia cl\u00ednico - laboral, exploraci\u00f3n cl\u00ednica (aplicaci\u00f3n de protocolos espec\u00edficos), valoraci\u00f3n de pruebas de enfermer\u00eda, introducci\u00f3n de datos anal\u00edticos y de EKG (sistema PREVEN y valoraci\u00f3n), hoja de derivaci\u00f3n a pruebas complementarias que se consideren necesarias seg\u00fan protocolos espec\u00edficos aplicables, y calificaci\u00f3n. Colaborar en la elaboraci\u00f3n y revisi\u00f3n de los protocolos m\u00e9dicos de la especialidad, en especial relativas a la Covidien-19. Colaborar en las medidas de prevenci\u00f3n y seguridad aplicables en relaci\u00f3n a la Covidien-19 Elaborar informes y prestar asesoramiento cuando se le requiera desde el Servicio de la Vigilancia de la Salud Laboral. Realizar informes referente a la salud de los trabajadores. Otras tareas que se le pidan dentro del \u00e1mbito del Servicio de Vigilancia de la Salud laboral.  Requisitos:  Estar en posesi\u00f3n de la licenciatura en medicina, especialidad medicina del trabajo Estar en posesi\u00f3n del certificado del nivel de suficiencia de catal\u00e1n (C1) o equivalente  Oferimos:  Nombre de los puestos: M\u00e9dico\/a Tipo de lugar: Laboral Grupo: A1 Unidad directiva: Direcci\u00f3n de Servicios Subdirecci\u00f3n: Subdirecci\u00f3n General de Prevenci\u00f3n de Riesgos y Salud Laboral Servicio: Servicio de Vigilancia de la Salud Laboral Localidad: Barcelona N\u00famero de vacantes: 2 Duraci\u00f3n: un a\u00f1o (con posibilidad de pr\u00f3rroga hasta 3 a\u00f1os)  Categor\u00eda: Administraci\u00f3nLa Direcci\u00f3n de Servicios del Departamento de Interior debe cubrir dos puestos de trabajo de la categor\u00eda profesional de m\u00e9dico \/ a, especialista en medicina del trabajo, grupo A1, de acuerdo con la asignaci\u00f3n de efectivos del Programa temporal de medidas extraordinarias para la gesti\u00f3n de la Covidien-19 en el \u00e1mbito de la prevenci\u00f3n de riesgos laborales a la Administraci\u00f3n de la Generalidad probado por Acuerdo GOV \/ 78\/2020, de 9 de junio.Procedimiento de selecci\u00f3n:  Las personas interesadas que cumplan los requisitos de ocupaci\u00f3n del sitio pueden presentar su solicitud, acompa\u00f1ada de un curriculum vitae, hasta el d\u00eda 07\/09\/2020, a la direcci\u00f3n de correo electr\u00f3nico\u00a0svsl.interior@gencat.cat. En el asunto del correo debe especificar la referencia de la oferta INT198 \/ 20-M\u00e9dico \/ a, junto con el nombre y apellidos. El procedimiento de selecci\u00f3n consistir\u00e1 en el estudio del curr\u00edculo. Los candidatos podr\u00e1n ser convocadas a una entrevista y\/o prueba.  Tel\u00e9fono:\u00a0935 512 000 Archivo PDF con toda la informaci\u00f3n\u00a0\u00a0\" \/>\n<meta property=\"og:url\" content=\"https:\/\/comt.cat\/es\/medicina-del-trabajo-barcelona-20200805\/\" \/>\n<meta property=\"og:site_name\" content=\"COMT\" \/>\n<meta property=\"article:published_time\" content=\"2020-08-05T05:43:25+00:00\" \/>\n<meta name=\"author\" content=\"comt\" \/>\n<meta name=\"twitter:card\" content=\"summary_large_image\" \/>\n<meta name=\"twitter:label1\" content=\"Escrito por\" \/>\n\t<meta name=\"twitter:data1\" content=\"comt\" \/>\n\t<meta name=\"twitter:label2\" content=\"Tiempo de lectura\" \/>\n\t<meta name=\"twitter:data2\" content=\"2 minutos\" \/>\n<script type=\"application\/ld+json\" class=\"yoast-schema-graph\">{\"@context\":\"https:\\\/\\\/schema.org\",\"@graph\":[{\"@type\":\"Article\",\"@id\":\"https:\\\/\\\/comt.cat\\\/es\\\/medicina-del-trabajo-barcelona-20200805\\\/#article\",\"isPartOf\":{\"@id\":\"https:\\\/\\\/comt.cat\\\/es\\\/medicina-del-trabajo-barcelona-20200805\\\/\"},\"author\":{\"name\":\"comt\",\"@id\":\"https:\\\/\\\/comt.cat\\\/#\\\/schema\\\/person\\\/e9c884d9eb13a1fd7c15c3899c93dbee\"},\"headline\":\"Medicina del Trabajo (Barcelona)\",\"datePublished\":\"2020-08-05T05:43:25+00:00\",\"mainEntityOfPage\":{\"@id\":\"https:\\\/\\\/comt.cat\\\/es\\\/medicina-del-trabajo-barcelona-20200805\\\/\"},\"wordCount\":500,\"commentCount\":0,\"articleSection\":[\"Bolsa de trabajo\"],\"inLanguage\":\"es\",\"potentialAction\":[{\"@type\":\"CommentAction\",\"name\":\"Comment\",\"target\":[\"https:\\\/\\\/comt.cat\\\/es\\\/medicina-del-trabajo-barcelona-20200805\\\/#respond\"]}]},{\"@type\":\"WebPage\",\"@id\":\"https:\\\/\\\/comt.cat\\\/es\\\/medicina-del-trabajo-barcelona-20200805\\\/\",\"url\":\"https:\\\/\\\/comt.cat\\\/es\\\/medicina-del-trabajo-barcelona-20200805\\\/\",\"name\":\"Medicina del Trabajo (Barcelona) - COMT\",\"isPartOf\":{\"@id\":\"https:\\\/\\\/comt.cat\\\/#website\"},\"datePublished\":\"2020-08-05T05:43:25+00:00\",\"author\":{\"@id\":\"https:\\\/\\\/comt.cat\\\/#\\\/schema\\\/person\\\/e9c884d9eb13a1fd7c15c3899c93dbee\"},\"breadcrumb\":{\"@id\":\"https:\\\/\\\/comt.cat\\\/es\\\/medicina-del-trabajo-barcelona-20200805\\\/#breadcrumb\"},\"inLanguage\":\"es\",\"potentialAction\":[{\"@type\":\"ReadAction\",\"target\":[\"https:\\\/\\\/comt.cat\\\/es\\\/medicina-del-trabajo-barcelona-20200805\\\/\"]}]},{\"@type\":\"BreadcrumbList\",\"@id\":\"https:\\\/\\\/comt.cat\\\/es\\\/medicina-del-trabajo-barcelona-20200805\\\/#breadcrumb\",\"itemListElement\":[{\"@type\":\"ListItem\",\"position\":1,\"name\":\"Home\",\"item\":\"https:\\\/\\\/comt.cat\\\/es\\\/\"},{\"@type\":\"ListItem\",\"position\":2,\"name\":\"Medicina del Trabajo (Barcelona)\"}]},{\"@type\":\"WebSite\",\"@id\":\"https:\\\/\\\/comt.cat\\\/#website\",\"url\":\"https:\\\/\\\/comt.cat\\\/\",\"name\":\"COMT\",\"description\":\"Col\u00b7legi de Metges de Tarragona\",\"potentialAction\":[{\"@type\":\"SearchAction\",\"target\":{\"@type\":\"EntryPoint\",\"urlTemplate\":\"https:\\\/\\\/comt.cat\\\/?s={search_term_string}\"},\"query-input\":{\"@type\":\"PropertyValueSpecification\",\"valueRequired\":true,\"valueName\":\"search_term_string\"}}],\"inLanguage\":\"es\"},{\"@type\":\"Person\",\"@id\":\"https:\\\/\\\/comt.cat\\\/#\\\/schema\\\/person\\\/e9c884d9eb13a1fd7c15c3899c93dbee\",\"name\":\"comt\",\"image\":{\"@type\":\"ImageObject\",\"inLanguage\":\"es\",\"@id\":\"https:\\\/\\\/secure.gravatar.com\\\/avatar\\\/4973b6e675aecb45ab4d3cc8daea28d3f2f37d475c99290bc0b7e7fcc73af7be?s=96&d=mm&r=g\",\"url\":\"https:\\\/\\\/secure.gravatar.com\\\/avatar\\\/4973b6e675aecb45ab4d3cc8daea28d3f2f37d475c99290bc0b7e7fcc73af7be?s=96&d=mm&r=g\",\"contentUrl\":\"https:\\\/\\\/secure.gravatar.com\\\/avatar\\\/4973b6e675aecb45ab4d3cc8daea28d3f2f37d475c99290bc0b7e7fcc73af7be?s=96&d=mm&r=g\",\"caption\":\"comt\"},\"url\":\"https:\\\/\\\/comt.cat\\\/es\\\/author\\\/comt\\\/\"}]}<\/script>\n<!-- \/ Yoast SEO plugin. -->","yoast_head_json":{"title":"Medicina del Trabajo (Barcelona) - COMT","robots":{"index":"index","follow":"follow","max-snippet":"max-snippet:-1","max-image-preview":"max-image-preview:large","max-video-preview":"max-video-preview:-1"},"canonical":"https:\/\/comt.cat\/es\/medicina-del-trabajo-barcelona-20200805\/","og_locale":"es_ES","og_type":"article","og_title":"Medicina del Trabajo (Barcelona) - COMT","og_description":"Funciones:  Proponer y controlar las actuaciones que en el \u00e1mbito de la salud laboral se lleven a cabo en el Departamento relativas a la SARS-CoV-2: valoraciones de vulnerabilidad y especial sensibilidad, adaptaciones de puestos de trabajo, colaboraci\u00f3n con el sistema p\u00fablico de salud, campa\u00f1as preventivas y de salud laboral. Gesti\u00f3n del personal vulnerable y sensible a la Covidien-19. Realizar los ex\u00e1menes de salud de los trabajadores del Departamento de cualquier tipolog\u00eda (peri\u00f3dicos, iniciales, post-baja, a demanda del trabajador, etc.) que constar\u00e1n de: historia cl\u00ednico - laboral, exploraci\u00f3n cl\u00ednica (aplicaci\u00f3n de protocolos espec\u00edficos), valoraci\u00f3n de pruebas de enfermer\u00eda, introducci\u00f3n de datos anal\u00edticos y de EKG (sistema PREVEN y valoraci\u00f3n), hoja de derivaci\u00f3n a pruebas complementarias que se consideren necesarias seg\u00fan protocolos espec\u00edficos aplicables, y calificaci\u00f3n. Colaborar en la elaboraci\u00f3n y revisi\u00f3n de los protocolos m\u00e9dicos de la especialidad, en especial relativas a la Covidien-19. Colaborar en las medidas de prevenci\u00f3n y seguridad aplicables en relaci\u00f3n a la Covidien-19 Elaborar informes y prestar asesoramiento cuando se le requiera desde el Servicio de la Vigilancia de la Salud Laboral. Realizar informes referente a la salud de los trabajadores. Otras tareas que se le pidan dentro del \u00e1mbito del Servicio de Vigilancia de la Salud laboral.  Requisitos:  Estar en posesi\u00f3n de la licenciatura en medicina, especialidad medicina del trabajo Estar en posesi\u00f3n del certificado del nivel de suficiencia de catal\u00e1n (C1) o equivalente  Oferimos:  Nombre de los puestos: M\u00e9dico\/a Tipo de lugar: Laboral Grupo: A1 Unidad directiva: Direcci\u00f3n de Servicios Subdirecci\u00f3n: Subdirecci\u00f3n General de Prevenci\u00f3n de Riesgos y Salud Laboral Servicio: Servicio de Vigilancia de la Salud Laboral Localidad: Barcelona N\u00famero de vacantes: 2 Duraci\u00f3n: un a\u00f1o (con posibilidad de pr\u00f3rroga hasta 3 a\u00f1os)  Categor\u00eda: Administraci\u00f3nLa Direcci\u00f3n de Servicios del Departamento de Interior debe cubrir dos puestos de trabajo de la categor\u00eda profesional de m\u00e9dico \/ a, especialista en medicina del trabajo, grupo A1, de acuerdo con la asignaci\u00f3n de efectivos del Programa temporal de medidas extraordinarias para la gesti\u00f3n de la Covidien-19 en el \u00e1mbito de la prevenci\u00f3n de riesgos laborales a la Administraci\u00f3n de la Generalidad probado por Acuerdo GOV \/ 78\/2020, de 9 de junio.Procedimiento de selecci\u00f3n:  Las personas interesadas que cumplan los requisitos de ocupaci\u00f3n del sitio pueden presentar su solicitud, acompa\u00f1ada de un curriculum vitae, hasta el d\u00eda 07\/09\/2020, a la direcci\u00f3n de correo electr\u00f3nico\u00a0svsl.interior@gencat.cat. En el asunto del correo debe especificar la referencia de la oferta INT198 \/ 20-M\u00e9dico \/ a, junto con el nombre y apellidos. El procedimiento de selecci\u00f3n consistir\u00e1 en el estudio del curr\u00edculo. Los candidatos podr\u00e1n ser convocadas a una entrevista y\/o prueba.  Tel\u00e9fono:\u00a0935 512 000 Archivo PDF con toda la informaci\u00f3n\u00a0\u00a0","og_url":"https:\/\/comt.cat\/es\/medicina-del-trabajo-barcelona-20200805\/","og_site_name":"COMT","article_published_time":"2020-08-05T05:43:25+00:00","author":"comt","twitter_card":"summary_large_image","twitter_misc":{"Escrito por":"comt","Tiempo de lectura":"2 minutos"},"schema":{"@context":"https:\/\/schema.org","@graph":[{"@type":"Article","@id":"https:\/\/comt.cat\/es\/medicina-del-trabajo-barcelona-20200805\/#article","isPartOf":{"@id":"https:\/\/comt.cat\/es\/medicina-del-trabajo-barcelona-20200805\/"},"author":{"name":"comt","@id":"https:\/\/comt.cat\/#\/schema\/person\/e9c884d9eb13a1fd7c15c3899c93dbee"},"headline":"Medicina del Trabajo (Barcelona)","datePublished":"2020-08-05T05:43:25+00:00","mainEntityOfPage":{"@id":"https:\/\/comt.cat\/es\/medicina-del-trabajo-barcelona-20200805\/"},"wordCount":500,"commentCount":0,"articleSection":["Bolsa de trabajo"],"inLanguage":"es","potentialAction":[{"@type":"CommentAction","name":"Comment","target":["https:\/\/comt.cat\/es\/medicina-del-trabajo-barcelona-20200805\/#respond"]}]},{"@type":"WebPage","@id":"https:\/\/comt.cat\/es\/medicina-del-trabajo-barcelona-20200805\/","url":"https:\/\/comt.cat\/es\/medicina-del-trabajo-barcelona-20200805\/","name":"Medicina del Trabajo (Barcelona) - COMT","isPartOf":{"@id":"https:\/\/comt.cat\/#website"},"datePublished":"2020-08-05T05:43:25+00:00","author":{"@id":"https:\/\/comt.cat\/#\/schema\/person\/e9c884d9eb13a1fd7c15c3899c93dbee"},"breadcrumb":{"@id":"https:\/\/comt.cat\/es\/medicina-del-trabajo-barcelona-20200805\/#breadcrumb"},"inLanguage":"es","potentialAction":[{"@type":"ReadAction","target":["https:\/\/comt.cat\/es\/medicina-del-trabajo-barcelona-20200805\/"]}]},{"@type":"BreadcrumbList","@id":"https:\/\/comt.cat\/es\/medicina-del-trabajo-barcelona-20200805\/#breadcrumb","itemListElement":[{"@type":"ListItem","position":1,"name":"Home","item":"https:\/\/comt.cat\/es\/"},{"@type":"ListItem","position":2,"name":"Medicina del Trabajo (Barcelona)"}]},{"@type":"WebSite","@id":"https:\/\/comt.cat\/#website","url":"https:\/\/comt.cat\/","name":"COMT","description":"Col\u00b7legi de Metges de Tarragona","potentialAction":[{"@type":"SearchAction","target":{"@type":"EntryPoint","urlTemplate":"https:\/\/comt.cat\/?s={search_term_string}"},"query-input":{"@type":"PropertyValueSpecification","valueRequired":true,"valueName":"search_term_string"}}],"inLanguage":"es"},{"@type":"Person","@id":"https:\/\/comt.cat\/#\/schema\/person\/e9c884d9eb13a1fd7c15c3899c93dbee","name":"comt","image":{"@type":"ImageObject","inLanguage":"es","@id":"https:\/\/secure.gravatar.com\/avatar\/4973b6e675aecb45ab4d3cc8daea28d3f2f37d475c99290bc0b7e7fcc73af7be?s=96&d=mm&r=g","url":"https:\/\/secure.gravatar.com\/avatar\/4973b6e675aecb45ab4d3cc8daea28d3f2f37d475c99290bc0b7e7fcc73af7be?s=96&d=mm&r=g","contentUrl":"https:\/\/secure.gravatar.com\/avatar\/4973b6e675aecb45ab4d3cc8daea28d3f2f37d475c99290bc0b7e7fcc73af7be?s=96&d=mm&r=g","caption":"comt"},"url":"https:\/\/comt.cat\/es\/author\/comt\/"}]}},"_links":{"self":[{"href":"https:\/\/comt.cat\/es\/wp-json\/wp\/v2\/posts\/8027","targetHints":{"allow":["GET"]}}],"collection":[{"href":"https:\/\/comt.cat\/es\/wp-json\/wp\/v2\/posts"}],"about":[{"href":"https:\/\/comt.cat\/es\/wp-json\/wp\/v2\/types\/post"}],"author":[{"embeddable":true,"href":"https:\/\/comt.cat\/es\/wp-json\/wp\/v2\/users\/1"}],"replies":[{"embeddable":true,"href":"https:\/\/comt.cat\/es\/wp-json\/wp\/v2\/comments?post=8027"}],"version-history":[{"count":0,"href":"https:\/\/comt.cat\/es\/wp-json\/wp\/v2\/posts\/8027\/revisions"}],"wp:attachment":[{"href":"https:\/\/comt.cat\/es\/wp-json\/wp\/v2\/media?parent=8027"}],"wp:term":[{"taxonomy":"category","embeddable":true,"href":"https:\/\/comt.cat\/es\/wp-json\/wp\/v2\/categories?post=8027"},{"taxonomy":"post_tag","embeddable":true,"href":"https:\/\/comt.cat\/es\/wp-json\/wp\/v2\/tags?post=8027"}],"curies":[{"name":"wp","href":"https:\/\/api.w.org\/{rel}","templated":true}]}}