{"id":8035,"date":"2020-08-06T22:00:00","date_gmt":"2020-08-06T22:00:00","guid":{"rendered":"http:\/\/comt.local\/sense-categoria\/radiologia-valladolid-20200807-2\/"},"modified":"2020-08-06T22:00:00","modified_gmt":"2020-08-06T22:00:00","slug":"radiologia-valladolid-20200807-2","status":"publish","type":"post","link":"https:\/\/comt.cat\/es\/radiologia-valladolid-20200807-2\/","title":{"rendered":"Radiolog\u00eda (Valladolid)"},"content":{"rendered":"<p><strong>Melt Group\u00a0selecciona para Importante empresa del sector un M\u00e9dico Especialista en Radiolog\u00eda para trabajar en uno de sus centros en Valladolid.<\/strong><\/p>\n<p><strong>Requisitos: <\/strong>Imprescindible\u00a0especialidad v\u00eda MIR u Homologada de Radiolog\u00eda, al menos 2 a\u00f1os de experiencia profesional y disponibilidad para residir o desplazarse hasta Valladolid.<\/p>\n<p><strong>Se ofrece:<\/strong><\/p>\n<ul>\n<li>Contrato laboral de car\u00e1cter indefinido. Jornada Completa de 40 Horas semanales.<\/li>\n<li>Horario de Lunes a Viernes de Ma\u00f1ana o Tarde.<\/li>\n<li>Se realiza una semana al mes de guardia localizada. Se informar\u00eda mediante Teleradiolog\u00eda.<\/li>\n<li>Muy atractiva remuneraci\u00f3n, por encima de la media del mercado. Cada acto informado es remunerado (Salario entre 75.000 \u20ac \u2013 100.000 \u20ac brutos anuales)<\/li>\n<li>Posibilidad de realizar actividad extra.<\/li>\n<li>Plan de carrera Profesional y Plan de Formaci\u00f3n continua por parte de la empresa.<\/li>\n<\/ul>\n<p><strong>Las personas interesadas en recibir m\u00e1s informaci\u00f3n pueden remitir su CV a la direcci\u00f3n<\/strong> <a href=\"mailto:daniel.lorenzo@meltgroup.com\" rel=\"alternate\">daniel.lorenzo@meltgroup.com<\/a><\/p>\n<p><strong>Tel\u00e9fono:<\/strong>\u00a0<a href=\"tel:+34963919661\" rel=\"alternate\">963 919 661<\/a><\/p>\n<p style=\"padding: 10px; border: 1px solid #cb8bad; text-align: center;\"><a href=\"\/wp-content\/uploads\/joomla_images\/BorsaTreball\/Formulari\/20200807105837_Medico_Radiologo_-_Valladolid.pdf\">Archivo PDF con toda la informaci\u00f3n\u00a0<span class=\"fa fa-download\">\u00a0<\/span><\/a><\/p>\n","protected":false},"excerpt":{"rendered":"<p><strong>Melt Group\u00a0selecciona para Importante empresa del sector un M\u00e9dico Especialista en Radiolog\u00eda para trabajar en uno de sus centros en Valladolid.<\/strong><\/p>\n<p><strong>Requisitos: <\/strong>Imprescindible\u00a0especialidad v\u00eda MIR u Homologada de Radiolog\u00eda, al menos 2 a\u00f1os de experiencia profesional y disponibilidad para residir o desplazarse hasta Valladolid.<\/p>\n<p><strong>Se ofrece:<\/strong><\/p>\n<ul>\n<li>Contrato laboral de car\u00e1cter indefinido. Jornada Completa de 40 Horas semanales.<\/li>\n<li>Horario de Lunes a Viernes de Ma\u00f1ana o Tarde.<\/li>\n<li>Se realiza una semana al mes de guardia localizada. Se informar\u00eda mediante Teleradiolog\u00eda.<\/li>\n<li>Muy atractiva remuneraci\u00f3n, por encima de la media del mercado. Cada acto informado es remunerado (Salario entre 75.000 \u20ac \u2013 100.000 \u20ac brutos anuales)<\/li>\n<li>Posibilidad de realizar actividad extra.<\/li>\n<li>Plan de carrera Profesional y Plan de Formaci\u00f3n continua por parte de la empresa.<\/li>\n<\/ul>\n<p><strong>Las personas interesadas en recibir m\u00e1s informaci\u00f3n pueden remitir su CV a la direcci\u00f3n<\/strong> <a href=\"mailto:daniel.lorenzo@meltgroup.com\" rel=\"alternate\">daniel.lorenzo@meltgroup.com<\/a><\/p>\n<p><strong>Tel\u00e9fono:<\/strong>\u00a0<a href=\"tel:+34963919661\" rel=\"alternate\">963 919 661<\/a><\/p>\n<p style=\"padding: 10px; border: 1px solid #cb8bad; text-align: center;\"><a href=\"\/wp-content\/uploads\/joomla_images\/BorsaTreball\/Formulari\/20200807105837_Medico_Radiologo_-_Valladolid.pdf\">Archivo PDF con toda la informaci\u00f3n\u00a0<span class=\"fa fa-download\">\u00a0<\/span><\/a><\/p>\n","protected":false},"author":1,"featured_media":0,"comment_status":"open","ping_status":"open","sticky":false,"template":"","format":"standard","meta":{"footnotes":""},"categories":[161],"tags":[],"class_list":["post-8035","post","type-post","status-publish","format-standard","hentry","category-bolsa-de-trabajo"],"yoast_head":"<!-- This site is optimized with the Yoast SEO plugin v27.4 - https:\/\/yoast.com\/product\/yoast-seo-wordpress\/ -->\n<title>Radiolog\u00eda (Valladolid) - COMT<\/title>\n<meta name=\"robots\" content=\"index, follow, max-snippet:-1, max-image-preview:large, max-video-preview:-1\" \/>\n<link rel=\"canonical\" href=\"https:\/\/comt.cat\/es\/radiologia-valladolid-20200807-2\/\" \/>\n<meta property=\"og:locale\" content=\"es_ES\" \/>\n<meta property=\"og:type\" content=\"article\" \/>\n<meta property=\"og:title\" content=\"Radiolog\u00eda (Valladolid) - COMT\" \/>\n<meta property=\"og:description\" content=\"Melt Group\u00a0selecciona para Importante empresa del sector un M\u00e9dico Especialista en Radiolog\u00eda para trabajar en uno de sus centros en Valladolid. Requisitos: Imprescindible\u00a0especialidad v\u00eda MIR u Homologada de Radiolog\u00eda, al menos 2 a\u00f1os de experiencia profesional y disponibilidad para residir o desplazarse hasta Valladolid. Se ofrece:  Contrato laboral de car\u00e1cter indefinido. Jornada Completa de 40 Horas semanales. Horario de Lunes a Viernes de Ma\u00f1ana o Tarde. Se realiza una semana al mes de guardia localizada. Se informar\u00eda mediante Teleradiolog\u00eda. Muy atractiva remuneraci\u00f3n, por encima de la media del mercado. Cada acto informado es remunerado (Salario entre 75.000 \u20ac \u2013 100.000 \u20ac brutos anuales) Posibilidad de realizar actividad extra. Plan de carrera Profesional y Plan de Formaci\u00f3n continua por parte de la empresa.  Las personas interesadas en recibir m\u00e1s informaci\u00f3n pueden remitir su CV a la direcci\u00f3n daniel.lorenzo@meltgroup.com Tel\u00e9fono:\u00a0963 919 661 Archivo PDF con toda la informaci\u00f3n\u00a0\u00a0\" \/>\n<meta property=\"og:url\" content=\"https:\/\/comt.cat\/es\/radiologia-valladolid-20200807-2\/\" \/>\n<meta property=\"og:site_name\" content=\"COMT\" \/>\n<meta property=\"article:published_time\" content=\"2020-08-06T22:00:00+00:00\" \/>\n<meta name=\"author\" content=\"comt\" \/>\n<meta name=\"twitter:card\" content=\"summary_large_image\" \/>\n<meta name=\"twitter:label1\" content=\"Escrito por\" \/>\n\t<meta name=\"twitter:data1\" content=\"comt\" \/>\n\t<meta name=\"twitter:label2\" content=\"Tiempo de lectura\" \/>\n\t<meta name=\"twitter:data2\" content=\"1 minuto\" \/>\n<script type=\"application\/ld+json\" class=\"yoast-schema-graph\">{\"@context\":\"https:\\\/\\\/schema.org\",\"@graph\":[{\"@type\":\"Article\",\"@id\":\"https:\\\/\\\/comt.cat\\\/es\\\/radiologia-valladolid-20200807-2\\\/#article\",\"isPartOf\":{\"@id\":\"https:\\\/\\\/comt.cat\\\/es\\\/radiologia-valladolid-20200807-2\\\/\"},\"author\":{\"name\":\"comt\",\"@id\":\"https:\\\/\\\/comt.cat\\\/#\\\/schema\\\/person\\\/e9c884d9eb13a1fd7c15c3899c93dbee\"},\"headline\":\"Radiolog\u00eda (Valladolid)\",\"datePublished\":\"2020-08-06T22:00:00+00:00\",\"mainEntityOfPage\":{\"@id\":\"https:\\\/\\\/comt.cat\\\/es\\\/radiologia-valladolid-20200807-2\\\/\"},\"wordCount\":161,\"commentCount\":0,\"articleSection\":[\"Bolsa de trabajo\"],\"inLanguage\":\"es\",\"potentialAction\":[{\"@type\":\"CommentAction\",\"name\":\"Comment\",\"target\":[\"https:\\\/\\\/comt.cat\\\/es\\\/radiologia-valladolid-20200807-2\\\/#respond\"]}]},{\"@type\":\"WebPage\",\"@id\":\"https:\\\/\\\/comt.cat\\\/es\\\/radiologia-valladolid-20200807-2\\\/\",\"url\":\"https:\\\/\\\/comt.cat\\\/es\\\/radiologia-valladolid-20200807-2\\\/\",\"name\":\"Radiolog\u00eda (Valladolid) - COMT\",\"isPartOf\":{\"@id\":\"https:\\\/\\\/comt.cat\\\/#website\"},\"datePublished\":\"2020-08-06T22:00:00+00:00\",\"author\":{\"@id\":\"https:\\\/\\\/comt.cat\\\/#\\\/schema\\\/person\\\/e9c884d9eb13a1fd7c15c3899c93dbee\"},\"breadcrumb\":{\"@id\":\"https:\\\/\\\/comt.cat\\\/es\\\/radiologia-valladolid-20200807-2\\\/#breadcrumb\"},\"inLanguage\":\"es\",\"potentialAction\":[{\"@type\":\"ReadAction\",\"target\":[\"https:\\\/\\\/comt.cat\\\/es\\\/radiologia-valladolid-20200807-2\\\/\"]}]},{\"@type\":\"BreadcrumbList\",\"@id\":\"https:\\\/\\\/comt.cat\\\/es\\\/radiologia-valladolid-20200807-2\\\/#breadcrumb\",\"itemListElement\":[{\"@type\":\"ListItem\",\"position\":1,\"name\":\"Home\",\"item\":\"https:\\\/\\\/comt.cat\\\/es\\\/\"},{\"@type\":\"ListItem\",\"position\":2,\"name\":\"Radiolog\u00eda (Valladolid)\"}]},{\"@type\":\"WebSite\",\"@id\":\"https:\\\/\\\/comt.cat\\\/#website\",\"url\":\"https:\\\/\\\/comt.cat\\\/\",\"name\":\"COMT\",\"description\":\"Col\u00b7legi de Metges de Tarragona\",\"potentialAction\":[{\"@type\":\"SearchAction\",\"target\":{\"@type\":\"EntryPoint\",\"urlTemplate\":\"https:\\\/\\\/comt.cat\\\/?s={search_term_string}\"},\"query-input\":{\"@type\":\"PropertyValueSpecification\",\"valueRequired\":true,\"valueName\":\"search_term_string\"}}],\"inLanguage\":\"es\"},{\"@type\":\"Person\",\"@id\":\"https:\\\/\\\/comt.cat\\\/#\\\/schema\\\/person\\\/e9c884d9eb13a1fd7c15c3899c93dbee\",\"name\":\"comt\",\"image\":{\"@type\":\"ImageObject\",\"inLanguage\":\"es\",\"@id\":\"https:\\\/\\\/secure.gravatar.com\\\/avatar\\\/4973b6e675aecb45ab4d3cc8daea28d3f2f37d475c99290bc0b7e7fcc73af7be?s=96&d=mm&r=g\",\"url\":\"https:\\\/\\\/secure.gravatar.com\\\/avatar\\\/4973b6e675aecb45ab4d3cc8daea28d3f2f37d475c99290bc0b7e7fcc73af7be?s=96&d=mm&r=g\",\"contentUrl\":\"https:\\\/\\\/secure.gravatar.com\\\/avatar\\\/4973b6e675aecb45ab4d3cc8daea28d3f2f37d475c99290bc0b7e7fcc73af7be?s=96&d=mm&r=g\",\"caption\":\"comt\"},\"url\":\"https:\\\/\\\/comt.cat\\\/es\\\/author\\\/comt\\\/\"}]}<\/script>\n<!-- \/ Yoast SEO plugin. -->","yoast_head_json":{"title":"Radiolog\u00eda (Valladolid) - COMT","robots":{"index":"index","follow":"follow","max-snippet":"max-snippet:-1","max-image-preview":"max-image-preview:large","max-video-preview":"max-video-preview:-1"},"canonical":"https:\/\/comt.cat\/es\/radiologia-valladolid-20200807-2\/","og_locale":"es_ES","og_type":"article","og_title":"Radiolog\u00eda (Valladolid) - COMT","og_description":"Melt Group\u00a0selecciona para Importante empresa del sector un M\u00e9dico Especialista en Radiolog\u00eda para trabajar en uno de sus centros en Valladolid. Requisitos: Imprescindible\u00a0especialidad v\u00eda MIR u Homologada de Radiolog\u00eda, al menos 2 a\u00f1os de experiencia profesional y disponibilidad para residir o desplazarse hasta Valladolid. Se ofrece:  Contrato laboral de car\u00e1cter indefinido. Jornada Completa de 40 Horas semanales. Horario de Lunes a Viernes de Ma\u00f1ana o Tarde. Se realiza una semana al mes de guardia localizada. Se informar\u00eda mediante Teleradiolog\u00eda. Muy atractiva remuneraci\u00f3n, por encima de la media del mercado. Cada acto informado es remunerado (Salario entre 75.000 \u20ac \u2013 100.000 \u20ac brutos anuales) Posibilidad de realizar actividad extra. Plan de carrera Profesional y Plan de Formaci\u00f3n continua por parte de la empresa.  Las personas interesadas en recibir m\u00e1s informaci\u00f3n pueden remitir su CV a la direcci\u00f3n daniel.lorenzo@meltgroup.com Tel\u00e9fono:\u00a0963 919 661 Archivo PDF con toda la informaci\u00f3n\u00a0\u00a0","og_url":"https:\/\/comt.cat\/es\/radiologia-valladolid-20200807-2\/","og_site_name":"COMT","article_published_time":"2020-08-06T22:00:00+00:00","author":"comt","twitter_card":"summary_large_image","twitter_misc":{"Escrito por":"comt","Tiempo de lectura":"1 minuto"},"schema":{"@context":"https:\/\/schema.org","@graph":[{"@type":"Article","@id":"https:\/\/comt.cat\/es\/radiologia-valladolid-20200807-2\/#article","isPartOf":{"@id":"https:\/\/comt.cat\/es\/radiologia-valladolid-20200807-2\/"},"author":{"name":"comt","@id":"https:\/\/comt.cat\/#\/schema\/person\/e9c884d9eb13a1fd7c15c3899c93dbee"},"headline":"Radiolog\u00eda (Valladolid)","datePublished":"2020-08-06T22:00:00+00:00","mainEntityOfPage":{"@id":"https:\/\/comt.cat\/es\/radiologia-valladolid-20200807-2\/"},"wordCount":161,"commentCount":0,"articleSection":["Bolsa de trabajo"],"inLanguage":"es","potentialAction":[{"@type":"CommentAction","name":"Comment","target":["https:\/\/comt.cat\/es\/radiologia-valladolid-20200807-2\/#respond"]}]},{"@type":"WebPage","@id":"https:\/\/comt.cat\/es\/radiologia-valladolid-20200807-2\/","url":"https:\/\/comt.cat\/es\/radiologia-valladolid-20200807-2\/","name":"Radiolog\u00eda (Valladolid) - COMT","isPartOf":{"@id":"https:\/\/comt.cat\/#website"},"datePublished":"2020-08-06T22:00:00+00:00","author":{"@id":"https:\/\/comt.cat\/#\/schema\/person\/e9c884d9eb13a1fd7c15c3899c93dbee"},"breadcrumb":{"@id":"https:\/\/comt.cat\/es\/radiologia-valladolid-20200807-2\/#breadcrumb"},"inLanguage":"es","potentialAction":[{"@type":"ReadAction","target":["https:\/\/comt.cat\/es\/radiologia-valladolid-20200807-2\/"]}]},{"@type":"BreadcrumbList","@id":"https:\/\/comt.cat\/es\/radiologia-valladolid-20200807-2\/#breadcrumb","itemListElement":[{"@type":"ListItem","position":1,"name":"Home","item":"https:\/\/comt.cat\/es\/"},{"@type":"ListItem","position":2,"name":"Radiolog\u00eda (Valladolid)"}]},{"@type":"WebSite","@id":"https:\/\/comt.cat\/#website","url":"https:\/\/comt.cat\/","name":"COMT","description":"Col\u00b7legi de Metges de Tarragona","potentialAction":[{"@type":"SearchAction","target":{"@type":"EntryPoint","urlTemplate":"https:\/\/comt.cat\/?s={search_term_string}"},"query-input":{"@type":"PropertyValueSpecification","valueRequired":true,"valueName":"search_term_string"}}],"inLanguage":"es"},{"@type":"Person","@id":"https:\/\/comt.cat\/#\/schema\/person\/e9c884d9eb13a1fd7c15c3899c93dbee","name":"comt","image":{"@type":"ImageObject","inLanguage":"es","@id":"https:\/\/secure.gravatar.com\/avatar\/4973b6e675aecb45ab4d3cc8daea28d3f2f37d475c99290bc0b7e7fcc73af7be?s=96&d=mm&r=g","url":"https:\/\/secure.gravatar.com\/avatar\/4973b6e675aecb45ab4d3cc8daea28d3f2f37d475c99290bc0b7e7fcc73af7be?s=96&d=mm&r=g","contentUrl":"https:\/\/secure.gravatar.com\/avatar\/4973b6e675aecb45ab4d3cc8daea28d3f2f37d475c99290bc0b7e7fcc73af7be?s=96&d=mm&r=g","caption":"comt"},"url":"https:\/\/comt.cat\/es\/author\/comt\/"}]}},"_links":{"self":[{"href":"https:\/\/comt.cat\/es\/wp-json\/wp\/v2\/posts\/8035","targetHints":{"allow":["GET"]}}],"collection":[{"href":"https:\/\/comt.cat\/es\/wp-json\/wp\/v2\/posts"}],"about":[{"href":"https:\/\/comt.cat\/es\/wp-json\/wp\/v2\/types\/post"}],"author":[{"embeddable":true,"href":"https:\/\/comt.cat\/es\/wp-json\/wp\/v2\/users\/1"}],"replies":[{"embeddable":true,"href":"https:\/\/comt.cat\/es\/wp-json\/wp\/v2\/comments?post=8035"}],"version-history":[{"count":0,"href":"https:\/\/comt.cat\/es\/wp-json\/wp\/v2\/posts\/8035\/revisions"}],"wp:attachment":[{"href":"https:\/\/comt.cat\/es\/wp-json\/wp\/v2\/media?parent=8035"}],"wp:term":[{"taxonomy":"category","embeddable":true,"href":"https:\/\/comt.cat\/es\/wp-json\/wp\/v2\/categories?post=8035"},{"taxonomy":"post_tag","embeddable":true,"href":"https:\/\/comt.cat\/es\/wp-json\/wp\/v2\/tags?post=8035"}],"curies":[{"name":"wp","href":"https:\/\/api.w.org\/{rel}","templated":true}]}}