{"id":8051,"date":"2020-08-24T09:14:54","date_gmt":"2020-08-24T09:14:54","guid":{"rendered":"http:\/\/comt.local\/sense-categoria\/campana-de-difusion-y-sensibilizacion-de-la-marato-de-tv3-dedicada-a-la-covid-19\/"},"modified":"2020-08-24T09:14:54","modified_gmt":"2020-08-24T09:14:54","slug":"campana-de-difusion-y-sensibilizacion-de-la-marato-de-tv3-dedicada-a-la-covid-19","status":"publish","type":"post","link":"https:\/\/comt.cat\/es\/campana-de-difusion-y-sensibilizacion-de-la-marato-de-tv3-dedicada-a-la-covid-19\/","title":{"rendered":"Campa\u00f1a de difusi\u00f3n y sensibilizaci\u00f3n de La Marat\u00f3 de TV3 dedicada a la Covid-19"},"content":{"rendered":"<p>Este a\u00f1o, la 29\u00aa edici\u00f3n de la Marat\u00f3n de TV3, se har\u00e1 el 20 de diciembre y estar\u00e1 dedicada a la Covid-19.<\/p>\n<p>Entre el <strong>13 de octubre y el 20 de diciembre<\/strong>, profesionales de la salud har\u00e1n miles de sesiones divulgativas para acercar a los j\u00f3venes a la realidad m\u00e9dica y humana de la Covid-19 y despertar su esp\u00edritu solidario con las personas afectadas y sus familias .<\/p>\n<p>Las sesiones de divulgaci\u00f3n est\u00e1n dirigidas, principalmente, a centros educativos de secundaria, de bachillerato y a otras entidades sociales, educativas y culturales de toda Catalu\u00f1a y se har\u00e1n en horario de 8.00 a 20.00. Todas las sesiones siguen un protocolo de actuaci\u00f3n y un programa elaborado por la Fundaci\u00f3n, y se desarrollan con el apoyo de material audiovisual creado expresamente.<\/p>\n<p>Para participar como divulgador de esta campa\u00f1a, es necesario rellenar el siguiente formulario con los datos personales: <a href=\"https:\/\/www.ccma.cat\/tv3\/marato\/sessions-divulgatives\/2020\/1810\/\">https:\/\/www.ccma.cat\/tv3\/marato\/sessions-divulgatives\/2020\/1810\/<\/a><\/p>\n<p>Esta informaci\u00f3n \u00fanicamente se utilizar\u00e1 para formalizar de manera adecuada su colaboraci\u00f3n con la cadena. TV3 garantiza que tus datos se tratar\u00e1n de acuerdo con lo establecido en la legislaci\u00f3n vigente en materia de protecci\u00f3n de datos y se adoptar\u00e1n las medidas de seguridad adecuadas. En cualquier momento podr\u00e1s ejercer tus derechos de acceso, rectificaci\u00f3n, cancelaci\u00f3n y oposici\u00f3n por correo electr\u00f3nico a l&#8217;adre\u00e7alopd-conferenciantsmarato@ccma.cat\u00a0<span style=\"font-size: 12.16px;\">o por correo postal a Fundaci\u00f3n La Marat\u00f3 de TV3, calle Jacint Verdaguer 81-08970 Sant Joan Desp\u00ed.<\/span><\/p>\n<p>Para cualquier consulta pueden contactar a trav\u00e9s de: <a href=\"mailto:sessions_divulgatives@ccma.cat\">sessions_divulgatives@ccma.cat<\/a> o bien en el tel\u00e9fono <a href=\"tel:0034935527498\" rel=\"alternate\">935 527 498<\/a><\/p>\n<p>\u00a0<\/p>\n<p style=\"text-align: center;\"><a href=\"\/wp-content\/uploads\/joomla_images\/stories\/NOTA-funcionament-divulgadors-2020TV3.pdf\"> <img decoding=\"async\" style=\"display: block; margin-left: auto; margin-right: auto;\" src=\"\/wp-content\/uploads\/joomla_images\/stories\/Marat\u00f3_2020_TV3.png\" width=\"300\" \/> <\/a><\/p>\n","protected":false},"excerpt":{"rendered":"<p>Este a\u00f1o, la 29\u00aa edici\u00f3n de la Marat\u00f3n de TV3, se har\u00e1 el 20 de diciembre y estar\u00e1 dedicada a la Covid-19.<\/p>\n<p>Entre el <strong>13 de octubre y el 20 de diciembre<\/strong>, profesionales de la salud har\u00e1n miles de sesiones divulgativas para acercar a los j\u00f3venes a la realidad m\u00e9dica y humana de la Covid-19 y despertar su esp\u00edritu solidario con las personas afectadas y sus familias .<\/p>\n<p>Las sesiones de divulgaci\u00f3n est\u00e1n dirigidas, principalmente, a centros educativos de secundaria, de bachillerato y a otras entidades sociales, educativas y culturales de toda Catalu\u00f1a y se har\u00e1n en horario de 8.00 a 20.00. Todas las sesiones siguen un protocolo de actuaci\u00f3n y un programa elaborado por la Fundaci\u00f3n, y se desarrollan con el apoyo de material audiovisual creado expresamente.<\/p>\n<p>Para participar como divulgador de esta campa\u00f1a, es necesario rellenar el siguiente formulario con los datos personales: <a href=\"https:\/\/www.ccma.cat\/tv3\/marato\/sessions-divulgatives\/2020\/1810\/\">https:\/\/www.ccma.cat\/tv3\/marato\/sessions-divulgatives\/2020\/1810\/<\/a><\/p>\n<p>Esta informaci\u00f3n \u00fanicamente se utilizar\u00e1 para formalizar de manera adecuada su colaboraci\u00f3n con la cadena. TV3 garantiza que tus datos se tratar\u00e1n de acuerdo con lo establecido en la legislaci\u00f3n vigente en materia de protecci\u00f3n de datos y se adoptar\u00e1n las medidas de seguridad adecuadas. En cualquier momento podr\u00e1s ejercer tus derechos de acceso, rectificaci\u00f3n, cancelaci\u00f3n y oposici\u00f3n por correo electr\u00f3nico a l&#8217;adre\u00e7alopd-conferenciantsmarato@ccma.cat\u00a0<span style=\"font-size: 12.16px;\">o por correo postal a Fundaci\u00f3n La Marat\u00f3 de TV3, calle Jacint Verdaguer 81-08970 Sant Joan Desp\u00ed.<\/span><\/p>\n<p>Para cualquier consulta pueden contactar a trav\u00e9s de: <a href=\"mailto:sessions_divulgatives@ccma.cat\">sessions_divulgatives@ccma.cat<\/a> o bien en el tel\u00e9fono <a href=\"tel:0034935527498\" rel=\"alternate\">935 527 498<\/a><\/p>\n<p>\u00a0<\/p>\n<p style=\"text-align: center;\"><a href=\"\/wp-content\/uploads\/joomla_images\/stories\/NOTA-funcionament-divulgadors-2020TV3.pdf\"> <img decoding=\"async\" style=\"display: block; margin-left: auto; margin-right: auto;\" src=\"\/wp-content\/uploads\/joomla_images\/stories\/Marat\u00f3_2020_TV3.png\" width=\"300\" \/> <\/a><\/p>\n","protected":false},"author":1,"featured_media":0,"comment_status":"open","ping_status":"open","sticky":false,"template":"","format":"standard","meta":{"footnotes":""},"categories":[276],"tags":[],"class_list":["post-8051","post","type-post","status-publish","format-standard","hentry","category-comt-noticias"],"yoast_head":"<!-- This site is optimized with the Yoast SEO plugin v27.4 - https:\/\/yoast.com\/product\/yoast-seo-wordpress\/ -->\n<title>Campa\u00f1a de difusi\u00f3n y sensibilizaci\u00f3n de La Marat\u00f3 de TV3 dedicada a la Covid-19 - COMT<\/title>\n<meta name=\"robots\" content=\"index, follow, max-snippet:-1, max-image-preview:large, max-video-preview:-1\" \/>\n<link rel=\"canonical\" href=\"https:\/\/comt.cat\/es\/campana-de-difusion-y-sensibilizacion-de-la-marato-de-tv3-dedicada-a-la-covid-19\/\" \/>\n<meta property=\"og:locale\" content=\"es_ES\" \/>\n<meta property=\"og:type\" content=\"article\" \/>\n<meta property=\"og:title\" content=\"Campa\u00f1a de difusi\u00f3n y sensibilizaci\u00f3n de La Marat\u00f3 de TV3 dedicada a la Covid-19 - COMT\" \/>\n<meta property=\"og:description\" content=\"Este a\u00f1o, la 29\u00aa edici\u00f3n de la Marat\u00f3n de TV3, se har\u00e1 el 20 de diciembre y estar\u00e1 dedicada a la Covid-19. Entre el 13 de octubre y el 20 de diciembre, profesionales de la salud har\u00e1n miles de sesiones divulgativas para acercar a los j\u00f3venes a la realidad m\u00e9dica y humana de la Covid-19 y despertar su esp\u00edritu solidario con las personas afectadas y sus familias . Las sesiones de divulgaci\u00f3n est\u00e1n dirigidas, principalmente, a centros educativos de secundaria, de bachillerato y a otras entidades sociales, educativas y culturales de toda Catalu\u00f1a y se har\u00e1n en horario de 8.00 a 20.00. Todas las sesiones siguen un protocolo de actuaci\u00f3n y un programa elaborado por la Fundaci\u00f3n, y se desarrollan con el apoyo de material audiovisual creado expresamente. Para participar como divulgador de esta campa\u00f1a, es necesario rellenar el siguiente formulario con los datos personales: https:\/\/www.ccma.cat\/tv3\/marato\/sessions-divulgatives\/2020\/1810\/ Esta informaci\u00f3n \u00fanicamente se utilizar\u00e1 para formalizar de manera adecuada su colaboraci\u00f3n con la cadena. TV3 garantiza que tus datos se tratar\u00e1n de acuerdo con lo establecido en la legislaci\u00f3n vigente en materia de protecci\u00f3n de datos y se adoptar\u00e1n las medidas de seguridad adecuadas. En cualquier momento podr\u00e1s ejercer tus derechos de acceso, rectificaci\u00f3n, cancelaci\u00f3n y oposici\u00f3n por correo electr\u00f3nico a l&#039;adre\u00e7alopd-conferenciantsmarato@ccma.cat\u00a0o por correo postal a Fundaci\u00f3n La Marat\u00f3 de TV3, calle Jacint Verdaguer 81-08970 Sant Joan Desp\u00ed. Para cualquier consulta pueden contactar a trav\u00e9s de: sessions_divulgatives@ccma.cat o bien en el tel\u00e9fono 935 527 498 \u00a0\" \/>\n<meta property=\"og:url\" content=\"https:\/\/comt.cat\/es\/campana-de-difusion-y-sensibilizacion-de-la-marato-de-tv3-dedicada-a-la-covid-19\/\" \/>\n<meta property=\"og:site_name\" content=\"COMT\" \/>\n<meta property=\"article:published_time\" content=\"2020-08-24T09:14:54+00:00\" \/>\n<meta name=\"author\" content=\"comt\" \/>\n<meta name=\"twitter:card\" content=\"summary_large_image\" \/>\n<meta name=\"twitter:label1\" content=\"Escrito por\" \/>\n\t<meta name=\"twitter:data1\" content=\"comt\" \/>\n\t<meta name=\"twitter:label2\" content=\"Tiempo de lectura\" \/>\n\t<meta name=\"twitter:data2\" content=\"1 minuto\" \/>\n<script type=\"application\/ld+json\" class=\"yoast-schema-graph\">{\"@context\":\"https:\\\/\\\/schema.org\",\"@graph\":[{\"@type\":\"Article\",\"@id\":\"https:\\\/\\\/comt.cat\\\/es\\\/campana-de-difusion-y-sensibilizacion-de-la-marato-de-tv3-dedicada-a-la-covid-19\\\/#article\",\"isPartOf\":{\"@id\":\"https:\\\/\\\/comt.cat\\\/es\\\/campana-de-difusion-y-sensibilizacion-de-la-marato-de-tv3-dedicada-a-la-covid-19\\\/\"},\"author\":{\"name\":\"comt\",\"@id\":\"https:\\\/\\\/comt.cat\\\/#\\\/schema\\\/person\\\/e9c884d9eb13a1fd7c15c3899c93dbee\"},\"headline\":\"Campa\u00f1a de difusi\u00f3n y sensibilizaci\u00f3n de La Marat\u00f3 de TV3 dedicada a la Covid-19\",\"datePublished\":\"2020-08-24T09:14:54+00:00\",\"mainEntityOfPage\":{\"@id\":\"https:\\\/\\\/comt.cat\\\/es\\\/campana-de-difusion-y-sensibilizacion-de-la-marato-de-tv3-dedicada-a-la-covid-19\\\/\"},\"wordCount\":291,\"commentCount\":0,\"articleSection\":[\"Noticias del COMT\"],\"inLanguage\":\"es\",\"potentialAction\":[{\"@type\":\"CommentAction\",\"name\":\"Comment\",\"target\":[\"https:\\\/\\\/comt.cat\\\/es\\\/campana-de-difusion-y-sensibilizacion-de-la-marato-de-tv3-dedicada-a-la-covid-19\\\/#respond\"]}]},{\"@type\":\"WebPage\",\"@id\":\"https:\\\/\\\/comt.cat\\\/es\\\/campana-de-difusion-y-sensibilizacion-de-la-marato-de-tv3-dedicada-a-la-covid-19\\\/\",\"url\":\"https:\\\/\\\/comt.cat\\\/es\\\/campana-de-difusion-y-sensibilizacion-de-la-marato-de-tv3-dedicada-a-la-covid-19\\\/\",\"name\":\"Campa\u00f1a de difusi\u00f3n y sensibilizaci\u00f3n de La Marat\u00f3 de TV3 dedicada a la Covid-19 - COMT\",\"isPartOf\":{\"@id\":\"https:\\\/\\\/comt.cat\\\/#website\"},\"datePublished\":\"2020-08-24T09:14:54+00:00\",\"author\":{\"@id\":\"https:\\\/\\\/comt.cat\\\/#\\\/schema\\\/person\\\/e9c884d9eb13a1fd7c15c3899c93dbee\"},\"breadcrumb\":{\"@id\":\"https:\\\/\\\/comt.cat\\\/es\\\/campana-de-difusion-y-sensibilizacion-de-la-marato-de-tv3-dedicada-a-la-covid-19\\\/#breadcrumb\"},\"inLanguage\":\"es\",\"potentialAction\":[{\"@type\":\"ReadAction\",\"target\":[\"https:\\\/\\\/comt.cat\\\/es\\\/campana-de-difusion-y-sensibilizacion-de-la-marato-de-tv3-dedicada-a-la-covid-19\\\/\"]}]},{\"@type\":\"BreadcrumbList\",\"@id\":\"https:\\\/\\\/comt.cat\\\/es\\\/campana-de-difusion-y-sensibilizacion-de-la-marato-de-tv3-dedicada-a-la-covid-19\\\/#breadcrumb\",\"itemListElement\":[{\"@type\":\"ListItem\",\"position\":1,\"name\":\"Home\",\"item\":\"https:\\\/\\\/comt.cat\\\/es\\\/\"},{\"@type\":\"ListItem\",\"position\":2,\"name\":\"Campa\u00f1a de difusi\u00f3n y sensibilizaci\u00f3n de La Marat\u00f3 de TV3 dedicada a la Covid-19\"}]},{\"@type\":\"WebSite\",\"@id\":\"https:\\\/\\\/comt.cat\\\/#website\",\"url\":\"https:\\\/\\\/comt.cat\\\/\",\"name\":\"COMT\",\"description\":\"Col\u00b7legi de Metges de Tarragona\",\"potentialAction\":[{\"@type\":\"SearchAction\",\"target\":{\"@type\":\"EntryPoint\",\"urlTemplate\":\"https:\\\/\\\/comt.cat\\\/?s={search_term_string}\"},\"query-input\":{\"@type\":\"PropertyValueSpecification\",\"valueRequired\":true,\"valueName\":\"search_term_string\"}}],\"inLanguage\":\"es\"},{\"@type\":\"Person\",\"@id\":\"https:\\\/\\\/comt.cat\\\/#\\\/schema\\\/person\\\/e9c884d9eb13a1fd7c15c3899c93dbee\",\"name\":\"comt\",\"image\":{\"@type\":\"ImageObject\",\"inLanguage\":\"es\",\"@id\":\"https:\\\/\\\/secure.gravatar.com\\\/avatar\\\/4973b6e675aecb45ab4d3cc8daea28d3f2f37d475c99290bc0b7e7fcc73af7be?s=96&d=mm&r=g\",\"url\":\"https:\\\/\\\/secure.gravatar.com\\\/avatar\\\/4973b6e675aecb45ab4d3cc8daea28d3f2f37d475c99290bc0b7e7fcc73af7be?s=96&d=mm&r=g\",\"contentUrl\":\"https:\\\/\\\/secure.gravatar.com\\\/avatar\\\/4973b6e675aecb45ab4d3cc8daea28d3f2f37d475c99290bc0b7e7fcc73af7be?s=96&d=mm&r=g\",\"caption\":\"comt\"},\"url\":\"https:\\\/\\\/comt.cat\\\/es\\\/author\\\/comt\\\/\"}]}<\/script>\n<!-- \/ Yoast SEO plugin. -->","yoast_head_json":{"title":"Campa\u00f1a de difusi\u00f3n y sensibilizaci\u00f3n de La Marat\u00f3 de TV3 dedicada a la Covid-19 - COMT","robots":{"index":"index","follow":"follow","max-snippet":"max-snippet:-1","max-image-preview":"max-image-preview:large","max-video-preview":"max-video-preview:-1"},"canonical":"https:\/\/comt.cat\/es\/campana-de-difusion-y-sensibilizacion-de-la-marato-de-tv3-dedicada-a-la-covid-19\/","og_locale":"es_ES","og_type":"article","og_title":"Campa\u00f1a de difusi\u00f3n y sensibilizaci\u00f3n de La Marat\u00f3 de TV3 dedicada a la Covid-19 - COMT","og_description":"Este a\u00f1o, la 29\u00aa edici\u00f3n de la Marat\u00f3n de TV3, se har\u00e1 el 20 de diciembre y estar\u00e1 dedicada a la Covid-19. Entre el 13 de octubre y el 20 de diciembre, profesionales de la salud har\u00e1n miles de sesiones divulgativas para acercar a los j\u00f3venes a la realidad m\u00e9dica y humana de la Covid-19 y despertar su esp\u00edritu solidario con las personas afectadas y sus familias . Las sesiones de divulgaci\u00f3n est\u00e1n dirigidas, principalmente, a centros educativos de secundaria, de bachillerato y a otras entidades sociales, educativas y culturales de toda Catalu\u00f1a y se har\u00e1n en horario de 8.00 a 20.00. Todas las sesiones siguen un protocolo de actuaci\u00f3n y un programa elaborado por la Fundaci\u00f3n, y se desarrollan con el apoyo de material audiovisual creado expresamente. Para participar como divulgador de esta campa\u00f1a, es necesario rellenar el siguiente formulario con los datos personales: https:\/\/www.ccma.cat\/tv3\/marato\/sessions-divulgatives\/2020\/1810\/ Esta informaci\u00f3n \u00fanicamente se utilizar\u00e1 para formalizar de manera adecuada su colaboraci\u00f3n con la cadena. TV3 garantiza que tus datos se tratar\u00e1n de acuerdo con lo establecido en la legislaci\u00f3n vigente en materia de protecci\u00f3n de datos y se adoptar\u00e1n las medidas de seguridad adecuadas. En cualquier momento podr\u00e1s ejercer tus derechos de acceso, rectificaci\u00f3n, cancelaci\u00f3n y oposici\u00f3n por correo electr\u00f3nico a l'adre\u00e7alopd-conferenciantsmarato@ccma.cat\u00a0o por correo postal a Fundaci\u00f3n La Marat\u00f3 de TV3, calle Jacint Verdaguer 81-08970 Sant Joan Desp\u00ed. Para cualquier consulta pueden contactar a trav\u00e9s de: sessions_divulgatives@ccma.cat o bien en el tel\u00e9fono 935 527 498 \u00a0","og_url":"https:\/\/comt.cat\/es\/campana-de-difusion-y-sensibilizacion-de-la-marato-de-tv3-dedicada-a-la-covid-19\/","og_site_name":"COMT","article_published_time":"2020-08-24T09:14:54+00:00","author":"comt","twitter_card":"summary_large_image","twitter_misc":{"Escrito por":"comt","Tiempo de lectura":"1 minuto"},"schema":{"@context":"https:\/\/schema.org","@graph":[{"@type":"Article","@id":"https:\/\/comt.cat\/es\/campana-de-difusion-y-sensibilizacion-de-la-marato-de-tv3-dedicada-a-la-covid-19\/#article","isPartOf":{"@id":"https:\/\/comt.cat\/es\/campana-de-difusion-y-sensibilizacion-de-la-marato-de-tv3-dedicada-a-la-covid-19\/"},"author":{"name":"comt","@id":"https:\/\/comt.cat\/#\/schema\/person\/e9c884d9eb13a1fd7c15c3899c93dbee"},"headline":"Campa\u00f1a de difusi\u00f3n y sensibilizaci\u00f3n de La Marat\u00f3 de TV3 dedicada a la Covid-19","datePublished":"2020-08-24T09:14:54+00:00","mainEntityOfPage":{"@id":"https:\/\/comt.cat\/es\/campana-de-difusion-y-sensibilizacion-de-la-marato-de-tv3-dedicada-a-la-covid-19\/"},"wordCount":291,"commentCount":0,"articleSection":["Noticias del COMT"],"inLanguage":"es","potentialAction":[{"@type":"CommentAction","name":"Comment","target":["https:\/\/comt.cat\/es\/campana-de-difusion-y-sensibilizacion-de-la-marato-de-tv3-dedicada-a-la-covid-19\/#respond"]}]},{"@type":"WebPage","@id":"https:\/\/comt.cat\/es\/campana-de-difusion-y-sensibilizacion-de-la-marato-de-tv3-dedicada-a-la-covid-19\/","url":"https:\/\/comt.cat\/es\/campana-de-difusion-y-sensibilizacion-de-la-marato-de-tv3-dedicada-a-la-covid-19\/","name":"Campa\u00f1a de difusi\u00f3n y sensibilizaci\u00f3n de La Marat\u00f3 de TV3 dedicada a la Covid-19 - COMT","isPartOf":{"@id":"https:\/\/comt.cat\/#website"},"datePublished":"2020-08-24T09:14:54+00:00","author":{"@id":"https:\/\/comt.cat\/#\/schema\/person\/e9c884d9eb13a1fd7c15c3899c93dbee"},"breadcrumb":{"@id":"https:\/\/comt.cat\/es\/campana-de-difusion-y-sensibilizacion-de-la-marato-de-tv3-dedicada-a-la-covid-19\/#breadcrumb"},"inLanguage":"es","potentialAction":[{"@type":"ReadAction","target":["https:\/\/comt.cat\/es\/campana-de-difusion-y-sensibilizacion-de-la-marato-de-tv3-dedicada-a-la-covid-19\/"]}]},{"@type":"BreadcrumbList","@id":"https:\/\/comt.cat\/es\/campana-de-difusion-y-sensibilizacion-de-la-marato-de-tv3-dedicada-a-la-covid-19\/#breadcrumb","itemListElement":[{"@type":"ListItem","position":1,"name":"Home","item":"https:\/\/comt.cat\/es\/"},{"@type":"ListItem","position":2,"name":"Campa\u00f1a de difusi\u00f3n y sensibilizaci\u00f3n de La Marat\u00f3 de TV3 dedicada a la Covid-19"}]},{"@type":"WebSite","@id":"https:\/\/comt.cat\/#website","url":"https:\/\/comt.cat\/","name":"COMT","description":"Col\u00b7legi de Metges de Tarragona","potentialAction":[{"@type":"SearchAction","target":{"@type":"EntryPoint","urlTemplate":"https:\/\/comt.cat\/?s={search_term_string}"},"query-input":{"@type":"PropertyValueSpecification","valueRequired":true,"valueName":"search_term_string"}}],"inLanguage":"es"},{"@type":"Person","@id":"https:\/\/comt.cat\/#\/schema\/person\/e9c884d9eb13a1fd7c15c3899c93dbee","name":"comt","image":{"@type":"ImageObject","inLanguage":"es","@id":"https:\/\/secure.gravatar.com\/avatar\/4973b6e675aecb45ab4d3cc8daea28d3f2f37d475c99290bc0b7e7fcc73af7be?s=96&d=mm&r=g","url":"https:\/\/secure.gravatar.com\/avatar\/4973b6e675aecb45ab4d3cc8daea28d3f2f37d475c99290bc0b7e7fcc73af7be?s=96&d=mm&r=g","contentUrl":"https:\/\/secure.gravatar.com\/avatar\/4973b6e675aecb45ab4d3cc8daea28d3f2f37d475c99290bc0b7e7fcc73af7be?s=96&d=mm&r=g","caption":"comt"},"url":"https:\/\/comt.cat\/es\/author\/comt\/"}]}},"_links":{"self":[{"href":"https:\/\/comt.cat\/es\/wp-json\/wp\/v2\/posts\/8051","targetHints":{"allow":["GET"]}}],"collection":[{"href":"https:\/\/comt.cat\/es\/wp-json\/wp\/v2\/posts"}],"about":[{"href":"https:\/\/comt.cat\/es\/wp-json\/wp\/v2\/types\/post"}],"author":[{"embeddable":true,"href":"https:\/\/comt.cat\/es\/wp-json\/wp\/v2\/users\/1"}],"replies":[{"embeddable":true,"href":"https:\/\/comt.cat\/es\/wp-json\/wp\/v2\/comments?post=8051"}],"version-history":[{"count":0,"href":"https:\/\/comt.cat\/es\/wp-json\/wp\/v2\/posts\/8051\/revisions"}],"wp:attachment":[{"href":"https:\/\/comt.cat\/es\/wp-json\/wp\/v2\/media?parent=8051"}],"wp:term":[{"taxonomy":"category","embeddable":true,"href":"https:\/\/comt.cat\/es\/wp-json\/wp\/v2\/categories?post=8051"},{"taxonomy":"post_tag","embeddable":true,"href":"https:\/\/comt.cat\/es\/wp-json\/wp\/v2\/tags?post=8051"}],"curies":[{"name":"wp","href":"https:\/\/api.w.org\/{rel}","templated":true}]}}