{"id":8067,"date":"2020-08-07T16:21:54","date_gmt":"2020-08-07T16:21:54","guid":{"rendered":"http:\/\/comt.local\/sense-categoria\/geriatria-medicina-interna-familia-barcelona-2\/"},"modified":"2020-08-07T16:21:54","modified_gmt":"2020-08-07T16:21:54","slug":"geriatria-medicina-interna-familia-barcelona-2","status":"publish","type":"post","link":"https:\/\/comt.cat\/es\/geriatria-medicina-interna-familia-barcelona-2\/","title":{"rendered":"Geriatr\u00eda \/ Medicina interna \/ Familia (Barcelona)"},"content":{"rendered":"<p><strong>\u00bfQuienes somos? Centro p\u00fablico en Barcelona, conectado con hospitales universitarios y atenci\u00f3n primaria. Todas las l\u00edneas de atenci\u00f3n intermedia\/socio-sanitaria, con programas innovadores: subagudos, subagudos oncol\u00f3gicos (integrada con H Vall d\u2019Hebron\/VHIO), rehabilitaci\u00f3n geri\u00e1trica, cuidados paliativos, demencias, h de d\u00eda, hospitalizaci\u00f3n a domicilio geri\u00e1trica y paliativa, geriatr\u00eda territorial. Entorno docente (MIR\/EIR), grupo de investigaci\u00f3n acreditado adscrito al Vall d&#8217;Hebron Institut of Research (VHIR), posibilidad de doctorado v\u00eda UAB.<\/strong><\/p>\n<p><strong>\u00bfQu\u00e9 garantizamos? Integraci\u00f3n en equipo polivalente de 25 adjuntos, trabajo interdisciplinario, posibles rotaciones entre servicios, clima positivo.<\/strong><\/p>\n<p><strong>El web:<\/strong>\u00a0<a href=\"https:\/\/lnkd.in\/dBS6BnE\" target=\"_blank\" rel=\"noopener\">https:\/\/lnkd.in\/dBS6BnE<\/a><\/p>\n<p><strong>Algunos proyectos innovadores:<\/strong>\u00a0<a href=\"https:\/\/lnkd.in\/dTEGknc\" target=\"_blank\" rel=\"noopener\">https:\/\/lnkd.in\/<wbr \/>dTEGknc<\/a>;\u00a0<a href=\"https:\/\/lnkd.in\/dkbr4th\" target=\"_blank\" rel=\"noopener\">https:\/\/lnkd.in\/<wbr \/>dkbr4th<\/a><\/p>\n<p><strong>La investigaci\u00f3n:<\/strong>\u00a0<a href=\"https:\/\/lnkd.in\/drWwPqq\" target=\"_blank\" rel=\"noopener\">https:\/\/lnkd.in\/<wbr \/>drWwPqq<\/a><\/p>\n<p><strong>Requisitos:<\/strong>\u00a0Especialistas en geriatr\u00eda, m. familiar, m. interna u otras especialidades m\u00e9dicas.<\/p>\n<p><strong>Ofrecemos:<\/strong>\u00a0 2 plazas de m\u00e9dico\/a, tiempo completo, contrato indefinido, condiciones SISCAT, 8-16h, flexibilidad para conciliar, n de guardias limitado.<\/p>\n<p><strong>Otros datos de inter\u00e9s:<\/strong><\/p>\n<ul>\n<li>41.456,22 &#8211; 56.295,43 + 32400 EUROS DPO<\/li>\n<li>08.00H A 16.00H GUARDIAS OPCIONALES<\/li>\n<\/ul>\n<p><strong>Contacto:<\/strong> Ana Bel\u00e9n Rodr\u00edguez<\/p>\n<p><strong>Tel\u00e9fono:<\/strong>\u00a0<a href=\"tel:0034932594033\" rel=\"alternate\">932 594 033<\/a><\/p>\n<p><strong>Email:<\/strong>\u00a0<a href=\"mailto:seleccio@perevirgili.cat\" rel=\"alternate\">seleccio@perevirgili.cat<\/a><\/p>\n","protected":false},"excerpt":{"rendered":"<p><strong>\u00bfQuienes somos? Centro p\u00fablico en Barcelona, conectado con hospitales universitarios y atenci\u00f3n primaria. Todas las l\u00edneas de atenci\u00f3n intermedia\/socio-sanitaria, con programas innovadores: subagudos, subagudos oncol\u00f3gicos (integrada con H Vall d\u2019Hebron\/VHIO), rehabilitaci\u00f3n geri\u00e1trica, cuidados paliativos, demencias, h de d\u00eda, hospitalizaci\u00f3n a domicilio geri\u00e1trica y paliativa, geriatr\u00eda territorial. Entorno docente (MIR\/EIR), grupo de investigaci\u00f3n acreditado adscrito al Vall d&#8217;Hebron Institut of Research (VHIR), posibilidad de doctorado v\u00eda UAB.<\/strong><\/p>\n<p><strong>\u00bfQu\u00e9 garantizamos? Integraci\u00f3n en equipo polivalente de 25 adjuntos, trabajo interdisciplinario, posibles rotaciones entre servicios, clima positivo.<\/strong><\/p>\n<p><strong>El web:<\/strong>\u00a0<a href=\"https:\/\/lnkd.in\/dBS6BnE\" target=\"_blank\" rel=\"noopener\">https:\/\/lnkd.in\/dBS6BnE<\/a><\/p>\n<p><strong>Algunos proyectos innovadores:<\/strong>\u00a0<a href=\"https:\/\/lnkd.in\/dTEGknc\" target=\"_blank\" rel=\"noopener\">https:\/\/lnkd.in\/<wbr \/>dTEGknc<\/a>;\u00a0<a href=\"https:\/\/lnkd.in\/dkbr4th\" target=\"_blank\" rel=\"noopener\">https:\/\/lnkd.in\/<wbr \/>dkbr4th<\/a><\/p>\n<p><strong>La investigaci\u00f3n:<\/strong>\u00a0<a href=\"https:\/\/lnkd.in\/drWwPqq\" target=\"_blank\" rel=\"noopener\">https:\/\/lnkd.in\/<wbr \/>drWwPqq<\/a><\/p>\n<p><strong>Requisitos:<\/strong>\u00a0Especialistas en geriatr\u00eda, m. familiar, m. interna u otras especialidades m\u00e9dicas.<\/p>\n<p><strong>Ofrecemos:<\/strong>\u00a0 2 plazas de m\u00e9dico\/a, tiempo completo, contrato indefinido, condiciones SISCAT, 8-16h, flexibilidad para conciliar, n de guardias limitado.<\/p>\n<p><strong>Otros datos de inter\u00e9s:<\/strong><\/p>\n<ul>\n<li>41.456,22 &#8211; 56.295,43 + 32400 EUROS DPO<\/li>\n<li>08.00H A 16.00H GUARDIAS OPCIONALES<\/li>\n<\/ul>\n<p><strong>Contacto:<\/strong> Ana Bel\u00e9n Rodr\u00edguez<\/p>\n<p><strong>Tel\u00e9fono:<\/strong>\u00a0<a href=\"tel:0034932594033\" rel=\"alternate\">932 594 033<\/a><\/p>\n<p><strong>Email:<\/strong>\u00a0<a href=\"mailto:seleccio@perevirgili.cat\" rel=\"alternate\">seleccio@perevirgili.cat<\/a><\/p>\n","protected":false},"author":1,"featured_media":0,"comment_status":"open","ping_status":"open","sticky":false,"template":"","format":"standard","meta":{"footnotes":""},"categories":[161],"tags":[],"class_list":["post-8067","post","type-post","status-publish","format-standard","hentry","category-bolsa-de-trabajo"],"yoast_head":"<!-- This site is optimized with the Yoast SEO plugin v27.4 - https:\/\/yoast.com\/product\/yoast-seo-wordpress\/ -->\n<title>Geriatr\u00eda \/ Medicina interna \/ Familia (Barcelona) - COMT<\/title>\n<meta name=\"robots\" content=\"index, follow, max-snippet:-1, max-image-preview:large, max-video-preview:-1\" \/>\n<link rel=\"canonical\" href=\"https:\/\/comt.cat\/es\/geriatria-medicina-interna-familia-barcelona-2\/\" \/>\n<meta property=\"og:locale\" content=\"es_ES\" \/>\n<meta property=\"og:type\" content=\"article\" \/>\n<meta property=\"og:title\" content=\"Geriatr\u00eda \/ Medicina interna \/ Familia (Barcelona) - COMT\" \/>\n<meta property=\"og:description\" content=\"\u00bfQuienes somos? Centro p\u00fablico en Barcelona, conectado con hospitales universitarios y atenci\u00f3n primaria. Todas las l\u00edneas de atenci\u00f3n intermedia\/socio-sanitaria, con programas innovadores: subagudos, subagudos oncol\u00f3gicos (integrada con H Vall d\u2019Hebron\/VHIO), rehabilitaci\u00f3n geri\u00e1trica, cuidados paliativos, demencias, h de d\u00eda, hospitalizaci\u00f3n a domicilio geri\u00e1trica y paliativa, geriatr\u00eda territorial. Entorno docente (MIR\/EIR), grupo de investigaci\u00f3n acreditado adscrito al Vall d&#039;Hebron Institut of Research (VHIR), posibilidad de doctorado v\u00eda UAB. \u00bfQu\u00e9 garantizamos? Integraci\u00f3n en equipo polivalente de 25 adjuntos, trabajo interdisciplinario, posibles rotaciones entre servicios, clima positivo. El web:\u00a0https:\/\/lnkd.in\/dBS6BnE Algunos proyectos innovadores:\u00a0https:\/\/lnkd.in\/dTEGknc;\u00a0https:\/\/lnkd.in\/dkbr4th La investigaci\u00f3n:\u00a0https:\/\/lnkd.in\/drWwPqq Requisitos:\u00a0Especialistas en geriatr\u00eda, m. familiar, m. interna u otras especialidades m\u00e9dicas. Ofrecemos:\u00a0 2 plazas de m\u00e9dico\/a, tiempo completo, contrato indefinido, condiciones SISCAT, 8-16h, flexibilidad para conciliar, n de guardias limitado. Otros datos de inter\u00e9s:  41.456,22 - 56.295,43 + 32400 EUROS DPO 08.00H A 16.00H GUARDIAS OPCIONALES  Contacto: Ana Bel\u00e9n Rodr\u00edguez Tel\u00e9fono:\u00a0932 594 033 Email:\u00a0seleccio@perevirgili.cat\" \/>\n<meta property=\"og:url\" content=\"https:\/\/comt.cat\/es\/geriatria-medicina-interna-familia-barcelona-2\/\" \/>\n<meta property=\"og:site_name\" content=\"COMT\" \/>\n<meta property=\"article:published_time\" content=\"2020-08-07T16:21:54+00:00\" \/>\n<meta name=\"author\" content=\"comt\" \/>\n<meta name=\"twitter:card\" content=\"summary_large_image\" \/>\n<meta name=\"twitter:label1\" content=\"Escrito por\" \/>\n\t<meta name=\"twitter:data1\" content=\"comt\" \/>\n\t<meta name=\"twitter:label2\" content=\"Tiempo de lectura\" \/>\n\t<meta name=\"twitter:data2\" content=\"1 minuto\" \/>\n<script type=\"application\/ld+json\" class=\"yoast-schema-graph\">{\"@context\":\"https:\\\/\\\/schema.org\",\"@graph\":[{\"@type\":\"Article\",\"@id\":\"https:\\\/\\\/comt.cat\\\/es\\\/geriatria-medicina-interna-familia-barcelona-2\\\/#article\",\"isPartOf\":{\"@id\":\"https:\\\/\\\/comt.cat\\\/es\\\/geriatria-medicina-interna-familia-barcelona-2\\\/\"},\"author\":{\"name\":\"comt\",\"@id\":\"https:\\\/\\\/comt.cat\\\/#\\\/schema\\\/person\\\/e9c884d9eb13a1fd7c15c3899c93dbee\"},\"headline\":\"Geriatr\u00eda \\\/ Medicina interna \\\/ Familia (Barcelona)\",\"datePublished\":\"2020-08-07T16:21:54+00:00\",\"mainEntityOfPage\":{\"@id\":\"https:\\\/\\\/comt.cat\\\/es\\\/geriatria-medicina-interna-familia-barcelona-2\\\/\"},\"wordCount\":193,\"commentCount\":0,\"articleSection\":[\"Bolsa de trabajo\"],\"inLanguage\":\"es\",\"potentialAction\":[{\"@type\":\"CommentAction\",\"name\":\"Comment\",\"target\":[\"https:\\\/\\\/comt.cat\\\/es\\\/geriatria-medicina-interna-familia-barcelona-2\\\/#respond\"]}]},{\"@type\":\"WebPage\",\"@id\":\"https:\\\/\\\/comt.cat\\\/es\\\/geriatria-medicina-interna-familia-barcelona-2\\\/\",\"url\":\"https:\\\/\\\/comt.cat\\\/es\\\/geriatria-medicina-interna-familia-barcelona-2\\\/\",\"name\":\"Geriatr\u00eda \\\/ Medicina interna \\\/ Familia (Barcelona) - COMT\",\"isPartOf\":{\"@id\":\"https:\\\/\\\/comt.cat\\\/#website\"},\"datePublished\":\"2020-08-07T16:21:54+00:00\",\"author\":{\"@id\":\"https:\\\/\\\/comt.cat\\\/#\\\/schema\\\/person\\\/e9c884d9eb13a1fd7c15c3899c93dbee\"},\"breadcrumb\":{\"@id\":\"https:\\\/\\\/comt.cat\\\/es\\\/geriatria-medicina-interna-familia-barcelona-2\\\/#breadcrumb\"},\"inLanguage\":\"es\",\"potentialAction\":[{\"@type\":\"ReadAction\",\"target\":[\"https:\\\/\\\/comt.cat\\\/es\\\/geriatria-medicina-interna-familia-barcelona-2\\\/\"]}]},{\"@type\":\"BreadcrumbList\",\"@id\":\"https:\\\/\\\/comt.cat\\\/es\\\/geriatria-medicina-interna-familia-barcelona-2\\\/#breadcrumb\",\"itemListElement\":[{\"@type\":\"ListItem\",\"position\":1,\"name\":\"Home\",\"item\":\"https:\\\/\\\/comt.cat\\\/es\\\/\"},{\"@type\":\"ListItem\",\"position\":2,\"name\":\"Geriatr\u00eda \\\/ Medicina interna \\\/ Familia (Barcelona)\"}]},{\"@type\":\"WebSite\",\"@id\":\"https:\\\/\\\/comt.cat\\\/#website\",\"url\":\"https:\\\/\\\/comt.cat\\\/\",\"name\":\"COMT\",\"description\":\"Col\u00b7legi de Metges de Tarragona\",\"potentialAction\":[{\"@type\":\"SearchAction\",\"target\":{\"@type\":\"EntryPoint\",\"urlTemplate\":\"https:\\\/\\\/comt.cat\\\/?s={search_term_string}\"},\"query-input\":{\"@type\":\"PropertyValueSpecification\",\"valueRequired\":true,\"valueName\":\"search_term_string\"}}],\"inLanguage\":\"es\"},{\"@type\":\"Person\",\"@id\":\"https:\\\/\\\/comt.cat\\\/#\\\/schema\\\/person\\\/e9c884d9eb13a1fd7c15c3899c93dbee\",\"name\":\"comt\",\"image\":{\"@type\":\"ImageObject\",\"inLanguage\":\"es\",\"@id\":\"https:\\\/\\\/secure.gravatar.com\\\/avatar\\\/4973b6e675aecb45ab4d3cc8daea28d3f2f37d475c99290bc0b7e7fcc73af7be?s=96&d=mm&r=g\",\"url\":\"https:\\\/\\\/secure.gravatar.com\\\/avatar\\\/4973b6e675aecb45ab4d3cc8daea28d3f2f37d475c99290bc0b7e7fcc73af7be?s=96&d=mm&r=g\",\"contentUrl\":\"https:\\\/\\\/secure.gravatar.com\\\/avatar\\\/4973b6e675aecb45ab4d3cc8daea28d3f2f37d475c99290bc0b7e7fcc73af7be?s=96&d=mm&r=g\",\"caption\":\"comt\"},\"url\":\"https:\\\/\\\/comt.cat\\\/es\\\/author\\\/comt\\\/\"}]}<\/script>\n<!-- \/ Yoast SEO plugin. -->","yoast_head_json":{"title":"Geriatr\u00eda \/ Medicina interna \/ Familia (Barcelona) - COMT","robots":{"index":"index","follow":"follow","max-snippet":"max-snippet:-1","max-image-preview":"max-image-preview:large","max-video-preview":"max-video-preview:-1"},"canonical":"https:\/\/comt.cat\/es\/geriatria-medicina-interna-familia-barcelona-2\/","og_locale":"es_ES","og_type":"article","og_title":"Geriatr\u00eda \/ Medicina interna \/ Familia (Barcelona) - COMT","og_description":"\u00bfQuienes somos? Centro p\u00fablico en Barcelona, conectado con hospitales universitarios y atenci\u00f3n primaria. Todas las l\u00edneas de atenci\u00f3n intermedia\/socio-sanitaria, con programas innovadores: subagudos, subagudos oncol\u00f3gicos (integrada con H Vall d\u2019Hebron\/VHIO), rehabilitaci\u00f3n geri\u00e1trica, cuidados paliativos, demencias, h de d\u00eda, hospitalizaci\u00f3n a domicilio geri\u00e1trica y paliativa, geriatr\u00eda territorial. Entorno docente (MIR\/EIR), grupo de investigaci\u00f3n acreditado adscrito al Vall d'Hebron Institut of Research (VHIR), posibilidad de doctorado v\u00eda UAB. \u00bfQu\u00e9 garantizamos? Integraci\u00f3n en equipo polivalente de 25 adjuntos, trabajo interdisciplinario, posibles rotaciones entre servicios, clima positivo. El web:\u00a0https:\/\/lnkd.in\/dBS6BnE Algunos proyectos innovadores:\u00a0https:\/\/lnkd.in\/dTEGknc;\u00a0https:\/\/lnkd.in\/dkbr4th La investigaci\u00f3n:\u00a0https:\/\/lnkd.in\/drWwPqq Requisitos:\u00a0Especialistas en geriatr\u00eda, m. familiar, m. interna u otras especialidades m\u00e9dicas. Ofrecemos:\u00a0 2 plazas de m\u00e9dico\/a, tiempo completo, contrato indefinido, condiciones SISCAT, 8-16h, flexibilidad para conciliar, n de guardias limitado. Otros datos de inter\u00e9s:  41.456,22 - 56.295,43 + 32400 EUROS DPO 08.00H A 16.00H GUARDIAS OPCIONALES  Contacto: Ana Bel\u00e9n Rodr\u00edguez Tel\u00e9fono:\u00a0932 594 033 Email:\u00a0seleccio@perevirgili.cat","og_url":"https:\/\/comt.cat\/es\/geriatria-medicina-interna-familia-barcelona-2\/","og_site_name":"COMT","article_published_time":"2020-08-07T16:21:54+00:00","author":"comt","twitter_card":"summary_large_image","twitter_misc":{"Escrito por":"comt","Tiempo de lectura":"1 minuto"},"schema":{"@context":"https:\/\/schema.org","@graph":[{"@type":"Article","@id":"https:\/\/comt.cat\/es\/geriatria-medicina-interna-familia-barcelona-2\/#article","isPartOf":{"@id":"https:\/\/comt.cat\/es\/geriatria-medicina-interna-familia-barcelona-2\/"},"author":{"name":"comt","@id":"https:\/\/comt.cat\/#\/schema\/person\/e9c884d9eb13a1fd7c15c3899c93dbee"},"headline":"Geriatr\u00eda \/ Medicina interna \/ Familia (Barcelona)","datePublished":"2020-08-07T16:21:54+00:00","mainEntityOfPage":{"@id":"https:\/\/comt.cat\/es\/geriatria-medicina-interna-familia-barcelona-2\/"},"wordCount":193,"commentCount":0,"articleSection":["Bolsa de trabajo"],"inLanguage":"es","potentialAction":[{"@type":"CommentAction","name":"Comment","target":["https:\/\/comt.cat\/es\/geriatria-medicina-interna-familia-barcelona-2\/#respond"]}]},{"@type":"WebPage","@id":"https:\/\/comt.cat\/es\/geriatria-medicina-interna-familia-barcelona-2\/","url":"https:\/\/comt.cat\/es\/geriatria-medicina-interna-familia-barcelona-2\/","name":"Geriatr\u00eda \/ Medicina interna \/ Familia (Barcelona) - COMT","isPartOf":{"@id":"https:\/\/comt.cat\/#website"},"datePublished":"2020-08-07T16:21:54+00:00","author":{"@id":"https:\/\/comt.cat\/#\/schema\/person\/e9c884d9eb13a1fd7c15c3899c93dbee"},"breadcrumb":{"@id":"https:\/\/comt.cat\/es\/geriatria-medicina-interna-familia-barcelona-2\/#breadcrumb"},"inLanguage":"es","potentialAction":[{"@type":"ReadAction","target":["https:\/\/comt.cat\/es\/geriatria-medicina-interna-familia-barcelona-2\/"]}]},{"@type":"BreadcrumbList","@id":"https:\/\/comt.cat\/es\/geriatria-medicina-interna-familia-barcelona-2\/#breadcrumb","itemListElement":[{"@type":"ListItem","position":1,"name":"Home","item":"https:\/\/comt.cat\/es\/"},{"@type":"ListItem","position":2,"name":"Geriatr\u00eda \/ Medicina interna \/ Familia (Barcelona)"}]},{"@type":"WebSite","@id":"https:\/\/comt.cat\/#website","url":"https:\/\/comt.cat\/","name":"COMT","description":"Col\u00b7legi de Metges de Tarragona","potentialAction":[{"@type":"SearchAction","target":{"@type":"EntryPoint","urlTemplate":"https:\/\/comt.cat\/?s={search_term_string}"},"query-input":{"@type":"PropertyValueSpecification","valueRequired":true,"valueName":"search_term_string"}}],"inLanguage":"es"},{"@type":"Person","@id":"https:\/\/comt.cat\/#\/schema\/person\/e9c884d9eb13a1fd7c15c3899c93dbee","name":"comt","image":{"@type":"ImageObject","inLanguage":"es","@id":"https:\/\/secure.gravatar.com\/avatar\/4973b6e675aecb45ab4d3cc8daea28d3f2f37d475c99290bc0b7e7fcc73af7be?s=96&d=mm&r=g","url":"https:\/\/secure.gravatar.com\/avatar\/4973b6e675aecb45ab4d3cc8daea28d3f2f37d475c99290bc0b7e7fcc73af7be?s=96&d=mm&r=g","contentUrl":"https:\/\/secure.gravatar.com\/avatar\/4973b6e675aecb45ab4d3cc8daea28d3f2f37d475c99290bc0b7e7fcc73af7be?s=96&d=mm&r=g","caption":"comt"},"url":"https:\/\/comt.cat\/es\/author\/comt\/"}]}},"_links":{"self":[{"href":"https:\/\/comt.cat\/es\/wp-json\/wp\/v2\/posts\/8067","targetHints":{"allow":["GET"]}}],"collection":[{"href":"https:\/\/comt.cat\/es\/wp-json\/wp\/v2\/posts"}],"about":[{"href":"https:\/\/comt.cat\/es\/wp-json\/wp\/v2\/types\/post"}],"author":[{"embeddable":true,"href":"https:\/\/comt.cat\/es\/wp-json\/wp\/v2\/users\/1"}],"replies":[{"embeddable":true,"href":"https:\/\/comt.cat\/es\/wp-json\/wp\/v2\/comments?post=8067"}],"version-history":[{"count":0,"href":"https:\/\/comt.cat\/es\/wp-json\/wp\/v2\/posts\/8067\/revisions"}],"wp:attachment":[{"href":"https:\/\/comt.cat\/es\/wp-json\/wp\/v2\/media?parent=8067"}],"wp:term":[{"taxonomy":"category","embeddable":true,"href":"https:\/\/comt.cat\/es\/wp-json\/wp\/v2\/categories?post=8067"},{"taxonomy":"post_tag","embeddable":true,"href":"https:\/\/comt.cat\/es\/wp-json\/wp\/v2\/tags?post=8067"}],"curies":[{"name":"wp","href":"https:\/\/api.w.org\/{rel}","templated":true}]}}