{"id":8073,"date":"2020-08-28T11:22:55","date_gmt":"2020-08-28T11:22:55","guid":{"rendered":"http:\/\/comt.local\/sense-categoria\/la-esquizofrenia-el-trastorno-bipolar-y-la-longevidad-comparten-arquitectura-genetica\/"},"modified":"2020-08-28T11:22:55","modified_gmt":"2020-08-28T11:22:55","slug":"la-esquizofrenia-el-trastorno-bipolar-y-la-longevidad-comparten-arquitectura-genetica","status":"publish","type":"post","link":"https:\/\/comt.cat\/es\/la-esquizofrenia-el-trastorno-bipolar-y-la-longevidad-comparten-arquitectura-genetica\/","title":{"rendered":"La esquizofrenia, el trastorno bipolar y la longevidad comparten arquitectura gen\u00e9tica"},"content":{"rendered":"<p>Un estudio del grupo de investigaci\u00f3n del <strong>Hospital Universitario (HU) Instituto Pere Mata<\/strong> aporta evidencias que la <strong>esquizofrenia, el trastorno bipolar y la longevidad comparten arquitectura gen\u00e9tica<\/strong>, ya que hay una amplia superposici\u00f3n entre las dos enfermedades mentales y la longitud de la vida. Adem\u00e1s, el estudio identifica <strong>nuevas variantes gen\u00e9ticas compartidas entre la longevidad y las enfermedades mencionadas<\/strong>.<\/p>\n<p>Estas variantes, en su mayor\u00eda, incrementan el riesgo de padecer la enfermedad a la vez que disminuyen la esperanza de vida y proporciona evidencias de una carga gen\u00e9tica en la mortalidad prematura, especialmente en las personas con esquizofrenia. Este hecho puede tener implicaciones profundas para la comprensi\u00f3n y el tratamiento de la diferencia de mortalidad asociada a este trastorno psiqui\u00e1trico.<\/p>\n<p>Curiosamente, <strong>el estudio ha encontrado que alrededor de una tercera parte de las se\u00f1ales gen\u00e9ticas compartidas con la longevidad protegen de la enfermedad, a la vez que acortan la vida<\/strong>. Este \u00faltimo hallazgo es una evidencia m\u00e1s de la teor\u00eda del antagonismo pleiotr\u00f3pico, seg\u00fan la cual la selecci\u00f3n natural favorece las variantes gen\u00e9ticas que tienen efectos beneficiosos en etapas tempranas de la vida a pesar de sus efectos negativos en etapas m\u00e1s avanzadas de la vida. Es decir, se termina seleccionando a favor una vida m\u00e1s corta, pero sin enfermedad mental.<\/p>\n<p>Hay que tener en cuenta que los trastornos psiqui\u00e1tricos como la esquizofrenia y el trastorno bipolar representan una paradoja evolutiva, ya que presentan fuertes efectos negativos sobre la condici\u00f3n f\u00edsica, como la disminuci\u00f3n de la fecundidad y la mortalidad precoz, pero contin\u00faan con una prevalencia mundial de aproximadamente el 1%.<\/p>\n<p class=\"img_caption none\"><img decoding=\"async\" class=\"caption\" title=\"Gerard Muntan\u00e9 ha sido el encargado de liderar la investigaci\u00f3n.\" src=\"\/wp-content\/uploads\/joomla_images\/stories\/Gerard Muntan\u00e9.jpg\" alt=\"\" width=\"100%\" height=\"auto\" \/><\/p>\n<p>Este estudio del HU Instituto Pere Mata, liderado por el investigador <strong>Gerard Muntan\u00e9<\/strong>, ha sido publicado en la revista especializada \u00abHuman Genetics\u00bb y se enmarca en la la l\u00ednea de investigaci\u00f3n de gen\u00e9tica y evoluci\u00f3n de las enfermedades mentales que realizan los investigadores del HU Instituto Pere Mata vinculados al<strong> Instituto de Investigaci\u00f3n Sanitaria Pere Virgili (IISPV)<\/strong>, profesores de la <strong>Universidad Rovira i Virgili y de la Pompeu Fabra<\/strong>, y miembros del <strong>Centro de Investigaci\u00f3n Biom\u00e9dica en Red de Salud Mental <\/strong>(CIBERSAM).<\/p>\n","protected":false},"excerpt":{"rendered":"<p>Un estudio del grupo de investigaci\u00f3n del <strong>Hospital Universitario (HU) Instituto Pere Mata<\/strong> aporta evidencias que la <strong>esquizofrenia, el trastorno bipolar y la longevidad comparten arquitectura gen\u00e9tica<\/strong>, ya que hay una amplia superposici\u00f3n entre las dos enfermedades mentales y la longitud de la vida. Adem\u00e1s, el estudio identifica <strong>nuevas variantes gen\u00e9ticas compartidas entre la longevidad y las enfermedades mencionadas<\/strong>.<\/p>\n<p>Estas variantes, en su mayor\u00eda, incrementan el riesgo de padecer la enfermedad a la vez que disminuyen la esperanza de vida y proporciona evidencias de una carga gen\u00e9tica en la mortalidad prematura, especialmente en las personas con esquizofrenia. Este hecho puede tener implicaciones profundas para la comprensi\u00f3n y el tratamiento de la diferencia de mortalidad asociada a este trastorno psiqui\u00e1trico.<\/p>\n<p>Curiosamente, <strong>el estudio ha encontrado que alrededor de una tercera parte de las se\u00f1ales gen\u00e9ticas compartidas con la longevidad protegen de la enfermedad, a la vez que acortan la vida<\/strong>. Este \u00faltimo hallazgo es una evidencia m\u00e1s de la teor\u00eda del antagonismo pleiotr\u00f3pico, seg\u00fan la cual la selecci\u00f3n natural favorece las variantes gen\u00e9ticas que tienen efectos beneficiosos en etapas tempranas de la vida a pesar de sus efectos negativos en etapas m\u00e1s avanzadas de la vida. Es decir, se termina seleccionando a favor una vida m\u00e1s corta, pero sin enfermedad mental.<\/p>\n<p>Hay que tener en cuenta que los trastornos psiqui\u00e1tricos como la esquizofrenia y el trastorno bipolar representan una paradoja evolutiva, ya que presentan fuertes efectos negativos sobre la condici\u00f3n f\u00edsica, como la disminuci\u00f3n de la fecundidad y la mortalidad precoz, pero contin\u00faan con una prevalencia mundial de aproximadamente el 1%.<\/p>\n<p class=\"img_caption none\"><img decoding=\"async\" class=\"caption\" title=\"Gerard Muntan\u00e9 ha sido el encargado de liderar la investigaci\u00f3n.\" src=\"\/wp-content\/uploads\/joomla_images\/stories\/Gerard Muntan\u00e9.jpg\" alt=\"\" width=\"100%\" height=\"auto\" \/><\/p>\n<p>Este estudio del HU Instituto Pere Mata, liderado por el investigador <strong>Gerard Muntan\u00e9<\/strong>, ha sido publicado en la revista especializada \u00abHuman Genetics\u00bb y se enmarca en la la l\u00ednea de investigaci\u00f3n de gen\u00e9tica y evoluci\u00f3n de las enfermedades mentales que realizan los investigadores del HU Instituto Pere Mata vinculados al<strong> Instituto de Investigaci\u00f3n Sanitaria Pere Virgili (IISPV)<\/strong>, profesores de la <strong>Universidad Rovira i Virgili y de la Pompeu Fabra<\/strong>, y miembros del <strong>Centro de Investigaci\u00f3n Biom\u00e9dica en Red de Salud Mental <\/strong>(CIBERSAM).<\/p>\n","protected":false},"author":1,"featured_media":0,"comment_status":"open","ping_status":"open","sticky":false,"template":"","format":"standard","meta":{"footnotes":""},"categories":[276],"tags":[],"class_list":["post-8073","post","type-post","status-publish","format-standard","hentry","category-comt-noticias"],"yoast_head":"<!-- This site is optimized with the Yoast SEO plugin v27.4 - https:\/\/yoast.com\/product\/yoast-seo-wordpress\/ -->\n<title>La esquizofrenia, el trastorno bipolar y la longevidad comparten arquitectura gen\u00e9tica - COMT<\/title>\n<meta name=\"robots\" content=\"index, follow, max-snippet:-1, max-image-preview:large, max-video-preview:-1\" \/>\n<link rel=\"canonical\" href=\"https:\/\/comt.cat\/es\/la-esquizofrenia-el-trastorno-bipolar-y-la-longevidad-comparten-arquitectura-genetica\/\" \/>\n<meta property=\"og:locale\" content=\"es_ES\" \/>\n<meta property=\"og:type\" content=\"article\" \/>\n<meta property=\"og:title\" content=\"La esquizofrenia, el trastorno bipolar y la longevidad comparten arquitectura gen\u00e9tica - COMT\" \/>\n<meta property=\"og:description\" content=\"Un estudio del grupo de investigaci\u00f3n del Hospital Universitario (HU) Instituto Pere Mata aporta evidencias que la esquizofrenia, el trastorno bipolar y la longevidad comparten arquitectura gen\u00e9tica, ya que hay una amplia superposici\u00f3n entre las dos enfermedades mentales y la longitud de la vida. Adem\u00e1s, el estudio identifica nuevas variantes gen\u00e9ticas compartidas entre la longevidad y las enfermedades mencionadas. Estas variantes, en su mayor\u00eda, incrementan el riesgo de padecer la enfermedad a la vez que disminuyen la esperanza de vida y proporciona evidencias de una carga gen\u00e9tica en la mortalidad prematura, especialmente en las personas con esquizofrenia. Este hecho puede tener implicaciones profundas para la comprensi\u00f3n y el tratamiento de la diferencia de mortalidad asociada a este trastorno psiqui\u00e1trico. Curiosamente, el estudio ha encontrado que alrededor de una tercera parte de las se\u00f1ales gen\u00e9ticas compartidas con la longevidad protegen de la enfermedad, a la vez que acortan la vida. Este \u00faltimo hallazgo es una evidencia m\u00e1s de la teor\u00eda del antagonismo pleiotr\u00f3pico, seg\u00fan la cual la selecci\u00f3n natural favorece las variantes gen\u00e9ticas que tienen efectos beneficiosos en etapas tempranas de la vida a pesar de sus efectos negativos en etapas m\u00e1s avanzadas de la vida. Es decir, se termina seleccionando a favor una vida m\u00e1s corta, pero sin enfermedad mental. Hay que tener en cuenta que los trastornos psiqui\u00e1tricos como la esquizofrenia y el trastorno bipolar representan una paradoja evolutiva, ya que presentan fuertes efectos negativos sobre la condici\u00f3n f\u00edsica, como la disminuci\u00f3n de la fecundidad y la mortalidad precoz, pero contin\u00faan con una prevalencia mundial de aproximadamente el 1%.  Este estudio del HU Instituto Pere Mata, liderado por el investigador Gerard Muntan\u00e9, ha sido publicado en la revista especializada &quot;Human Genetics&quot; y se enmarca en la la l\u00ednea de investigaci\u00f3n de gen\u00e9tica y evoluci\u00f3n de las enfermedades mentales que realizan los investigadores del HU Instituto Pere Mata vinculados al Instituto de Investigaci\u00f3n Sanitaria Pere Virgili (IISPV), profesores de la Universidad Rovira i Virgili y de la Pompeu Fabra, y miembros del Centro de Investigaci\u00f3n Biom\u00e9dica en Red de Salud Mental (CIBERSAM).\" \/>\n<meta property=\"og:url\" content=\"https:\/\/comt.cat\/es\/la-esquizofrenia-el-trastorno-bipolar-y-la-longevidad-comparten-arquitectura-genetica\/\" \/>\n<meta property=\"og:site_name\" content=\"COMT\" \/>\n<meta property=\"article:published_time\" content=\"2020-08-28T11:22:55+00:00\" \/>\n<meta name=\"author\" content=\"comt\" \/>\n<meta name=\"twitter:card\" content=\"summary_large_image\" \/>\n<meta name=\"twitter:label1\" content=\"Escrito por\" \/>\n\t<meta name=\"twitter:data1\" content=\"comt\" \/>\n\t<meta name=\"twitter:label2\" content=\"Tiempo de lectura\" \/>\n\t<meta name=\"twitter:data2\" content=\"2 minutos\" \/>\n<script type=\"application\/ld+json\" class=\"yoast-schema-graph\">{\"@context\":\"https:\\\/\\\/schema.org\",\"@graph\":[{\"@type\":\"Article\",\"@id\":\"https:\\\/\\\/comt.cat\\\/es\\\/la-esquizofrenia-el-trastorno-bipolar-y-la-longevidad-comparten-arquitectura-genetica\\\/#article\",\"isPartOf\":{\"@id\":\"https:\\\/\\\/comt.cat\\\/es\\\/la-esquizofrenia-el-trastorno-bipolar-y-la-longevidad-comparten-arquitectura-genetica\\\/\"},\"author\":{\"name\":\"comt\",\"@id\":\"https:\\\/\\\/comt.cat\\\/#\\\/schema\\\/person\\\/e9c884d9eb13a1fd7c15c3899c93dbee\"},\"headline\":\"La esquizofrenia, el trastorno bipolar y la longevidad comparten arquitectura gen\u00e9tica\",\"datePublished\":\"2020-08-28T11:22:55+00:00\",\"mainEntityOfPage\":{\"@id\":\"https:\\\/\\\/comt.cat\\\/es\\\/la-esquizofrenia-el-trastorno-bipolar-y-la-longevidad-comparten-arquitectura-genetica\\\/\"},\"wordCount\":384,\"commentCount\":0,\"articleSection\":[\"Noticias del COMT\"],\"inLanguage\":\"es\",\"potentialAction\":[{\"@type\":\"CommentAction\",\"name\":\"Comment\",\"target\":[\"https:\\\/\\\/comt.cat\\\/es\\\/la-esquizofrenia-el-trastorno-bipolar-y-la-longevidad-comparten-arquitectura-genetica\\\/#respond\"]}]},{\"@type\":\"WebPage\",\"@id\":\"https:\\\/\\\/comt.cat\\\/es\\\/la-esquizofrenia-el-trastorno-bipolar-y-la-longevidad-comparten-arquitectura-genetica\\\/\",\"url\":\"https:\\\/\\\/comt.cat\\\/es\\\/la-esquizofrenia-el-trastorno-bipolar-y-la-longevidad-comparten-arquitectura-genetica\\\/\",\"name\":\"La esquizofrenia, el trastorno bipolar y la longevidad comparten arquitectura gen\u00e9tica - COMT\",\"isPartOf\":{\"@id\":\"https:\\\/\\\/comt.cat\\\/#website\"},\"datePublished\":\"2020-08-28T11:22:55+00:00\",\"author\":{\"@id\":\"https:\\\/\\\/comt.cat\\\/#\\\/schema\\\/person\\\/e9c884d9eb13a1fd7c15c3899c93dbee\"},\"breadcrumb\":{\"@id\":\"https:\\\/\\\/comt.cat\\\/es\\\/la-esquizofrenia-el-trastorno-bipolar-y-la-longevidad-comparten-arquitectura-genetica\\\/#breadcrumb\"},\"inLanguage\":\"es\",\"potentialAction\":[{\"@type\":\"ReadAction\",\"target\":[\"https:\\\/\\\/comt.cat\\\/es\\\/la-esquizofrenia-el-trastorno-bipolar-y-la-longevidad-comparten-arquitectura-genetica\\\/\"]}]},{\"@type\":\"BreadcrumbList\",\"@id\":\"https:\\\/\\\/comt.cat\\\/es\\\/la-esquizofrenia-el-trastorno-bipolar-y-la-longevidad-comparten-arquitectura-genetica\\\/#breadcrumb\",\"itemListElement\":[{\"@type\":\"ListItem\",\"position\":1,\"name\":\"Home\",\"item\":\"https:\\\/\\\/comt.cat\\\/es\\\/\"},{\"@type\":\"ListItem\",\"position\":2,\"name\":\"La esquizofrenia, el trastorno bipolar y la longevidad comparten arquitectura gen\u00e9tica\"}]},{\"@type\":\"WebSite\",\"@id\":\"https:\\\/\\\/comt.cat\\\/#website\",\"url\":\"https:\\\/\\\/comt.cat\\\/\",\"name\":\"COMT\",\"description\":\"Col\u00b7legi de Metges de Tarragona\",\"potentialAction\":[{\"@type\":\"SearchAction\",\"target\":{\"@type\":\"EntryPoint\",\"urlTemplate\":\"https:\\\/\\\/comt.cat\\\/?s={search_term_string}\"},\"query-input\":{\"@type\":\"PropertyValueSpecification\",\"valueRequired\":true,\"valueName\":\"search_term_string\"}}],\"inLanguage\":\"es\"},{\"@type\":\"Person\",\"@id\":\"https:\\\/\\\/comt.cat\\\/#\\\/schema\\\/person\\\/e9c884d9eb13a1fd7c15c3899c93dbee\",\"name\":\"comt\",\"image\":{\"@type\":\"ImageObject\",\"inLanguage\":\"es\",\"@id\":\"https:\\\/\\\/secure.gravatar.com\\\/avatar\\\/4973b6e675aecb45ab4d3cc8daea28d3f2f37d475c99290bc0b7e7fcc73af7be?s=96&d=mm&r=g\",\"url\":\"https:\\\/\\\/secure.gravatar.com\\\/avatar\\\/4973b6e675aecb45ab4d3cc8daea28d3f2f37d475c99290bc0b7e7fcc73af7be?s=96&d=mm&r=g\",\"contentUrl\":\"https:\\\/\\\/secure.gravatar.com\\\/avatar\\\/4973b6e675aecb45ab4d3cc8daea28d3f2f37d475c99290bc0b7e7fcc73af7be?s=96&d=mm&r=g\",\"caption\":\"comt\"},\"url\":\"https:\\\/\\\/comt.cat\\\/es\\\/author\\\/comt\\\/\"}]}<\/script>\n<!-- \/ Yoast SEO plugin. -->","yoast_head_json":{"title":"La esquizofrenia, el trastorno bipolar y la longevidad comparten arquitectura gen\u00e9tica - COMT","robots":{"index":"index","follow":"follow","max-snippet":"max-snippet:-1","max-image-preview":"max-image-preview:large","max-video-preview":"max-video-preview:-1"},"canonical":"https:\/\/comt.cat\/es\/la-esquizofrenia-el-trastorno-bipolar-y-la-longevidad-comparten-arquitectura-genetica\/","og_locale":"es_ES","og_type":"article","og_title":"La esquizofrenia, el trastorno bipolar y la longevidad comparten arquitectura gen\u00e9tica - COMT","og_description":"Un estudio del grupo de investigaci\u00f3n del Hospital Universitario (HU) Instituto Pere Mata aporta evidencias que la esquizofrenia, el trastorno bipolar y la longevidad comparten arquitectura gen\u00e9tica, ya que hay una amplia superposici\u00f3n entre las dos enfermedades mentales y la longitud de la vida. Adem\u00e1s, el estudio identifica nuevas variantes gen\u00e9ticas compartidas entre la longevidad y las enfermedades mencionadas. Estas variantes, en su mayor\u00eda, incrementan el riesgo de padecer la enfermedad a la vez que disminuyen la esperanza de vida y proporciona evidencias de una carga gen\u00e9tica en la mortalidad prematura, especialmente en las personas con esquizofrenia. Este hecho puede tener implicaciones profundas para la comprensi\u00f3n y el tratamiento de la diferencia de mortalidad asociada a este trastorno psiqui\u00e1trico. Curiosamente, el estudio ha encontrado que alrededor de una tercera parte de las se\u00f1ales gen\u00e9ticas compartidas con la longevidad protegen de la enfermedad, a la vez que acortan la vida. Este \u00faltimo hallazgo es una evidencia m\u00e1s de la teor\u00eda del antagonismo pleiotr\u00f3pico, seg\u00fan la cual la selecci\u00f3n natural favorece las variantes gen\u00e9ticas que tienen efectos beneficiosos en etapas tempranas de la vida a pesar de sus efectos negativos en etapas m\u00e1s avanzadas de la vida. Es decir, se termina seleccionando a favor una vida m\u00e1s corta, pero sin enfermedad mental. Hay que tener en cuenta que los trastornos psiqui\u00e1tricos como la esquizofrenia y el trastorno bipolar representan una paradoja evolutiva, ya que presentan fuertes efectos negativos sobre la condici\u00f3n f\u00edsica, como la disminuci\u00f3n de la fecundidad y la mortalidad precoz, pero contin\u00faan con una prevalencia mundial de aproximadamente el 1%.  Este estudio del HU Instituto Pere Mata, liderado por el investigador Gerard Muntan\u00e9, ha sido publicado en la revista especializada \"Human Genetics\" y se enmarca en la la l\u00ednea de investigaci\u00f3n de gen\u00e9tica y evoluci\u00f3n de las enfermedades mentales que realizan los investigadores del HU Instituto Pere Mata vinculados al Instituto de Investigaci\u00f3n Sanitaria Pere Virgili (IISPV), profesores de la Universidad Rovira i Virgili y de la Pompeu Fabra, y miembros del Centro de Investigaci\u00f3n Biom\u00e9dica en Red de Salud Mental (CIBERSAM).","og_url":"https:\/\/comt.cat\/es\/la-esquizofrenia-el-trastorno-bipolar-y-la-longevidad-comparten-arquitectura-genetica\/","og_site_name":"COMT","article_published_time":"2020-08-28T11:22:55+00:00","author":"comt","twitter_card":"summary_large_image","twitter_misc":{"Escrito por":"comt","Tiempo de lectura":"2 minutos"},"schema":{"@context":"https:\/\/schema.org","@graph":[{"@type":"Article","@id":"https:\/\/comt.cat\/es\/la-esquizofrenia-el-trastorno-bipolar-y-la-longevidad-comparten-arquitectura-genetica\/#article","isPartOf":{"@id":"https:\/\/comt.cat\/es\/la-esquizofrenia-el-trastorno-bipolar-y-la-longevidad-comparten-arquitectura-genetica\/"},"author":{"name":"comt","@id":"https:\/\/comt.cat\/#\/schema\/person\/e9c884d9eb13a1fd7c15c3899c93dbee"},"headline":"La esquizofrenia, el trastorno bipolar y la longevidad comparten arquitectura gen\u00e9tica","datePublished":"2020-08-28T11:22:55+00:00","mainEntityOfPage":{"@id":"https:\/\/comt.cat\/es\/la-esquizofrenia-el-trastorno-bipolar-y-la-longevidad-comparten-arquitectura-genetica\/"},"wordCount":384,"commentCount":0,"articleSection":["Noticias del COMT"],"inLanguage":"es","potentialAction":[{"@type":"CommentAction","name":"Comment","target":["https:\/\/comt.cat\/es\/la-esquizofrenia-el-trastorno-bipolar-y-la-longevidad-comparten-arquitectura-genetica\/#respond"]}]},{"@type":"WebPage","@id":"https:\/\/comt.cat\/es\/la-esquizofrenia-el-trastorno-bipolar-y-la-longevidad-comparten-arquitectura-genetica\/","url":"https:\/\/comt.cat\/es\/la-esquizofrenia-el-trastorno-bipolar-y-la-longevidad-comparten-arquitectura-genetica\/","name":"La esquizofrenia, el trastorno bipolar y la longevidad comparten arquitectura gen\u00e9tica - COMT","isPartOf":{"@id":"https:\/\/comt.cat\/#website"},"datePublished":"2020-08-28T11:22:55+00:00","author":{"@id":"https:\/\/comt.cat\/#\/schema\/person\/e9c884d9eb13a1fd7c15c3899c93dbee"},"breadcrumb":{"@id":"https:\/\/comt.cat\/es\/la-esquizofrenia-el-trastorno-bipolar-y-la-longevidad-comparten-arquitectura-genetica\/#breadcrumb"},"inLanguage":"es","potentialAction":[{"@type":"ReadAction","target":["https:\/\/comt.cat\/es\/la-esquizofrenia-el-trastorno-bipolar-y-la-longevidad-comparten-arquitectura-genetica\/"]}]},{"@type":"BreadcrumbList","@id":"https:\/\/comt.cat\/es\/la-esquizofrenia-el-trastorno-bipolar-y-la-longevidad-comparten-arquitectura-genetica\/#breadcrumb","itemListElement":[{"@type":"ListItem","position":1,"name":"Home","item":"https:\/\/comt.cat\/es\/"},{"@type":"ListItem","position":2,"name":"La esquizofrenia, el trastorno bipolar y la longevidad comparten arquitectura gen\u00e9tica"}]},{"@type":"WebSite","@id":"https:\/\/comt.cat\/#website","url":"https:\/\/comt.cat\/","name":"COMT","description":"Col\u00b7legi de Metges de Tarragona","potentialAction":[{"@type":"SearchAction","target":{"@type":"EntryPoint","urlTemplate":"https:\/\/comt.cat\/?s={search_term_string}"},"query-input":{"@type":"PropertyValueSpecification","valueRequired":true,"valueName":"search_term_string"}}],"inLanguage":"es"},{"@type":"Person","@id":"https:\/\/comt.cat\/#\/schema\/person\/e9c884d9eb13a1fd7c15c3899c93dbee","name":"comt","image":{"@type":"ImageObject","inLanguage":"es","@id":"https:\/\/secure.gravatar.com\/avatar\/4973b6e675aecb45ab4d3cc8daea28d3f2f37d475c99290bc0b7e7fcc73af7be?s=96&d=mm&r=g","url":"https:\/\/secure.gravatar.com\/avatar\/4973b6e675aecb45ab4d3cc8daea28d3f2f37d475c99290bc0b7e7fcc73af7be?s=96&d=mm&r=g","contentUrl":"https:\/\/secure.gravatar.com\/avatar\/4973b6e675aecb45ab4d3cc8daea28d3f2f37d475c99290bc0b7e7fcc73af7be?s=96&d=mm&r=g","caption":"comt"},"url":"https:\/\/comt.cat\/es\/author\/comt\/"}]}},"_links":{"self":[{"href":"https:\/\/comt.cat\/es\/wp-json\/wp\/v2\/posts\/8073","targetHints":{"allow":["GET"]}}],"collection":[{"href":"https:\/\/comt.cat\/es\/wp-json\/wp\/v2\/posts"}],"about":[{"href":"https:\/\/comt.cat\/es\/wp-json\/wp\/v2\/types\/post"}],"author":[{"embeddable":true,"href":"https:\/\/comt.cat\/es\/wp-json\/wp\/v2\/users\/1"}],"replies":[{"embeddable":true,"href":"https:\/\/comt.cat\/es\/wp-json\/wp\/v2\/comments?post=8073"}],"version-history":[{"count":0,"href":"https:\/\/comt.cat\/es\/wp-json\/wp\/v2\/posts\/8073\/revisions"}],"wp:attachment":[{"href":"https:\/\/comt.cat\/es\/wp-json\/wp\/v2\/media?parent=8073"}],"wp:term":[{"taxonomy":"category","embeddable":true,"href":"https:\/\/comt.cat\/es\/wp-json\/wp\/v2\/categories?post=8073"},{"taxonomy":"post_tag","embeddable":true,"href":"https:\/\/comt.cat\/es\/wp-json\/wp\/v2\/tags?post=8073"}],"curies":[{"name":"wp","href":"https:\/\/api.w.org\/{rel}","templated":true}]}}