{"id":8154,"date":"2020-09-14T09:51:44","date_gmt":"2020-09-14T09:51:44","guid":{"rendered":"http:\/\/comt.local\/sense-categoria\/comunicado-referente-a-las-certificaciones-por-absentismo-laboral\/"},"modified":"2020-09-14T09:51:44","modified_gmt":"2020-09-14T09:51:44","slug":"comunicado-referente-a-las-certificaciones-por-absentismo-laboral","status":"publish","type":"post","link":"https:\/\/comt.cat\/es\/comunicado-referente-a-las-certificaciones-por-absentismo-laboral\/","title":{"rendered":"Comunicado referente a las certificaciones por absentismo escolar"},"content":{"rendered":"<p>\u00a0<\/p>\n<p style=\"text-align: center;\"><img decoding=\"async\" style=\"display: block; margin-left: auto; margin-right: auto; max-width: 500px;\" src=\"\/wp-content\/uploads\/joomla_images\/stories\/logoCOMT_cmyk.png\" width=\"50%\" height=\"auto\" \/><\/p>\n<p>\u00a0<\/p>\n<p>El Colegio Oficial de M\u00e9dicos de Tarragona, en referencia a ciertas consultas recibidas por parte de colegiados alrededor de las dudas que se plantean ante la solicitud de certificados de vulnerabilidad particular de los escolares ante un posible contagio de SARS-CoV2, indica que:<\/p>\n<p>1. Los m\u00e9dicos, en virtud de la Ley est\u00e1n obligados a certificar estados de salud ya sea en un informe cl\u00ednico o bien en un certificado m\u00e9dico oficial. Sin embargo, no existe esta obligaci\u00f3n para proceder a emitir certificados m\u00e9dicos con una finalidad predeterminada, solicitada por el propio paciente, sus padres o su representante legal, y que aparezcan contemplados en el mismo informe o certificado.<\/p>\n<p>2. Ante la demanda o petici\u00f3n por parte de los padres y madres o tutores de los menores de edad, es preciso conocer que la ley no ampara esta petici\u00f3n y que el m\u00e9dico no est\u00e1 capacitado para hacer justificantes escolares, de asistencia o no a los centros escolares.<\/p>\n<p>3. Seg\u00fan la legislaci\u00f3n vigente, las ausencias escolares de los menores de edad s\u00f3lo pueden ser autorizadas o justificadas por sus tutores legales. Los padres, que son quienes ejercen la patria potestad, son los \u00fanicos responsables de las acciones, incluso de car\u00e1cter penal, de sus hijos menores. Por lo tanto, los m\u00e9dicos de la Atenci\u00f3n Primaria no tienen la responsabilidad de justificar faltas escolares. Es competencia de los padres y\/o tutores legales la realizaci\u00f3n de un informe justificativo de la ausencia escolar.<\/p>\n<p>4. La Ley Org\u00e1nica 2\/2006, del 3 de mayo, de Educaci\u00f3n, establece que <em>\u00ablos centros docentes s\u00f3lo pueden pedir datos personales de su alumnado, en la medida que estos sea necesarios para el ejercicio de su funci\u00f3n educativa\u00bb <\/em>y\u00a0que <em>\u00abel derecho a la intimidad es especialmente estricto en lo referente a la salud \u00ab<\/em>.<\/p>\n<p>5. Seg\u00fan el C\u00f3digo de Deontolog\u00eda M\u00e9dica en su art\u00edculo 27, <em>\u00abel secreto profesional m\u00e9dico es inherente al ejercicio de la profesi\u00f3n y un derecho del paciente\u00bb<\/em>.<\/p>\n<p>6. Sea un informe cl\u00ednico o el certificado m\u00e9dico, este s\u00f3lo podr\u00e1 ser emitido como documentos que contienen datos personales de naturaleza sanitaria, y la finalidad es acreditar ante terceros un estado de salud o enfermedad, o un proceso asistencial prestado.<\/p>\n<p>7. En ning\u00fan caso corresponde al m\u00e9dico establecer si el alumno puede o no asistir a su Centro escolar, medida que corresponde a las autoridades educativas y sanitarias.<\/p>\n<p>\u00a0<\/p>\n<p style=\"text-align: center;\"><img decoding=\"async\" style=\"margin: 0 auto; width: 150px !important;\" src=\"\/wp-content\/uploads\/joomla_images\/firmaVizcarro120x150.png\" \/><\/p>\n<p style=\"text-align: center;\"><strong>Fernando Vizcarro<\/strong><br \/> Presidente del COMT<\/p>\n","protected":false},"excerpt":{"rendered":"<p>\u00a0<\/p>\n<p style=\"text-align: center;\"><img decoding=\"async\" style=\"display: block; margin-left: auto; margin-right: auto; max-width: 500px;\" src=\"\/wp-content\/uploads\/joomla_images\/stories\/logoCOMT_cmyk.png\" width=\"50%\" height=\"auto\" \/><\/p>\n<p>\u00a0<\/p>\n<p>El Colegio Oficial de M\u00e9dicos de Tarragona, en referencia a ciertas consultas recibidas por parte de colegiados alrededor de las dudas que se plantean ante la solicitud de certificados de vulnerabilidad particular de los escolares ante un posible contagio de SARS-CoV2, indica que:<\/p>\n<p>1. Los m\u00e9dicos, en virtud de la Ley est\u00e1n obligados a certificar estados de salud ya sea en un informe cl\u00ednico o bien en un certificado m\u00e9dico oficial. Sin embargo, no existe esta obligaci\u00f3n para proceder a emitir certificados m\u00e9dicos con una finalidad predeterminada, solicitada por el propio paciente, sus padres o su representante legal, y que aparezcan contemplados en el mismo informe o certificado.<\/p>\n<p>2. Ante la demanda o petici\u00f3n por parte de los padres y madres o tutores de los menores de edad, es preciso conocer que la ley no ampara esta petici\u00f3n y que el m\u00e9dico no est\u00e1 capacitado para hacer justificantes escolares, de asistencia o no a los centros escolares.<\/p>\n<p>3. Seg\u00fan la legislaci\u00f3n vigente, las ausencias escolares de los menores de edad s\u00f3lo pueden ser autorizadas o justificadas por sus tutores legales. Los padres, que son quienes ejercen la patria potestad, son los \u00fanicos responsables de las acciones, incluso de car\u00e1cter penal, de sus hijos menores. Por lo tanto, los m\u00e9dicos de la Atenci\u00f3n Primaria no tienen la responsabilidad de justificar faltas escolares. Es competencia de los padres y\/o tutores legales la realizaci\u00f3n de un informe justificativo de la ausencia escolar.<\/p>\n<p>4. La Ley Org\u00e1nica 2\/2006, del 3 de mayo, de Educaci\u00f3n, establece que <em>\u00ablos centros docentes s\u00f3lo pueden pedir datos personales de su alumnado, en la medida que estos sea necesarios para el ejercicio de su funci\u00f3n educativa\u00bb <\/em>y\u00a0que <em>\u00abel derecho a la intimidad es especialmente estricto en lo referente a la salud \u00ab<\/em>.<\/p>\n<p>5. Seg\u00fan el C\u00f3digo de Deontolog\u00eda M\u00e9dica en su art\u00edculo 27, <em>\u00abel secreto profesional m\u00e9dico es inherente al ejercicio de la profesi\u00f3n y un derecho del paciente\u00bb<\/em>.<\/p>\n<p>6. Sea un informe cl\u00ednico o el certificado m\u00e9dico, este s\u00f3lo podr\u00e1 ser emitido como documentos que contienen datos personales de naturaleza sanitaria, y la finalidad es acreditar ante terceros un estado de salud o enfermedad, o un proceso asistencial prestado.<\/p>\n<p>7. En ning\u00fan caso corresponde al m\u00e9dico establecer si el alumno puede o no asistir a su Centro escolar, medida que corresponde a las autoridades educativas y sanitarias.<\/p>\n<p>\u00a0<\/p>\n<p style=\"text-align: center;\"><img decoding=\"async\" style=\"margin: 0 auto; width: 150px !important;\" src=\"\/wp-content\/uploads\/joomla_images\/firmaVizcarro120x150.png\" \/><\/p>\n<p style=\"text-align: center;\"><strong>Fernando Vizcarro<\/strong><br \/> Presidente del COMT<\/p>\n","protected":false},"author":1,"featured_media":0,"comment_status":"open","ping_status":"open","sticky":false,"template":"","format":"standard","meta":{"footnotes":""},"categories":[276],"tags":[],"class_list":["post-8154","post","type-post","status-publish","format-standard","hentry","category-comt-noticias"],"yoast_head":"<!-- This site is optimized with the Yoast SEO plugin v27.4 - https:\/\/yoast.com\/product\/yoast-seo-wordpress\/ -->\n<title>Comunicado referente a las certificaciones por absentismo escolar - COMT<\/title>\n<meta name=\"robots\" content=\"index, follow, max-snippet:-1, max-image-preview:large, max-video-preview:-1\" \/>\n<link rel=\"canonical\" href=\"https:\/\/comt.cat\/es\/comunicado-referente-a-las-certificaciones-por-absentismo-laboral\/\" \/>\n<meta property=\"og:locale\" content=\"es_ES\" \/>\n<meta property=\"og:type\" content=\"article\" \/>\n<meta property=\"og:title\" content=\"Comunicado referente a las certificaciones por absentismo escolar - COMT\" \/>\n<meta property=\"og:description\" content=\"\u00a0  \u00a0 El Colegio Oficial de M\u00e9dicos de Tarragona, en referencia a ciertas consultas recibidas por parte de colegiados alrededor de las dudas que se plantean ante la solicitud de certificados de vulnerabilidad particular de los escolares ante un posible contagio de SARS-CoV2, indica que: 1. Los m\u00e9dicos, en virtud de la Ley est\u00e1n obligados a certificar estados de salud ya sea en un informe cl\u00ednico o bien en un certificado m\u00e9dico oficial. Sin embargo, no existe esta obligaci\u00f3n para proceder a emitir certificados m\u00e9dicos con una finalidad predeterminada, solicitada por el propio paciente, sus padres o su representante legal, y que aparezcan contemplados en el mismo informe o certificado. 2. Ante la demanda o petici\u00f3n por parte de los padres y madres o tutores de los menores de edad, es preciso conocer que la ley no ampara esta petici\u00f3n y que el m\u00e9dico no est\u00e1 capacitado para hacer justificantes escolares, de asistencia o no a los centros escolares. 3. Seg\u00fan la legislaci\u00f3n vigente, las ausencias escolares de los menores de edad s\u00f3lo pueden ser autorizadas o justificadas por sus tutores legales. Los padres, que son quienes ejercen la patria potestad, son los \u00fanicos responsables de las acciones, incluso de car\u00e1cter penal, de sus hijos menores. Por lo tanto, los m\u00e9dicos de la Atenci\u00f3n Primaria no tienen la responsabilidad de justificar faltas escolares. Es competencia de los padres y\/o tutores legales la realizaci\u00f3n de un informe justificativo de la ausencia escolar. 4. La Ley Org\u00e1nica 2\/2006, del 3 de mayo, de Educaci\u00f3n, establece que &quot;los centros docentes s\u00f3lo pueden pedir datos personales de su alumnado, en la medida que estos sea necesarios para el ejercicio de su funci\u00f3n educativa&quot; y\u00a0que &quot;el derecho a la intimidad es especialmente estricto en lo referente a la salud &quot;. 5. Seg\u00fan el C\u00f3digo de Deontolog\u00eda M\u00e9dica en su art\u00edculo 27, &quot;el secreto profesional m\u00e9dico es inherente al ejercicio de la profesi\u00f3n y un derecho del paciente&quot;. 6. Sea un informe cl\u00ednico o el certificado m\u00e9dico, este s\u00f3lo podr\u00e1 ser emitido como documentos que contienen datos personales de naturaleza sanitaria, y la finalidad es acreditar ante terceros un estado de salud o enfermedad, o un proceso asistencial prestado. 7. En ning\u00fan caso corresponde al m\u00e9dico establecer si el alumno puede o no asistir a su Centro escolar, medida que corresponde a las autoridades educativas y sanitarias. \u00a0  Fernando Vizcarro Presidente del COMT\" \/>\n<meta property=\"og:url\" content=\"https:\/\/comt.cat\/es\/comunicado-referente-a-las-certificaciones-por-absentismo-laboral\/\" \/>\n<meta property=\"og:site_name\" content=\"COMT\" \/>\n<meta property=\"article:published_time\" content=\"2020-09-14T09:51:44+00:00\" \/>\n<meta name=\"author\" content=\"comt\" \/>\n<meta name=\"twitter:card\" content=\"summary_large_image\" \/>\n<meta name=\"twitter:label1\" content=\"Escrito por\" \/>\n\t<meta name=\"twitter:data1\" content=\"comt\" \/>\n\t<meta name=\"twitter:label2\" content=\"Tiempo de lectura\" \/>\n\t<meta name=\"twitter:data2\" content=\"2 minutos\" \/>\n<script type=\"application\/ld+json\" class=\"yoast-schema-graph\">{\"@context\":\"https:\\\/\\\/schema.org\",\"@graph\":[{\"@type\":\"Article\",\"@id\":\"https:\\\/\\\/comt.cat\\\/es\\\/comunicado-referente-a-las-certificaciones-por-absentismo-laboral\\\/#article\",\"isPartOf\":{\"@id\":\"https:\\\/\\\/comt.cat\\\/es\\\/comunicado-referente-a-las-certificaciones-por-absentismo-laboral\\\/\"},\"author\":{\"name\":\"comt\",\"@id\":\"https:\\\/\\\/comt.cat\\\/#\\\/schema\\\/person\\\/e9c884d9eb13a1fd7c15c3899c93dbee\"},\"headline\":\"Comunicado referente a las certificaciones por absentismo escolar\",\"datePublished\":\"2020-09-14T09:51:44+00:00\",\"mainEntityOfPage\":{\"@id\":\"https:\\\/\\\/comt.cat\\\/es\\\/comunicado-referente-a-las-certificaciones-por-absentismo-laboral\\\/\"},\"wordCount\":426,\"commentCount\":0,\"articleSection\":[\"Noticias del COMT\"],\"inLanguage\":\"es\",\"potentialAction\":[{\"@type\":\"CommentAction\",\"name\":\"Comment\",\"target\":[\"https:\\\/\\\/comt.cat\\\/es\\\/comunicado-referente-a-las-certificaciones-por-absentismo-laboral\\\/#respond\"]}]},{\"@type\":\"WebPage\",\"@id\":\"https:\\\/\\\/comt.cat\\\/es\\\/comunicado-referente-a-las-certificaciones-por-absentismo-laboral\\\/\",\"url\":\"https:\\\/\\\/comt.cat\\\/es\\\/comunicado-referente-a-las-certificaciones-por-absentismo-laboral\\\/\",\"name\":\"Comunicado referente a las certificaciones por absentismo escolar - COMT\",\"isPartOf\":{\"@id\":\"https:\\\/\\\/comt.cat\\\/#website\"},\"datePublished\":\"2020-09-14T09:51:44+00:00\",\"author\":{\"@id\":\"https:\\\/\\\/comt.cat\\\/#\\\/schema\\\/person\\\/e9c884d9eb13a1fd7c15c3899c93dbee\"},\"breadcrumb\":{\"@id\":\"https:\\\/\\\/comt.cat\\\/es\\\/comunicado-referente-a-las-certificaciones-por-absentismo-laboral\\\/#breadcrumb\"},\"inLanguage\":\"es\",\"potentialAction\":[{\"@type\":\"ReadAction\",\"target\":[\"https:\\\/\\\/comt.cat\\\/es\\\/comunicado-referente-a-las-certificaciones-por-absentismo-laboral\\\/\"]}]},{\"@type\":\"BreadcrumbList\",\"@id\":\"https:\\\/\\\/comt.cat\\\/es\\\/comunicado-referente-a-las-certificaciones-por-absentismo-laboral\\\/#breadcrumb\",\"itemListElement\":[{\"@type\":\"ListItem\",\"position\":1,\"name\":\"Home\",\"item\":\"https:\\\/\\\/comt.cat\\\/es\\\/\"},{\"@type\":\"ListItem\",\"position\":2,\"name\":\"Comunicado referente a las certificaciones por absentismo escolar\"}]},{\"@type\":\"WebSite\",\"@id\":\"https:\\\/\\\/comt.cat\\\/#website\",\"url\":\"https:\\\/\\\/comt.cat\\\/\",\"name\":\"COMT\",\"description\":\"Col\u00b7legi de Metges de Tarragona\",\"potentialAction\":[{\"@type\":\"SearchAction\",\"target\":{\"@type\":\"EntryPoint\",\"urlTemplate\":\"https:\\\/\\\/comt.cat\\\/?s={search_term_string}\"},\"query-input\":{\"@type\":\"PropertyValueSpecification\",\"valueRequired\":true,\"valueName\":\"search_term_string\"}}],\"inLanguage\":\"es\"},{\"@type\":\"Person\",\"@id\":\"https:\\\/\\\/comt.cat\\\/#\\\/schema\\\/person\\\/e9c884d9eb13a1fd7c15c3899c93dbee\",\"name\":\"comt\",\"image\":{\"@type\":\"ImageObject\",\"inLanguage\":\"es\",\"@id\":\"https:\\\/\\\/secure.gravatar.com\\\/avatar\\\/4973b6e675aecb45ab4d3cc8daea28d3f2f37d475c99290bc0b7e7fcc73af7be?s=96&d=mm&r=g\",\"url\":\"https:\\\/\\\/secure.gravatar.com\\\/avatar\\\/4973b6e675aecb45ab4d3cc8daea28d3f2f37d475c99290bc0b7e7fcc73af7be?s=96&d=mm&r=g\",\"contentUrl\":\"https:\\\/\\\/secure.gravatar.com\\\/avatar\\\/4973b6e675aecb45ab4d3cc8daea28d3f2f37d475c99290bc0b7e7fcc73af7be?s=96&d=mm&r=g\",\"caption\":\"comt\"},\"url\":\"https:\\\/\\\/comt.cat\\\/es\\\/author\\\/comt\\\/\"}]}<\/script>\n<!-- \/ Yoast SEO plugin. -->","yoast_head_json":{"title":"Comunicado referente a las certificaciones por absentismo escolar - COMT","robots":{"index":"index","follow":"follow","max-snippet":"max-snippet:-1","max-image-preview":"max-image-preview:large","max-video-preview":"max-video-preview:-1"},"canonical":"https:\/\/comt.cat\/es\/comunicado-referente-a-las-certificaciones-por-absentismo-laboral\/","og_locale":"es_ES","og_type":"article","og_title":"Comunicado referente a las certificaciones por absentismo escolar - COMT","og_description":"\u00a0  \u00a0 El Colegio Oficial de M\u00e9dicos de Tarragona, en referencia a ciertas consultas recibidas por parte de colegiados alrededor de las dudas que se plantean ante la solicitud de certificados de vulnerabilidad particular de los escolares ante un posible contagio de SARS-CoV2, indica que: 1. Los m\u00e9dicos, en virtud de la Ley est\u00e1n obligados a certificar estados de salud ya sea en un informe cl\u00ednico o bien en un certificado m\u00e9dico oficial. Sin embargo, no existe esta obligaci\u00f3n para proceder a emitir certificados m\u00e9dicos con una finalidad predeterminada, solicitada por el propio paciente, sus padres o su representante legal, y que aparezcan contemplados en el mismo informe o certificado. 2. Ante la demanda o petici\u00f3n por parte de los padres y madres o tutores de los menores de edad, es preciso conocer que la ley no ampara esta petici\u00f3n y que el m\u00e9dico no est\u00e1 capacitado para hacer justificantes escolares, de asistencia o no a los centros escolares. 3. Seg\u00fan la legislaci\u00f3n vigente, las ausencias escolares de los menores de edad s\u00f3lo pueden ser autorizadas o justificadas por sus tutores legales. Los padres, que son quienes ejercen la patria potestad, son los \u00fanicos responsables de las acciones, incluso de car\u00e1cter penal, de sus hijos menores. Por lo tanto, los m\u00e9dicos de la Atenci\u00f3n Primaria no tienen la responsabilidad de justificar faltas escolares. Es competencia de los padres y\/o tutores legales la realizaci\u00f3n de un informe justificativo de la ausencia escolar. 4. La Ley Org\u00e1nica 2\/2006, del 3 de mayo, de Educaci\u00f3n, establece que \"los centros docentes s\u00f3lo pueden pedir datos personales de su alumnado, en la medida que estos sea necesarios para el ejercicio de su funci\u00f3n educativa\" y\u00a0que \"el derecho a la intimidad es especialmente estricto en lo referente a la salud \". 5. Seg\u00fan el C\u00f3digo de Deontolog\u00eda M\u00e9dica en su art\u00edculo 27, \"el secreto profesional m\u00e9dico es inherente al ejercicio de la profesi\u00f3n y un derecho del paciente\". 6. Sea un informe cl\u00ednico o el certificado m\u00e9dico, este s\u00f3lo podr\u00e1 ser emitido como documentos que contienen datos personales de naturaleza sanitaria, y la finalidad es acreditar ante terceros un estado de salud o enfermedad, o un proceso asistencial prestado. 7. En ning\u00fan caso corresponde al m\u00e9dico establecer si el alumno puede o no asistir a su Centro escolar, medida que corresponde a las autoridades educativas y sanitarias. \u00a0  Fernando Vizcarro Presidente del COMT","og_url":"https:\/\/comt.cat\/es\/comunicado-referente-a-las-certificaciones-por-absentismo-laboral\/","og_site_name":"COMT","article_published_time":"2020-09-14T09:51:44+00:00","author":"comt","twitter_card":"summary_large_image","twitter_misc":{"Escrito por":"comt","Tiempo de lectura":"2 minutos"},"schema":{"@context":"https:\/\/schema.org","@graph":[{"@type":"Article","@id":"https:\/\/comt.cat\/es\/comunicado-referente-a-las-certificaciones-por-absentismo-laboral\/#article","isPartOf":{"@id":"https:\/\/comt.cat\/es\/comunicado-referente-a-las-certificaciones-por-absentismo-laboral\/"},"author":{"name":"comt","@id":"https:\/\/comt.cat\/#\/schema\/person\/e9c884d9eb13a1fd7c15c3899c93dbee"},"headline":"Comunicado referente a las certificaciones por absentismo escolar","datePublished":"2020-09-14T09:51:44+00:00","mainEntityOfPage":{"@id":"https:\/\/comt.cat\/es\/comunicado-referente-a-las-certificaciones-por-absentismo-laboral\/"},"wordCount":426,"commentCount":0,"articleSection":["Noticias del COMT"],"inLanguage":"es","potentialAction":[{"@type":"CommentAction","name":"Comment","target":["https:\/\/comt.cat\/es\/comunicado-referente-a-las-certificaciones-por-absentismo-laboral\/#respond"]}]},{"@type":"WebPage","@id":"https:\/\/comt.cat\/es\/comunicado-referente-a-las-certificaciones-por-absentismo-laboral\/","url":"https:\/\/comt.cat\/es\/comunicado-referente-a-las-certificaciones-por-absentismo-laboral\/","name":"Comunicado referente a las certificaciones por absentismo escolar - COMT","isPartOf":{"@id":"https:\/\/comt.cat\/#website"},"datePublished":"2020-09-14T09:51:44+00:00","author":{"@id":"https:\/\/comt.cat\/#\/schema\/person\/e9c884d9eb13a1fd7c15c3899c93dbee"},"breadcrumb":{"@id":"https:\/\/comt.cat\/es\/comunicado-referente-a-las-certificaciones-por-absentismo-laboral\/#breadcrumb"},"inLanguage":"es","potentialAction":[{"@type":"ReadAction","target":["https:\/\/comt.cat\/es\/comunicado-referente-a-las-certificaciones-por-absentismo-laboral\/"]}]},{"@type":"BreadcrumbList","@id":"https:\/\/comt.cat\/es\/comunicado-referente-a-las-certificaciones-por-absentismo-laboral\/#breadcrumb","itemListElement":[{"@type":"ListItem","position":1,"name":"Home","item":"https:\/\/comt.cat\/es\/"},{"@type":"ListItem","position":2,"name":"Comunicado referente a las certificaciones por absentismo escolar"}]},{"@type":"WebSite","@id":"https:\/\/comt.cat\/#website","url":"https:\/\/comt.cat\/","name":"COMT","description":"Col\u00b7legi de Metges de Tarragona","potentialAction":[{"@type":"SearchAction","target":{"@type":"EntryPoint","urlTemplate":"https:\/\/comt.cat\/?s={search_term_string}"},"query-input":{"@type":"PropertyValueSpecification","valueRequired":true,"valueName":"search_term_string"}}],"inLanguage":"es"},{"@type":"Person","@id":"https:\/\/comt.cat\/#\/schema\/person\/e9c884d9eb13a1fd7c15c3899c93dbee","name":"comt","image":{"@type":"ImageObject","inLanguage":"es","@id":"https:\/\/secure.gravatar.com\/avatar\/4973b6e675aecb45ab4d3cc8daea28d3f2f37d475c99290bc0b7e7fcc73af7be?s=96&d=mm&r=g","url":"https:\/\/secure.gravatar.com\/avatar\/4973b6e675aecb45ab4d3cc8daea28d3f2f37d475c99290bc0b7e7fcc73af7be?s=96&d=mm&r=g","contentUrl":"https:\/\/secure.gravatar.com\/avatar\/4973b6e675aecb45ab4d3cc8daea28d3f2f37d475c99290bc0b7e7fcc73af7be?s=96&d=mm&r=g","caption":"comt"},"url":"https:\/\/comt.cat\/es\/author\/comt\/"}]}},"_links":{"self":[{"href":"https:\/\/comt.cat\/es\/wp-json\/wp\/v2\/posts\/8154","targetHints":{"allow":["GET"]}}],"collection":[{"href":"https:\/\/comt.cat\/es\/wp-json\/wp\/v2\/posts"}],"about":[{"href":"https:\/\/comt.cat\/es\/wp-json\/wp\/v2\/types\/post"}],"author":[{"embeddable":true,"href":"https:\/\/comt.cat\/es\/wp-json\/wp\/v2\/users\/1"}],"replies":[{"embeddable":true,"href":"https:\/\/comt.cat\/es\/wp-json\/wp\/v2\/comments?post=8154"}],"version-history":[{"count":0,"href":"https:\/\/comt.cat\/es\/wp-json\/wp\/v2\/posts\/8154\/revisions"}],"wp:attachment":[{"href":"https:\/\/comt.cat\/es\/wp-json\/wp\/v2\/media?parent=8154"}],"wp:term":[{"taxonomy":"category","embeddable":true,"href":"https:\/\/comt.cat\/es\/wp-json\/wp\/v2\/categories?post=8154"},{"taxonomy":"post_tag","embeddable":true,"href":"https:\/\/comt.cat\/es\/wp-json\/wp\/v2\/tags?post=8154"}],"curies":[{"name":"wp","href":"https:\/\/api.w.org\/{rel}","templated":true}]}}